{"id":14966,"date":"2013-02-07T19:57:49","date_gmt":"2013-02-07T22:57:49","guid":{"rendered":"http:\/\/www.24baires.com\/?p=14966"},"modified":"2013-02-08T13:07:20","modified_gmt":"2013-02-08T16:07:20","slug":"tribilin-tenia-habilitacion-municipal-aunque-el-intendente-posse-lo-habia-negado","status":"publish","type":"post","link":"https:\/\/www.24baires.com\/?p=14966","title":{"rendered":"Tribil\u00edn ten\u00eda habilitaci\u00f3n municipal aunque el Intendente Posse lo hab\u00eda negado"},"content":{"rendered":"<p style=\"text-align: center;\"><img data-recalc-dims=\"1\" loading=\"lazy\" decoding=\"async\" class=\"aligncenter  wp-image-14967\" alt=\"tribilin esquina\" src=\"https:\/\/i0.wp.com\/www.24baires.com\/wp-content\/uploads\/2013\/02\/tribilin-esquina.jpg?resize=560%2C375\" width=\"560\" height=\"375\" \/><\/p>\n<p>Dos concejales de San Isidro descubrieron que el municipio reconoc\u00eda a Tribil\u00edn como \u00abestablecimiento educacional Jard\u00edn Materno Infantil\u00bb desde 2002, cuando lo eximi\u00f3 del pago de tasas.\u00a0<a href=\"http:\/\/www.24baires.com\/locales\/14887-aparecio-posse-y-califico-de-delincuentes-a-responsables-del-jardin-tribilin\/\" target=\"_blank\">Ayer el intendente Gustavo Posse lo neg\u00f3 rotundamente.\u00a0<\/a><!--more--><\/p>\n<p>A contramano de lo expresado ayer por el intendente, Gustavo Posse <a href=\"http:\/\/www.24baires.com\/locales\/14887-aparecio-posse-y-califico-de-delincuentes-a-responsables-del-jardin-tribilin\/\" target=\"_blank\">(ver nota)<\/a>, los concejales Leandro Martin (Frente para la Victoria) y Marcos Hilding Ohlsson (Convocaci\u00f3n por San Isidro) hallaron hoy el decreto 874, de 2002 y publicado en el Bolet\u00edn Oficial.<\/p>\n<p>All\u00ed se exime del pago de tasas \u00abal establecimiento educacional Jard\u00edn Materno Infantil Tribil\u00edn, ubicado en O`Higgins 591\u00bb de ese partido del norte del conurbano.<\/p>\n<p>\u00abSan Isidro tiene un sistema por el cual los establecimientos educativos pueden obtener una eximici\u00f3n de impuestos si ponen a disposici\u00f3n del municipio un 5% de la matr\u00edcula para becas\u201d, explic\u00f3 a T\u00e9lam el concejal Martin.<\/p>\n<p>Esto \u00abimplica que el municipio conoc\u00eda al establecimiento y la actividad que se realizaba en \u00e9l, por lo cual ma\u00f1ana realizaremos un pedido de informe para que se aclare cu\u00e1l era realmente la situaci\u00f3n\u00bb, indic\u00f3.<\/p>\n<p>Hilding Ohlsson detall\u00f3 que en agosto de 2002 su bloque impuls\u00f3 un pedido de informe dentro de la comisi\u00f3n de Educaci\u00f3n para que el municipio entregue un listado de todos los establecimientos de nivel inicial y un detalle de los procesos de control.<\/p>\n<p>\u00abNunca logramos siquiera sacar un dictamen de comisi\u00f3n con el pedido. Para nosotros \u00e9ste es un tema muy importante porque los vecinos se quejan, por un lado de que no hay lugares, y por el otro de que no tienen claro qu\u00e9 jardines est\u00e1n habilitados\u00bb, explic\u00f3.<\/p>\n<p>El intendente de San Isidro, Gustavo Posse, asegur\u00f3 ayer que el jard\u00edn denunciado no ten\u00eda \u00abhabilitaci\u00f3n para funcionar como tal y s\u00f3lo contaba con una aprobaci\u00f3n de presentaci\u00f3n de planos\u00bb.<\/p>\n<p>\u00abSe trataba de personas que actuaban como monotributistas, se estableci\u00f3 un enga\u00f1o a los padres y esto desemboc\u00f3 en la existencia de maltrato\u00bb, dijo Posse, y calific\u00f3 a los responsables del establecimiento como \u00abdelincuentes con una grave patolog\u00eda\u00bb.<\/p>\n<p>Posse asegur\u00f3 que el municipio \u00absolo aprob\u00f3, hace 16 a\u00f1os, los planos del jard\u00edn, pero no hay documentaci\u00f3n sobre habilitaci\u00f3n\u00bb. Tambi\u00e9n justific\u00f3 la ausencia de un seguimiento en \u00abla gran cantidad de centros educativos privados\u00bb que hay en ese partido.<\/p>\n<p>Hernando Sirera, asesor legal del jard\u00edn Tribil\u00edn, asegur\u00f3 hoy que el lugar estaba habilitado e inscripto como jard\u00edn maternal.<br \/>\n\u00abLos directivos me dicen que en 16 a\u00f1os nunca recibieron una notificaci\u00f3n, ni fueron avisados de que deb\u00edan revertir o recomponer esa habilitaci\u00f3n en el orden provincial o municipal\u00bb, expuso Sirera.<\/p>\n<p>Sobre el allanamiento realizado anoche a la guarder\u00eda, a la que la polic\u00eda ingres\u00f3 por la fuerza tras romper la puerta y luego secuestr\u00f3 computadoras y documentaci\u00f3n, el letrado dijo que \u00abnadie solicit\u00f3 las llaves. No nos llamaron\u00bb, afirm\u00f3.<\/p>\n<p>\u00abHoy nos vamos a presentar y estamos a disposici\u00f3n de la justicia para colaborar en lo que sea necesario\u00bb, dijo el abogado y aclar\u00f3 que a\u00fan no tuvo acceso a la causa.<\/p>\n<p>En tanto, la directora general de Cultura y Educaci\u00f3n bonaerense, Nora de Luc\u00eda, abri\u00f3 un sumario administrativo y separ\u00f3 de sus cargos a las inspectoras regional y distrital de San Isidro mientras dure la investigaci\u00f3n por los casos de maltrato.<\/p>\n<p>La suspensi\u00f3n recay\u00f3 sobre la inspectora M\u00f3nica Seal, titular de la Regi\u00f3n IV -que abarca los municipios de San Isidro, San Fernando, Tigre y Vicente L\u00f3pez-, y Patricia Naso, referente distrital de San Isidro.<\/p>\n<p>A su vez, la Direcci\u00f3n de Educaci\u00f3n plante\u00f3 ayer una denuncia penal para que se investigue a las maestras y directivos.<\/p>\n<p>La causa contra el jard\u00edn maternal \u00abTribil\u00edn\u00bb sali\u00f3 a la luz cuando un padre coloc\u00f3 un dispositivo electr\u00f3nico en la mochila de su hija y grab\u00f3 a las maestras, ante la sospecha de que era maltratada.<\/p>\n<p>Los audios revelaron insultos de todo tipo hacia los ni\u00f1os de entre 45 d\u00edas y cinco a\u00f1os de parte de las maestras, y se investiga si los menores recibieron agresiones f\u00edsicas.<\/p>\n<p>Sandra Rodr\u00edguez, madre de uno de los ni\u00f1os que se escucha en ese audio, dijo que su hijo se altera cuando escucha la palabra \u00abagua\u00bb.<\/p>\n<p>\u00abMi hijo es el chiquito al que le dicen `\u00bfquer\u00e9s ir a la pileta?` porque lloraba y a la media hora se le cae la papa y siento que le pegan un cachetazo y llora desesperado y pide `al agua no`. Escucharlo es muy duro\u00bb, relat\u00f3 angustiada.<\/p>\n<p>La semana pr\u00f3xima los ni\u00f1os que asist\u00edan al jard\u00edn Tribil\u00edn ser\u00e1n sometidos a peritajes psicol\u00f3gicos y los especialistas hablar\u00e1n con ellos en C\u00e1mara Gesell, en el marco de la investigaci\u00f3n que se inici\u00f3 en los tribunales de San Isidro.<\/p>\n<p>&nbsp;<\/p>\n<p>&nbsp;<\/p>\n<p>&nbsp;<\/p>\n<p>&nbsp;<\/p>\n<p>&nbsp;<\/p>\n<p>&nbsp;<\/p>\n<p>&nbsp;<\/p>\n","protected":false},"excerpt":{"rendered":"<p>Dos concejales de San Isidro descubrieron que el municipio reconoc\u00eda a Tribil\u00edn como \u00abestablecimiento educacional Jard\u00edn Materno Infantil\u00bb desde 2002, cuando lo eximi\u00f3 del pago de tasas.\u00a0Ayer el intendente Gustavo Posse lo neg\u00f3 rotundamente.\u00a0<\/p>\n","protected":false},"author":11,"featured_media":0,"comment_status":"open","ping_status":"open","sticky":false,"template":"","format":"standard","meta":{"_jetpack_newsletter_access":"","_jetpack_dont_email_post_to_subs":false,"_jetpack_newsletter_tier_id":0,"_jetpack_memberships_contains_paywalled_content":false,"_jetpack_memberships_contains_paid_content":false,"footnotes":""},"categories":[1],"tags":[],"class_list":["post-14966","post","type-post","status-publish","format-standard","hentry","category-sociedad"],"jetpack_featured_media_url":"","jetpack_shortlink":"https:\/\/wp.me\/p2JWE0-3To","jetpack-related-posts":[{"id":15358,"url":"https:\/\/www.24baires.com\/?p=15358","url_meta":{"origin":14966,"position":0},"title":"Denunciar\u00e1n a Posse ante la Justicia por los maltratos en &#8216;Tribil\u00edn&#8217;","author":"AF","date":"11\/02\/2013","format":false,"excerpt":"Las familias afectadas preparan una presentaci\u00f3n por \"incumplimiento de los deberes de funcionario p\u00fablico\", tras descubrirse que el municipio reconoc\u00eda al jard\u00edn \"Tribil\u00edn\" como establecimiento educacional. \"Mientras los nenes sufr\u00edan, Posse paveaba en su despacho\", consideraron. En tanto, un concejal tambi\u00e9n busca responsabilizar a la Provincia. Los padres de los\u2026","rel":"","context":"En \u00abPol\u00edtica\u00bb","block_context":{"text":"Pol\u00edtica","link":"https:\/\/www.24baires.com\/?cat=51"},"img":{"alt_text":"posse tribil\u00edn","src":"https:\/\/i0.wp.com\/www.24baires.com\/wp-content\/uploads\/2013\/02\/posse-tribil%C3%ADn.jpg?resize=350%2C200","width":350,"height":200,"srcset":"https:\/\/i0.wp.com\/www.24baires.com\/wp-content\/uploads\/2013\/02\/posse-tribil%C3%ADn.jpg?resize=350%2C200 1x, https:\/\/i0.wp.com\/www.24baires.com\/wp-content\/uploads\/2013\/02\/posse-tribil%C3%ADn.jpg?resize=525%2C300 1.5x"},"classes":[]},{"id":19002,"url":"https:\/\/www.24baires.com\/?p=19002","url_meta":{"origin":14966,"position":1},"title":"Padres del jard\u00edn &#8216;Tribil\u00edn&#8217; pidieron justicia y apuntaron contra Posse","author":"AF","date":"21\/03\/2013","format":false,"excerpt":"SAN ISIDRO - A pesar de la lluvia, los familiares de las v\u00edctimas del jard\u00edn \u201cTribil\u00edn\u201d se manifestaron frente al establecimiento para protestar por la falta de avances en la causa. Adem\u00e1s, se quejaron por las contradicciones del intendente Gustavo Posse frente al caso. Padres de ni\u00f1os que concurr\u00edan al\u2026","rel":"","context":"En \u00abLocales\u00bb","block_context":{"text":"Locales","link":"https:\/\/www.24baires.com\/?cat=38"},"img":{"alt_text":"","src":"","width":0,"height":0},"classes":[]},{"id":17743,"url":"https:\/\/www.24baires.com\/?p=17743","url_meta":{"origin":14966,"position":2},"title":"Posse deber\u00e1 dar explicaciones sobre el funcionamiento del Jard\u00edn &#8216;Tribil\u00edn&#8217;","author":"AF","date":"07\/03\/2013","format":false,"excerpt":"SAN ISIDRO - El Concejo Deliberante de San Isidro aprob\u00f3 el \u00faltimo mi\u00e9rcoles un pedido de informes para que el intendente Gustavo Posse brinde datos a ese cuerpo sobre el funcionamiento del jard\u00edn de infantes \"Tribil\u00edn\" y poder determinar as\u00ed eventuales responsabilidades ante los casos de maltrato a ni\u00f1os. Durante\u2026","rel":"","context":"En \u00abPol\u00edtica\u00bb","block_context":{"text":"Pol\u00edtica","link":"https:\/\/www.24baires.com\/?cat=51"},"img":{"alt_text":"","src":"","width":0,"height":0},"classes":[]},{"id":52064,"url":"https:\/\/www.24baires.com\/?p=52064","url_meta":{"origin":14966,"position":3},"title":"San Isidro: Denuncian a Posse por hacer campa\u00f1a con fondos municipales","author":"GB","date":"19\/08\/2014","format":false,"excerpt":"Concejales del partido ConVocaci\u00f3n de San Isidro denunciaron que el intendente Gustavo Posse gast\u00f3 tres millones de pesos en cl\u00ednicas de rugby, golf y cocina en la Costa Atl\u00e1ntica, y lo acusan de financiar su campa\u00f1a a gobernador con fondos del municipio. \"Esto no le sirve en nada al vecino\u2026","rel":"","context":"En \u00abLocales\u00bb","block_context":{"text":"Locales","link":"https:\/\/www.24baires.com\/?cat=38"},"img":{"alt_text":"gustavo-posse","src":"https:\/\/i0.wp.com\/www.24baires.com\/wp-content\/uploads\/2014\/01\/gustavo-posse.jpg?resize=350%2C200","width":350,"height":200,"srcset":"https:\/\/i0.wp.com\/www.24baires.com\/wp-content\/uploads\/2014\/01\/gustavo-posse.jpg?resize=350%2C200 1x, https:\/\/i0.wp.com\/www.24baires.com\/wp-content\/uploads\/2014\/01\/gustavo-posse.jpg?resize=525%2C300 1.5x"},"classes":[]},{"id":14738,"url":"https:\/\/www.24baires.com\/?p=14738","url_meta":{"origin":14966,"position":4},"title":"Jard\u00edn del Terror: concejales opositores eval\u00faan elevar pedido de informes a Posse","author":"AF","date":"05\/02\/2013","format":false,"excerpt":"SAN ISIDRO - As\u00ed lo confirm\u00f3 a 24baires.com el edil Leandro Mart\u00edn (FpV-PJ), quien asegur\u00f3 que \u201ces lamentable ver que todav\u00eda en algunos sectores de la sociedad y, en este caso de San Isidro, siga habiendo casos de maltrato infantil. La verdad es que ver a los chicos tan chiquitos\u2026","rel":"","context":"En \u00abSociedad\u00bb","block_context":{"text":"Sociedad","link":"https:\/\/www.24baires.com\/?cat=1"},"img":{"alt_text":"leo martin","src":"https:\/\/i0.wp.com\/www.24baires.com\/wp-content\/uploads\/2013\/02\/leo-martin-300x220.jpg?resize=350%2C200","width":350,"height":200},"classes":[]},{"id":14887,"url":"https:\/\/www.24baires.com\/?p=14887","url_meta":{"origin":14966,"position":5},"title":"Apareci\u00f3 Posse y calific\u00f3 de \u00abdelincuentes\u00bb a responsables del jard\u00edn Tribil\u00edn","author":"Grupo Sierra","date":"06\/02\/2013","format":false,"excerpt":"El intendente de San Isidro apareci\u00f3 y \u00a0confirm\u00f3 que el lugar donde funcionaba el jard\u00edn del horror no estaba habilitado para ejercer ese rol desde hac\u00eda 16 a\u00f1os. El intendente de San Isidro, Gustavo Posse, asegur\u00f3 esta tarde que las personas que estaban al frente del jard\u00edn de infantes \"Tribil\u00edn\",\u2026","rel":"","context":"En \u00abLocales\u00bb","block_context":{"text":"Locales","link":"https:\/\/www.24baires.com\/?cat=38"},"img":{"alt_text":"","src":"","width":0,"height":0},"classes":[]}],"jetpack_sharing_enabled":true,"jetpack_likes_enabled":true,"_links":{"self":[{"href":"https:\/\/www.24baires.com\/index.php?rest_route=\/wp\/v2\/posts\/14966","targetHints":{"allow":["GET"]}}],"collection":[{"href":"https:\/\/www.24baires.com\/index.php?rest_route=\/wp\/v2\/posts"}],"about":[{"href":"https:\/\/www.24baires.com\/index.php?rest_route=\/wp\/v2\/types\/post"}],"author":[{"embeddable":true,"href":"https:\/\/www.24baires.com\/index.php?rest_route=\/wp\/v2\/users\/11"}],"replies":[{"embeddable":true,"href":"https:\/\/www.24baires.com\/index.php?rest_route=%2Fwp%2Fv2%2Fcomments&post=14966"}],"version-history":[{"count":3,"href":"https:\/\/www.24baires.com\/index.php?rest_route=\/wp\/v2\/posts\/14966\/revisions"}],"predecessor-version":[{"id":15034,"href":"https:\/\/www.24baires.com\/index.php?rest_route=\/wp\/v2\/posts\/14966\/revisions\/15034"}],"wp:attachment":[{"href":"https:\/\/www.24baires.com\/index.php?rest_route=%2Fwp%2Fv2%2Fmedia&parent=14966"}],"wp:term":[{"taxonomy":"category","embeddable":true,"href":"https:\/\/www.24baires.com\/index.php?rest_route=%2Fwp%2Fv2%2Fcategories&post=14966"},{"taxonomy":"post_tag","embeddable":true,"href":"https:\/\/www.24baires.com\/index.php?rest_route=%2Fwp%2Fv2%2Ftags&post=14966"}],"curies":[{"name":"wp","href":"https:\/\/api.w.org\/{rel}","templated":true}]}}