{"id":1496,"date":"2012-10-09T10:45:45","date_gmt":"2012-10-09T13:45:45","guid":{"rendered":"http:\/\/www.24baires.com\/?p=1496"},"modified":"2012-10-09T10:45:45","modified_gmt":"2012-10-09T13:45:45","slug":"moyano-cenara-en-necochea","status":"publish","type":"post","link":"https:\/\/www.24baires.com\/?p=1496","title":{"rendered":"Moyano cenar\u00e1 en Necochea"},"content":{"rendered":"<p><img data-recalc-dims=\"1\" loading=\"lazy\" decoding=\"async\" class=\"alignleft size-full wp-image-1497\" title=\"hugomoyano\" src=\"https:\/\/i0.wp.com\/www.24baires.com\/wp-content\/uploads\/2012\/10\/hugomoyano.jpg?resize=170%2C175\" alt=\"\" width=\"170\" height=\"175\" \/>Con la presencia del secretario general de la CGT Azopardo y titular del Sindicato de Choferes de Camiones, Hugo Moyano, asumir\u00e1 la nueva conducci\u00f3n de la CGT y quedar\u00e1 normalizada la conducci\u00f3n de la central obrera de Necochea.<!--more--><\/p>\n<p>En el plenario, previsto para las 18.30 de hoy martes en la sede de la calle 72 entre 51 y 53 de Necochea, ser\u00e1 puesto Mario Lastra al frente de la CGT local, contempl\u00e1ndose que, al tratarse de una \u00fanica lista, se proceda a brind\u00e1rsele el aval por aclamaci\u00f3n.<\/p>\n<p>Adem\u00e1s, asistir\u00e1 el secretario general de la Uni\u00f3n Argentina de Trabajadores Rurales y Estibadores (Uatre), Ger\u00f3nimo Venegas.<\/p>\n<p>Lastra, que pertenece al gremio de los peones rurales, se desempe\u00f1a como delegado regional de este nucleamiento en la actualidad y hace una d\u00e9cada que se encuentra como titular de la CGT de nuestro medio.<\/p>\n<p>Seg\u00fan se inform\u00f3, se escuchar\u00e1n mensajes de Lastra, Venegas y de Moyano, para luego, a las 21.30, servirse una cena en las instalaciones del Club Necopesca en la ribera del R\u00edo Quequ\u00e9n.<\/p>\n","protected":false},"excerpt":{"rendered":"<p>Con la presencia del secretario general de la CGT Azopardo y titular del Sindicato de Choferes de Camiones, Hugo Moyano, asumir\u00e1 la nueva conducci\u00f3n de la CGT y quedar\u00e1 normalizada la conducci\u00f3n de la central obrera de Necochea.<\/p>\n","protected":false},"author":4,"featured_media":0,"comment_status":"open","ping_status":"open","sticky":false,"template":"","format":"standard","meta":{"_jetpack_newsletter_access":"","_jetpack_dont_email_post_to_subs":false,"_jetpack_newsletter_tier_id":0,"_jetpack_memberships_contains_paywalled_content":false,"_jetpack_memberships_contains_paid_content":false,"footnotes":""},"categories":[1],"tags":[],"class_list":["post-1496","post","type-post","status-publish","format-standard","hentry","category-sociedad"],"jetpack_featured_media_url":"","jetpack_shortlink":"https:\/\/wp.me\/p2JWE0-o8","jetpack-related-posts":[{"id":3428,"url":"https:\/\/www.24baires.com\/?p=3428","url_meta":{"origin":1496,"position":0},"title":"Gestionan la creaci\u00f3n de la CGT de Cal\u00f3 en Necochea","author":"AF","date":"27\/10\/2012","format":false,"excerpt":"La CGT que conduce el metal\u00fargico Antonio Cal\u00f3, identificada como Alsina, tendr\u00e1 representaci\u00f3n en Necochea y Quequ\u00e9n. Un grupo de gremios locales se autoconvocaron la semana anterior en la sede del Sindicato Obreros Mar\u00edtimos Unidos (SOMU) y anoche mantuvieron otro encuentro para continuar armando esta central obrera. Estos movimientos se\u2026","rel":"","context":"En \u00abLocales\u00bb","block_context":{"text":"Locales","link":"https:\/\/www.24baires.com\/?cat=38"},"img":{"alt_text":"","src":"https:\/\/i0.wp.com\/www.24baires.com\/wp-content\/uploads\/2012\/10\/cal%C3%B3-300x175.jpg?resize=350%2C200","width":350,"height":200},"classes":[]},{"id":121042,"url":"https:\/\/www.24baires.com\/?p=121042","url_meta":{"origin":1496,"position":1},"title":"Moyano adelant\u00f3 que habr\u00e1 un gran paro general de la CGT","author":"GB","date":"28\/02\/2024","format":false,"excerpt":"El secretario de la central obrera, Pablo Moyano, afirm\u00f3 que frente a los ajustes permanentes de la administraci\u00f3n de Javier Milei habr\u00e1 un \u201cgran paro general\u201d . El secretario general de la CGT, Pablo Moyano, afirm\u00f3 que habr\u00e1 \u201cun gran paro general\u201d de la central obrera en rechazo al \u201crecorte\u2026","rel":"","context":"En \u00abPol\u00edtica\u00bb","block_context":{"text":"Pol\u00edtica","link":"https:\/\/www.24baires.com\/?cat=51"},"img":{"alt_text":"","src":"https:\/\/i0.wp.com\/www.24baires.com\/wp-content\/uploads\/2018\/10\/pablo-moyano.jpg?resize=350%2C200","width":350,"height":200,"srcset":"https:\/\/i0.wp.com\/www.24baires.com\/wp-content\/uploads\/2018\/10\/pablo-moyano.jpg?resize=350%2C200 1x, https:\/\/i0.wp.com\/www.24baires.com\/wp-content\/uploads\/2018\/10\/pablo-moyano.jpg?resize=525%2C300 1.5x, https:\/\/i0.wp.com\/www.24baires.com\/wp-content\/uploads\/2018\/10\/pablo-moyano.jpg?resize=700%2C400 2x"},"classes":[]},{"id":100576,"url":"https:\/\/www.24baires.com\/?p=100576","url_meta":{"origin":1496,"position":2},"title":"Schmid admiti\u00f3 el quiebre en la conducci\u00f3n de la CGT","author":"AF","date":"16\/02\/2018","format":false,"excerpt":"El dirigente sindical y triunviro de la CGT sostuvo que \u201chay que barajar y dar de nuevo\" respecto a la conducci\u00f3n colegiada, aunque se\u00f1al\u00f3 que el hecho de que haya un solo secretario general no resolver\u00e1 las internas. \"Si tomamos decisiones en el colectivo y despu\u00e9s las desconocemos, estamos con\u2026","rel":"","context":"En \u00abLocales\u00bb","block_context":{"text":"Locales","link":"https:\/\/www.24baires.com\/?cat=38"},"img":{"alt_text":"","src":"https:\/\/i0.wp.com\/www.24baires.com\/wp-content\/uploads\/2017\/10\/reunion-cgt.jpg?resize=350%2C200","width":350,"height":200,"srcset":"https:\/\/i0.wp.com\/www.24baires.com\/wp-content\/uploads\/2017\/10\/reunion-cgt.jpg?resize=350%2C200 1x, https:\/\/i0.wp.com\/www.24baires.com\/wp-content\/uploads\/2017\/10\/reunion-cgt.jpg?resize=525%2C300 1.5x"},"classes":[]},{"id":100562,"url":"https:\/\/www.24baires.com\/?p=100562","url_meta":{"origin":1496,"position":3},"title":"Schmid confirm\u00f3 la fractura de la CGT: \u00abCiclo agotado\u00bb","author":"GB","date":"16\/02\/2018","format":false,"excerpt":"Uno de los miembros del triunvirato de la CGT respondi\u00f3 adem\u00e1s si Moyano volver\u00e1 a conducir a la central sindical. El portuario Juan Carlos Schmid confirm\u00f3 que se quebr\u00f3 la CGT. \"Ciclo agotado\" fue la lapidaria definici\u00f3n para calificar la ruptura del triunvirato luego de las desaveniencias en el seno\u2026","rel":"","context":"En \u00abPol\u00edtica\u00bb","block_context":{"text":"Pol\u00edtica","link":"https:\/\/www.24baires.com\/?cat=51"},"img":{"alt_text":"","src":"https:\/\/i0.wp.com\/www.24baires.com\/wp-content\/uploads\/2016\/08\/nueva-cgt.jpg?resize=350%2C200","width":350,"height":200,"srcset":"https:\/\/i0.wp.com\/www.24baires.com\/wp-content\/uploads\/2016\/08\/nueva-cgt.jpg?resize=350%2C200 1x, https:\/\/i0.wp.com\/www.24baires.com\/wp-content\/uploads\/2016\/08\/nueva-cgt.jpg?resize=525%2C300 1.5x"},"classes":[]},{"id":83148,"url":"https:\/\/www.24baires.com\/?p=83148","url_meta":{"origin":1496,"position":4},"title":"Cal\u00f3, Moyano y Barrionuevo debaten la reunificaci\u00f3n de la CGT","author":"AF","date":"26\/05\/2016","format":false,"excerpt":"Los secretarios generales de las CGT Alsina, Azopardo y Azul y Blanca, Antonio Cal\u00f3, Hugo Moyano y Luis Barrionuevo, respectivamente, volver\u00e1n a reunirse esta tarde para continuar los preparativos del comit\u00e9 central confederal convocado para el 3 de junio en el que se plasmar\u00e1 la reunificaci\u00f3n de la central obrera.\u2026","rel":"","context":"En \u00abSociedad\u00bb","block_context":{"text":"Sociedad","link":"https:\/\/www.24baires.com\/?cat=1"},"img":{"alt_text":"barrionuevo moyano cal\u00f3","src":"https:\/\/i0.wp.com\/www.24baires.com\/wp-content\/uploads\/2016\/04\/barrionuevo-moyano-cal%C3%B3.jpg?resize=350%2C200","width":350,"height":200,"srcset":"https:\/\/i0.wp.com\/www.24baires.com\/wp-content\/uploads\/2016\/04\/barrionuevo-moyano-cal%C3%B3.jpg?resize=350%2C200 1x, https:\/\/i0.wp.com\/www.24baires.com\/wp-content\/uploads\/2016\/04\/barrionuevo-moyano-cal%C3%B3.jpg?resize=525%2C300 1.5x"},"classes":[]},{"id":108398,"url":"https:\/\/www.24baires.com\/?p=108398","url_meta":{"origin":1496,"position":5},"title":"Sexto paro de la CGT contra Macri: el moyanismo har\u00e1 ollas populares y la izquierda cortar\u00e1 accesos","author":"GB","date":"27\/05\/2019","format":false,"excerpt":"Ante la presi\u00f3n ejercida por los trabajadores, la Confederaci\u00f3n General del Trabajo convoc\u00f3 a una huelga general de 24 horas para este mi\u00e9rcoles 29. La crisis econ\u00f3mica no toca fondo y los sindicatos combativos exigen medidas para recuperar el poder adquisitivo perdido. Finalmente la Confederaci\u00f3n General del Trabajo (CGT) llevar\u00e1\u2026","rel":"","context":"En \u00abPol\u00edtica\u00bb","block_context":{"text":"Pol\u00edtica","link":"https:\/\/www.24baires.com\/?cat=51"},"img":{"alt_text":"","src":"https:\/\/i0.wp.com\/www.24baires.com\/wp-content\/uploads\/2019\/05\/pobreza-0-300x187.jpg?resize=350%2C200","width":350,"height":200},"classes":[]}],"jetpack_sharing_enabled":true,"jetpack_likes_enabled":true,"_links":{"self":[{"href":"https:\/\/www.24baires.com\/index.php?rest_route=\/wp\/v2\/posts\/1496","targetHints":{"allow":["GET"]}}],"collection":[{"href":"https:\/\/www.24baires.com\/index.php?rest_route=\/wp\/v2\/posts"}],"about":[{"href":"https:\/\/www.24baires.com\/index.php?rest_route=\/wp\/v2\/types\/post"}],"author":[{"embeddable":true,"href":"https:\/\/www.24baires.com\/index.php?rest_route=\/wp\/v2\/users\/4"}],"replies":[{"embeddable":true,"href":"https:\/\/www.24baires.com\/index.php?rest_route=%2Fwp%2Fv2%2Fcomments&post=1496"}],"version-history":[{"count":0,"href":"https:\/\/www.24baires.com\/index.php?rest_route=\/wp\/v2\/posts\/1496\/revisions"}],"wp:attachment":[{"href":"https:\/\/www.24baires.com\/index.php?rest_route=%2Fwp%2Fv2%2Fmedia&parent=1496"}],"wp:term":[{"taxonomy":"category","embeddable":true,"href":"https:\/\/www.24baires.com\/index.php?rest_route=%2Fwp%2Fv2%2Fcategories&post=1496"},{"taxonomy":"post_tag","embeddable":true,"href":"https:\/\/www.24baires.com\/index.php?rest_route=%2Fwp%2Fv2%2Ftags&post=1496"}],"curies":[{"name":"wp","href":"https:\/\/api.w.org\/{rel}","templated":true}]}}