{"id":14957,"date":"2013-02-07T18:57:55","date_gmt":"2013-02-07T21:57:55","guid":{"rendered":"http:\/\/www.24baires.com\/?p=14957"},"modified":"2013-02-07T17:45:09","modified_gmt":"2013-02-07T20:45:09","slug":"yauhar-se-reunio-con-productores-de-la-federacion-agraria","status":"publish","type":"post","link":"https:\/\/www.24baires.com\/?p=14957","title":{"rendered":"Yauhar se reuni\u00f3 con productores de la Federaci\u00f3n Agraria"},"content":{"rendered":"<p>El ministro de Agricultura, Ganader\u00eda y Pesca de la Naci\u00f3n, Norberto Yauhar, recibi\u00f3 hoy a representantes de FECOFE y CAFER, cooperativas pertenecientes a la Federaci\u00f3n Agraria Argentina (FAA), que nuclean a m\u00e1s de 40 mil productores, para hacer un balance del trabajo en el sector a lo largo del 2012 y analizar las proyecciones para este a\u00f1o, en materia de inversiones y nuevos mercados.<!--more--><\/p>\n<p>Al t\u00e9rmino de la reuni\u00f3n, Yauhar manifest\u00f3 que \u201cel cooperativismo tiene un lugar central en este gobierno\u201d, y agreg\u00f3 que \u201ccontinuamos trabajando para abrir nuevos mercados, para que los cooperativistas puedan acceder a ellos, porque el objetivo es apoyar a nuestros productores y al trabajo argentino\u201d.<\/p>\n<p>Por su parte, Jorge Ruiz, titular de CAFER, quien estuvo acompa\u00f1ado por el director suplente de la Federaci\u00f3n Agraria de Entre R\u00edos, Elvio Gu\u00eda, expres\u00f3 que \u201cseguimos articulando pol\u00edticas activas con el Ministerio y eso se est\u00e1 haciendo en todo el pa\u00eds\u201d.<\/p>\n<p>\u201cTrabajamos junto al ministro para generar oportunidades de desarrollo que puedan servir a los productores m\u00e1s j\u00f3venes de la zona n\u00facleo, para que puedan trasladarse a otras regiones, donde hay posibilidades de trabajo y crecimiento\u201d, asegur\u00f3 Ruiz.<\/p>\n<p>En el marco de la mesa de trabajo con las entidades, se destac\u00f3 la necesidad de continuar con el apoyo a los emprendimientos cooperativistas que generen agregado de valor, a trav\u00e9s de Fondos Rotatorios, para aquellos productores que no pueden acceder a cr\u00e9ditos, de cara al crecimiento del sector, para dar respuesta a cuestiones ligadas a las inclemencias clim\u00e1ticas y afianzar as\u00ed la conquista de mercados externos.<\/p>\n<p>Acompa\u00f1aron al ministro, el Jefe de Gabinete del Minagri, Miguel \u00c1ngel Rossetto, y el secretario de Coordinaci\u00f3n Pol\u00edtico-Institucional y Emergencia Agropecuaria, Haroldo Lebed.<\/p>\n<p>Tambi\u00e9n estuvieron presentes en la reuni\u00f3n los representantes del Consejo de Administraci\u00f3n de la Fecofe, Juan Manuel Rossi, Esteban Motta y Alfredo Camilletti.<\/p>\n<p>&nbsp;<\/p>\n<p>&nbsp;<\/p>\n<p>&nbsp;<\/p>\n<p>&nbsp;<\/p>\n<p>&nbsp;<\/p>\n<p>&nbsp;<\/p>\n<p>&nbsp;<\/p>\n<p>&nbsp;<\/p>\n<p>&nbsp;<\/p>\n<p>&nbsp;<\/p>\n<p>&nbsp;<\/p>\n<p>&nbsp;<\/p>\n<p>&nbsp;<\/p>\n<p>&nbsp;<\/p>\n<p>&nbsp;<\/p>\n<p>&nbsp;<\/p>\n<p>&nbsp;<\/p>\n","protected":false},"excerpt":{"rendered":"<p>El ministro de Agricultura, Ganader\u00eda y Pesca de la Naci\u00f3n, Norberto Yauhar, recibi\u00f3 hoy a representantes de FECOFE y CAFER, cooperativas pertenecientes a la Federaci\u00f3n Agraria Argentina (FAA), que nuclean a m\u00e1s de 40 mil productores, para hacer un balance del trabajo en el sector a lo largo del 2012 y analizar las proyecciones para este a\u00f1o, en materia de [&#8230;]<\/p>\n","protected":false},"author":4,"featured_media":0,"comment_status":"open","ping_status":"open","sticky":false,"template":"","format":"standard","meta":{"_jetpack_newsletter_access":"","_jetpack_dont_email_post_to_subs":false,"_jetpack_newsletter_tier_id":0,"_jetpack_memberships_contains_paywalled_content":false,"_jetpack_memberships_contains_paid_content":false,"footnotes":""},"categories":[1],"tags":[],"class_list":["post-14957","post","type-post","status-publish","format-standard","hentry","category-sociedad"],"jetpack_featured_media_url":"","jetpack_shortlink":"https:\/\/wp.me\/p2JWE0-3Tf","jetpack-related-posts":[{"id":31782,"url":"https:\/\/www.24baires.com\/?p=31782","url_meta":{"origin":14957,"position":0},"title":"Yauhar: \u00abBuzzi tuvo que traer una vaca porque no pod\u00eda traer gente\u00bb","author":"AF","date":"13\/09\/2013","format":false,"excerpt":"El ministro de Agricultura, Ganader\u00eda y Pesca de la Naci\u00f3n, Norberto Yauhar, reiter\u00f3 que la protesta tambera de ayer frente a la sede agropecuaria fue \u201cexclusivamente pol\u00edtica\u201d y que \u201cen el mismo momento que se estaba realizando la protesta, nosotros est\u00e1bamos reunidos con pr\u00e1cticamente todo el sector l\u00e1cteo que son\u2026","rel":"","context":"En \u00abPol\u00edtica\u00bb","block_context":{"text":"Pol\u00edtica","link":"https:\/\/www.24baires.com\/?cat=51"},"img":{"alt_text":"","src":"","width":0,"height":0},"classes":[]},{"id":10425,"url":"https:\/\/www.24baires.com\/?p=10425","url_meta":{"origin":14957,"position":1},"title":"\u00abEs la misma Sociedad Rural que hace 4 a\u00f1os dec\u00eda que \u00edbamos a tener que importar carne\u00bb","author":"Grupo Sierra","date":"26\/12\/2012","format":false,"excerpt":"El ministro de Agricultura, Norberto Yauhar,\u00a0\u00a0cuestion\u00f3 el lockout que realizan hoy entidades ganaderas contra la recuperaci\u00f3n del predio de La Rural y record\u00f3 que la venta \"fue absolutamente perjudicial\" para el patrimonio argentino. \"Quienes convocan al paro est\u00e1n mezclando sus intereses pol\u00edticos\", puntualiz\u00f3 Norberto Yauhar en una entrevista realizada por\u2026","rel":"","context":"En \u00abPol\u00edtica\u00bb","block_context":{"text":"Pol\u00edtica","link":"https:\/\/www.24baires.com\/?cat=51"},"img":{"alt_text":"yahuar norberto","src":"https:\/\/i0.wp.com\/www.24baires.com\/wp-content\/uploads\/2012\/12\/yahuar-norberto.jpg?resize=350%2C200","width":350,"height":200,"srcset":"https:\/\/i0.wp.com\/www.24baires.com\/wp-content\/uploads\/2012\/12\/yahuar-norberto.jpg?resize=350%2C200 1x, https:\/\/i0.wp.com\/www.24baires.com\/wp-content\/uploads\/2012\/12\/yahuar-norberto.jpg?resize=525%2C300 1.5x"},"classes":[]},{"id":9469,"url":"https:\/\/www.24baires.com\/?p=9469","url_meta":{"origin":14957,"position":2},"title":"Productores del sudoeste bonaerense desmienten a Arl\u00eda y a Arrieta","author":"AF","date":"17\/12\/2012","format":false,"excerpt":"Productores del sudoeste bonaerense nucleados en la Federaci\u00f3n Agraria Argentina salieron a desmentir a los ministros de Agrarios de Naci\u00f3n y Provincia, Norberto Yauhar y Gustavo Arrieta, respectivamente, quienes hab\u00edan afirmado que \u201cel productor se siente acompa\u00f1ado, protegido por el Estado\u201d. Roberto Molini, director titular del distrito XI explic\u00f3 que\u2026","rel":"","context":"En \u00abPol\u00edtica\u00bb","block_context":{"text":"Pol\u00edtica","link":"https:\/\/www.24baires.com\/?cat=51"},"img":{"alt_text":"","src":"","width":0,"height":0},"classes":[]},{"id":20263,"url":"https:\/\/www.24baires.com\/?p=20263","url_meta":{"origin":14957,"position":3},"title":"Productores agropecuarios recibir\u00e1n ayuda de Naci\u00f3n y Provincia","author":"AF","date":"05\/04\/2013","format":false,"excerpt":"El ministro de Asuntos Agrarios de la Provincia de Buenos Aires, Gustavo\u00a0Arrieta se reuni\u00f3 esta ma\u00f1ana con el Secretario de Coordinaci\u00f3n\u00a0Pol\u00edtico-Institucional y Emergencia Agropecuaria del Ministerio de\u00a0Agricultura Ganader\u00eda y Pesca de la Naci\u00f3n Haroldo Lebed, para avanzar en la\u00a0articulaci\u00f3n de asistencia a los peque\u00f1os productores periurbanos afectados\u00a0tras la tormenta de\u2026","rel":"","context":"En \u00abEconom\u00eda\u00bb","block_context":{"text":"Econom\u00eda","link":"https:\/\/www.24baires.com\/?cat=45"},"img":{"alt_text":"campo inundado","src":"https:\/\/i0.wp.com\/www.24baires.com\/wp-content\/uploads\/2012\/11\/campo-inundado.jpg?resize=350%2C200","width":350,"height":200},"classes":[]},{"id":716,"url":"https:\/\/www.24baires.com\/?p=716","url_meta":{"origin":14957,"position":4},"title":"P\u00e9rsico quiere \u00abponer al Estado al lado de los peque\u00f1os productores\u201d","author":"Grupo Sierra","date":"30\/09\/2012","format":false,"excerpt":"El flamante subsecretario de Agricultura Familiar, Emilio P\u00e9rsico, afirm\u00f3 que el trabajo que llevar\u00e1 adelante dentro de la cartera agropecuaria tiene por objetivo seguir adelante \"con la l\u00ednea de trabajo\" del Gobierno en el sector y \"poner al Estado al lado de los peque\u00f1os productores\u201d. P\u00e9rsico, en di\u00e1logo con la\u2026","rel":"","context":"En \u00abPol\u00edtica\u00bb","block_context":{"text":"Pol\u00edtica","link":"https:\/\/www.24baires.com\/?cat=51"},"img":{"alt_text":"","src":"https:\/\/i0.wp.com\/www.24baires.com\/wp-content\/uploads\/2012\/09\/persico-emilio.jpg?resize=350%2C200","width":350,"height":200,"srcset":"https:\/\/i0.wp.com\/www.24baires.com\/wp-content\/uploads\/2012\/09\/persico-emilio.jpg?resize=350%2C200 1x, https:\/\/i0.wp.com\/www.24baires.com\/wp-content\/uploads\/2012\/09\/persico-emilio.jpg?resize=525%2C300 1.5x"},"classes":[]},{"id":22896,"url":"https:\/\/www.24baires.com\/?p=22896","url_meta":{"origin":14957,"position":5},"title":"Cristina anunci\u00f3 la creaci\u00f3n de un fondo fiduciario para el sector triguero","author":"AF","date":"07\/05\/2013","format":false,"excerpt":"La Presidenta de la Naci\u00f3n, Cristina Fern\u00e1ndez de Kirchner, acompa\u00f1ada por el ministro de Agricultura, Norberto Yauhar, anunci\u00f3 la creaci\u00f3n de un fondo fiduciario compuesto por lo recaudado en concepto de derechos de exportaci\u00f3n, que ser\u00e1 destinado a los productores para estimular la siembra del cereal, pero teniendo en cuenta\u2026","rel":"","context":"En \u00abEconom\u00eda\u00bb","block_context":{"text":"Econom\u00eda","link":"https:\/\/www.24baires.com\/?cat=45"},"img":{"alt_text":"","src":"","width":0,"height":0},"classes":[]}],"jetpack_sharing_enabled":true,"jetpack_likes_enabled":true,"_links":{"self":[{"href":"https:\/\/www.24baires.com\/index.php?rest_route=\/wp\/v2\/posts\/14957","targetHints":{"allow":["GET"]}}],"collection":[{"href":"https:\/\/www.24baires.com\/index.php?rest_route=\/wp\/v2\/posts"}],"about":[{"href":"https:\/\/www.24baires.com\/index.php?rest_route=\/wp\/v2\/types\/post"}],"author":[{"embeddable":true,"href":"https:\/\/www.24baires.com\/index.php?rest_route=\/wp\/v2\/users\/4"}],"replies":[{"embeddable":true,"href":"https:\/\/www.24baires.com\/index.php?rest_route=%2Fwp%2Fv2%2Fcomments&post=14957"}],"version-history":[{"count":1,"href":"https:\/\/www.24baires.com\/index.php?rest_route=\/wp\/v2\/posts\/14957\/revisions"}],"predecessor-version":[{"id":14958,"href":"https:\/\/www.24baires.com\/index.php?rest_route=\/wp\/v2\/posts\/14957\/revisions\/14958"}],"wp:attachment":[{"href":"https:\/\/www.24baires.com\/index.php?rest_route=%2Fwp%2Fv2%2Fmedia&parent=14957"}],"wp:term":[{"taxonomy":"category","embeddable":true,"href":"https:\/\/www.24baires.com\/index.php?rest_route=%2Fwp%2Fv2%2Fcategories&post=14957"},{"taxonomy":"post_tag","embeddable":true,"href":"https:\/\/www.24baires.com\/index.php?rest_route=%2Fwp%2Fv2%2Ftags&post=14957"}],"curies":[{"name":"wp","href":"https:\/\/api.w.org\/{rel}","templated":true}]}}