{"id":1494,"date":"2012-10-09T10:35:36","date_gmt":"2012-10-09T13:35:36","guid":{"rendered":"http:\/\/www.24baires.com\/?p=1494"},"modified":"2012-10-09T10:35:36","modified_gmt":"2012-10-09T13:35:36","slug":"piden-a-scioli-reglamentar-los-refugios-para-victimas-de-violencia-familiar-platenses","status":"publish","type":"post","link":"https:\/\/www.24baires.com\/?p=1494","title":{"rendered":"Piden a Scioli reglamentar los refugios para v\u00edctimas de violencia familiar platenses"},"content":{"rendered":"<p>El proyecto es impulsado por la concejal Valeria Amendolara, quien asegur\u00f3 que \u201cbuscamos que se cumpla con una serie de requisitos, como la creaci\u00f3n de un comit\u00e9 mixto de control conformado por la Provincia y el Municipio de La Plata\u201d.<!--more--><\/p>\n<p>Tras obtener dictamen favorable en la comisi\u00f3n de Seguridad del Concejo Deliberante el proyecto avanza hacia su aprobaci\u00f3n en las pr\u00f3ximas semanas. La concejal del Frente para la Victoria (FpV,) Valeria Amendolara, sostuvo que la violencia familiar \u201cse trata de una problem\u00e1tica muy sensible que si no est\u00e1 regulada correctamente, la mujer victima de violencia termina siendo re-victimizada\u201d.<\/p>\n<p>Aunque aclar\u00f3 que \u201cen La Plata hay instituciones que funcionan muy bien. Hay otras en las que se dan situaciones complejas como de explotaci\u00f3n o de abuso. Y como no cuentan con ning\u00fan tipo de habilitaci\u00f3n, no garantizan requisitos indispensables como habitabilidad, seguridad e higiene\u201d.<\/p>\n<p>En ese sentido, la concejal del FpV, puso especial \u00e9nfasis en que, ante este panorama, \u201cla realidad es que hoy la Provincia tiene la competencia de dar respuesta a las problem\u00e1ticas de violencia de g\u00e9nero. Pero en ning\u00fan decreto se habla de la necesidad de regular estos establecimientos\u201d.<\/p>\n<p>Al dar detalles del dictamen de la comisi\u00f3n que preside, Amendolara explic\u00f3 que en muchos casos estas casas-refugio reciben subsidios del Estado, pero ni municipio, provincia o naci\u00f3n cuentan con la posibilidad de intervenir.<\/p>\n<p>Por este motivo, la funcionaria municipal explic\u00f3 \u201cqueremos lograr la creaci\u00f3n de un comit\u00e9 mixto de control conformado por la Provincia y el Municipio para que sea una herramienta que acompa\u00f1e a las instituciones, donde el Estado pueda determinar cuales son las condiciones y los requisitos de funcionamiento para que la mujer no termine siendo re-victimizada\u201d.<\/p>\n<p>Por \u00faltimo, remarc\u00f3 que otro de los objetivos es crear un registro con la n\u00f3mina de profesionales que atiendan a las v\u00edctimas y otro registro de ingresos y egresos. \u201cMuchas veces, es el Estado quien deriva a estas mujeres a las casas refugio y luego se desentiende. Si bien se trata de lugares transitorios, debemos estar preparados para dar una respuesta a largo plazo\u201d, concluy\u00f3 la concejal.<\/p>\n","protected":false},"excerpt":{"rendered":"<p>El proyecto es impulsado por la concejal Valeria Amendolara, quien asegur\u00f3 que \u201cbuscamos que se cumpla con una serie de requisitos, como la creaci\u00f3n de un comit\u00e9 mixto de control conformado por la Provincia y el Municipio de La Plata\u201d.<\/p>\n","protected":false},"author":4,"featured_media":0,"comment_status":"open","ping_status":"open","sticky":false,"template":"","format":"standard","meta":{"_jetpack_newsletter_access":"","_jetpack_dont_email_post_to_subs":false,"_jetpack_newsletter_tier_id":0,"_jetpack_memberships_contains_paywalled_content":false,"_jetpack_memberships_contains_paid_content":false,"footnotes":""},"categories":[1],"tags":[],"class_list":["post-1494","post","type-post","status-publish","format-standard","hentry","category-sociedad"],"jetpack_featured_media_url":"","jetpack_shortlink":"https:\/\/wp.me\/p2JWE0-o6","jetpack-related-posts":[{"id":67792,"url":"https:\/\/www.24baires.com\/?p=67792","url_meta":{"origin":1494,"position":0},"title":"Buscan crear una licencia laboral por violencia de g\u00e9nero","author":"GB","date":"18\/06\/2015","format":false,"excerpt":"El proyecto busca garantizar la igualdad de oportunidades en el trabajo y crear herramientas para que las afectadas puedan salir del grave problema. En dialogo con Radio Provincia, la diputada provincial Valeria Amendolara, se refiri\u00f3 al ante proyecto de ley para lograr igualdad de oportunidades laborales de las mujeres a\u2026","rel":"","context":"En \u00abSociedad\u00bb","block_context":{"text":"Sociedad","link":"https:\/\/www.24baires.com\/?cat=1"},"img":{"alt_text":"","src":"","width":0,"height":0},"classes":[]},{"id":26817,"url":"https:\/\/www.24baires.com\/?p=26817","url_meta":{"origin":1494,"position":1},"title":"Tras el veto de la Rosada a Bruera, Amendolara asegura que \u201clo importante era lograr una lista de unidad\u201d","author":"Grupo Sierra","date":"24\/06\/2013","format":false,"excerpt":"LA PLATA.- La concejal bruerista y candidata a diputada provincial por el Frente para la Victoria, Valeria Amendolara asegur\u00f3 que \u201cnosotros apoyamos este proyecto, lo acompa\u00f1amos al modelo pol\u00edtico nacional y por eso era importante lograr una lista de unidad para la Ciudad\u201d. Es que desde la Casa Rosada decidieron\u2026","rel":"","context":"En \u00abPol\u00edtica\u00bb","block_context":{"text":"Pol\u00edtica","link":"https:\/\/www.24baires.com\/?cat=51"},"img":{"alt_text":"","src":"","width":0,"height":0},"classes":[]},{"id":51534,"url":"https:\/\/www.24baires.com\/?p=51534","url_meta":{"origin":1494,"position":2},"title":"Juntan firmas contra el maltrato animal","author":"GB","date":"10\/08\/2014","format":false,"excerpt":"La Diputada provincial del Frente para la Victoria, Valeria Amendolara, present\u00f3 una iniciativa que busca concientizar y prevenir casos de maltrato animal. Para su pronta sanci\u00f3n promueven una juntada de firmas. \"Estamos convencidos que el proyecto est\u00e1 relacionado con la violencia general, hay muchos casos de violencia intrafamiliar que se\u2026","rel":"","context":"En \u00abSociedad\u00bb","block_context":{"text":"Sociedad","link":"https:\/\/www.24baires.com\/?cat=1"},"img":{"alt_text":"perros","src":"https:\/\/i0.wp.com\/www.24baires.com\/wp-content\/uploads\/2014\/02\/perros.jpg?resize=350%2C200","width":350,"height":200},"classes":[]},{"id":1189,"url":"https:\/\/www.24baires.com\/?p=1189","url_meta":{"origin":1494,"position":3},"title":"Prohibir\u00e1n c\u00e1maras de seguridad en pensiones estudiantiles","author":"AF","date":"06\/10\/2012","format":false,"excerpt":"LA PLATA - En medio de un debate por momentos \u00e1spero, el Foro conformado para regular el funcionamiento de las pensiones universitarias de La Plata avanz\u00f3 en la definici\u00f3n de algunos art\u00edculos vinculados a la privacidad de los pensionistas y las exigencias de los propietarios respecto de los dep\u00f3sitos, al\u2026","rel":"","context":"En \u00abSociedad\u00bb","block_context":{"text":"Sociedad","link":"https:\/\/www.24baires.com\/?cat=1"},"img":{"alt_text":"","src":"","width":0,"height":0},"classes":[]},{"id":95595,"url":"https:\/\/www.24baires.com\/?p=95595","url_meta":{"origin":1494,"position":4},"title":"Presentan ley de reparaci\u00f3n para v\u00edctimas de violaciones a los DDHH","author":"AF","date":"02\/07\/2017","format":false,"excerpt":"La diputada provincial Valeria Amendolara y el Defensor del Pueblo bonaernese, Guido Lorenzino, presentaron este viernes un proyecto \u201cque busca crear un mecanismo de reparaciones para casos de violaciones a los Derechos Humanos en los que la responsabilidad del Estado haya sido declarada por sentencia de organismos internacionales\u201d. \u201cLa ley\u2026","rel":"","context":"En \u00abSociedad\u00bb","block_context":{"text":"Sociedad","link":"https:\/\/www.24baires.com\/?cat=1"},"img":{"alt_text":"","src":"https:\/\/i0.wp.com\/www.24baires.com\/wp-content\/uploads\/2014\/03\/Guido-Lorenzino-Matta.jpg?resize=350%2C200","width":350,"height":200,"srcset":"https:\/\/i0.wp.com\/www.24baires.com\/wp-content\/uploads\/2014\/03\/Guido-Lorenzino-Matta.jpg?resize=350%2C200 1x, https:\/\/i0.wp.com\/www.24baires.com\/wp-content\/uploads\/2014\/03\/Guido-Lorenzino-Matta.jpg?resize=525%2C300 1.5x"},"classes":[]},{"id":48138,"url":"https:\/\/www.24baires.com\/?p=48138","url_meta":{"origin":1494,"position":5},"title":"La diputada Amendolara pidi\u00f3 que \u00absalga ya la Polic\u00eda Comunal\u00bb","author":"Grupo Sierra","date":"16\/06\/2014","format":false,"excerpt":"Desde la banca del Frente para la Victoria por la Octava Secci\u00f3n Electoral (La Plata), Valeria Amendolara, fue enf\u00e1tica esta ma\u00f1ana y pidi\u00f3 \u201cacuerdos entre los senadores\u201d para que la Polic\u00eda Comunal no se caiga. El expediente fue aprobado r\u00e1pidamente por Diputados pero en el Senado bonaerense est\u00e1 a punto\u2026","rel":"","context":"En \u00abPol\u00edtica\u00bb","block_context":{"text":"Pol\u00edtica","link":"https:\/\/www.24baires.com\/?cat=51"},"img":{"alt_text":"valeria amendolara","src":"https:\/\/i0.wp.com\/www.24baires.com\/wp-content\/uploads\/2014\/06\/valeria-amendolara-300x178.jpg?resize=350%2C200","width":350,"height":200},"classes":[]}],"jetpack_sharing_enabled":true,"jetpack_likes_enabled":true,"_links":{"self":[{"href":"https:\/\/www.24baires.com\/index.php?rest_route=\/wp\/v2\/posts\/1494","targetHints":{"allow":["GET"]}}],"collection":[{"href":"https:\/\/www.24baires.com\/index.php?rest_route=\/wp\/v2\/posts"}],"about":[{"href":"https:\/\/www.24baires.com\/index.php?rest_route=\/wp\/v2\/types\/post"}],"author":[{"embeddable":true,"href":"https:\/\/www.24baires.com\/index.php?rest_route=\/wp\/v2\/users\/4"}],"replies":[{"embeddable":true,"href":"https:\/\/www.24baires.com\/index.php?rest_route=%2Fwp%2Fv2%2Fcomments&post=1494"}],"version-history":[{"count":0,"href":"https:\/\/www.24baires.com\/index.php?rest_route=\/wp\/v2\/posts\/1494\/revisions"}],"wp:attachment":[{"href":"https:\/\/www.24baires.com\/index.php?rest_route=%2Fwp%2Fv2%2Fmedia&parent=1494"}],"wp:term":[{"taxonomy":"category","embeddable":true,"href":"https:\/\/www.24baires.com\/index.php?rest_route=%2Fwp%2Fv2%2Fcategories&post=1494"},{"taxonomy":"post_tag","embeddable":true,"href":"https:\/\/www.24baires.com\/index.php?rest_route=%2Fwp%2Fv2%2Ftags&post=1494"}],"curies":[{"name":"wp","href":"https:\/\/api.w.org\/{rel}","templated":true}]}}