{"id":14926,"date":"2013-02-07T15:28:33","date_gmt":"2013-02-07T18:28:33","guid":{"rendered":"http:\/\/www.24baires.com\/?p=14926"},"modified":"2013-02-07T16:22:33","modified_gmt":"2013-02-07T19:22:33","slug":"boudou-la-nacion-busca-atacar-y-debilitar-la-politica","status":"publish","type":"post","link":"https:\/\/www.24baires.com\/?p=14926","title":{"rendered":"Boudou: el diario \u00abLa Naci\u00f3n busca atacar y debilitar la pol\u00edtica\u00bb"},"content":{"rendered":"<p><img data-recalc-dims=\"1\" loading=\"lazy\" decoding=\"async\" class=\"alignleft size-medium wp-image-14941\" alt=\"boudou smalll\" src=\"https:\/\/i0.wp.com\/www.24baires.com\/wp-content\/uploads\/2013\/02\/boudou-smalll.jpg?resize=300%2C200\" width=\"300\" height=\"200\" srcset=\"https:\/\/i0.wp.com\/www.24baires.com\/wp-content\/uploads\/2013\/02\/boudou-smalll.jpg?resize=300%2C200&amp;ssl=1 300w, https:\/\/i0.wp.com\/www.24baires.com\/wp-content\/uploads\/2013\/02\/boudou-smalll.jpg?w=320&amp;ssl=1 320w\" sizes=\"auto, (max-width: 300px) 100vw, 300px\" \/><\/p>\n<p>El vicepresidente Amado Boudou afirm\u00f3 que el incremento que percibieron los legisladores nacionales en enero corresponde al aumento acordado para los sectores legislativos en 2012 y cuestion\u00f3 al diario La Naci\u00f3n, al sostener que busca \u00abatacar y debilitar la pol\u00edtica\u00bb.<!--more--><br \/>\nEl vicepresidente Amado Boudou afirm\u00f3 que el incremento que percibieron los legisladores nacionales en enero corresponde al aumento acordado para los sectores legislativos en 2012 y cuestion\u00f3 al diario La Naci\u00f3n, al sostener que busca \u00abatacar y debilitar la pol\u00edtica\u00bb.<br \/>\nBoudou explic\u00f3 que el incremento del 21,8 por ciento que los legisladores percibieron a partir de enero de este a\u00f1o \u00abes el aumento que se otorg\u00f3 el a\u00f1o pasado para todos los sectores legislativos, que se difiri\u00f3 al mes de enero en el marco de un ordenamiento salarial\u00bb.<\/p>\n<p>\u00abCuando asumimos el a\u00f1o pasado junto a Juli\u00e1n Dom\u00ednguez en la C\u00e1mara de Diputados, ordenamos el sistema salarial e hicimos que cobren lo mismo los trabajadores del Poder Legislativo y los legisladores\u00bb, precis\u00f3 el vicepresidente.<\/p>\n<p>Para Boudou, con la publicaci\u00f3n de tema en primera plana el diario \u00abLa Naci\u00f3n busca dar un fuerte ataque a la pol\u00edtica\u00bb y se\u00f1al\u00f3 que \u00abhan trabajado hist\u00f3ricamente en contra de la pol\u00edtica, desde su l\u00ednea editorial, defendiendo la posici\u00f3n de una minor\u00eda, buscando debilitar la pol\u00edtica con mentiras\u00bb.<\/p>\n<p>El vicepresidente indic\u00f3 que en el mismo sentido el diario trat\u00f3 el tema de la denuncia de \u00abestafa\u00bb que hizo esta semana la presidenta Cristina Fern\u00e1ndez de Kirchner a ADECUA y seis bancos, perjudicando a m\u00e1s de 1.700.000 clientes que reclamaban indemnizaciones por el cobro indebido de comisiones bancarias.<\/p>\n<p>\u00abPublicaron que hay 3 que trabajan en el gobierno, que ayer dejaron de trabajar, y que uno pertenece a La C\u00e1mpora. Ni por edad, ni por estilo, ni por perfil tiene nada que ver con La C\u00e1mpora. S\u00f3lo buscan estigmatizar\u00bb, indic\u00f3.<\/p>\n<p>Boudou agreg\u00f3 adem\u00e1s que el diario \u00abno dice nada del director ejecutivo de ADECUA, Osvaldo Riopedre, que es militante y convencional radical, y que cobr\u00f3 5 millones de pesos por este servicio que fue realmente estafar a los consumidores\u00bb.<\/p>\n<p>\u00abQueremos poner las posiciones bien claras. No renunciar a hacer pol\u00edtica, porque lo que se busca es maltratar a la pol\u00edtica, y cuando a la pol\u00edtica le va mal, le van mal a todos los argentinos\u00bb, concluy\u00f3.<\/p>\n<p>&nbsp;<\/p>\n<p>&nbsp;<\/p>\n<p>&nbsp;<\/p>\n<p>&nbsp;<\/p>\n<p>&nbsp;<\/p>\n<p>&nbsp;<\/p>\n<p>&nbsp;<\/p>\n<p>&nbsp;<\/p>\n<p>&nbsp;<\/p>\n<p>&nbsp;<\/p>\n<p>&nbsp;<\/p>\n<p>&nbsp;<\/p>\n<p>&nbsp;<\/p>\n<p>&nbsp;<\/p>\n<p>&nbsp;<\/p>\n<p>&nbsp;<\/p>\n<p>&nbsp;<\/p>\n","protected":false},"excerpt":{"rendered":"<p>El vicepresidente Amado Boudou afirm\u00f3 que el incremento que percibieron los legisladores nacionales en enero corresponde al aumento acordado para los sectores legislativos en 2012 y cuestion\u00f3 al diario La Naci\u00f3n, al sostener que busca \u00abatacar y debilitar la pol\u00edtica\u00bb.<\/p>\n","protected":false},"author":4,"featured_media":0,"comment_status":"open","ping_status":"open","sticky":false,"template":"","format":"standard","meta":{"_jetpack_newsletter_access":"","_jetpack_dont_email_post_to_subs":false,"_jetpack_newsletter_tier_id":0,"_jetpack_memberships_contains_paywalled_content":false,"_jetpack_memberships_contains_paid_content":false,"footnotes":""},"categories":[54],"tags":[],"class_list":["post-14926","post","type-post","status-publish","format-standard","hentry","category-medios"],"jetpack_featured_media_url":"","jetpack_shortlink":"https:\/\/wp.me\/p2JWE0-3SK","jetpack-related-posts":[{"id":105868,"url":"https:\/\/www.24baires.com\/?p=105868","url_meta":{"origin":14926,"position":0},"title":"La Justicia orden\u00f3 la excarcelaci\u00f3n de Amado Boudou","author":"AF","date":"11\/12\/2018","format":false,"excerpt":"El Tribunal Oral 4 firm\u00f3 la resoluci\u00f3n por la cual el ex Vicepresidente recuperar\u00e1 la libertad. Deber\u00e1 pagar una fianza de $1 mill\u00f3n. La Justicia concedi\u00f3 este martes la excarcelaci\u00f3n al ex vicepresidente Amado Boudou, quien estaba detenido en el penal de Ezeiza tras ser condenado por el caso Ciccone\u2026","rel":"","context":"En \u00abJUDICIALES\u00bb","block_context":{"text":"JUDICIALES","link":"https:\/\/www.24baires.com\/?cat=68"},"img":{"alt_text":"","src":"https:\/\/i0.wp.com\/www.24baires.com\/wp-content\/uploads\/2014\/06\/Boudou.jpg?resize=350%2C200","width":350,"height":200,"srcset":"https:\/\/i0.wp.com\/www.24baires.com\/wp-content\/uploads\/2014\/06\/Boudou.jpg?resize=350%2C200 1x, https:\/\/i0.wp.com\/www.24baires.com\/wp-content\/uploads\/2014\/06\/Boudou.jpg?resize=525%2C300 1.5x"},"classes":[]},{"id":114631,"url":"https:\/\/www.24baires.com\/?p=114631","url_meta":{"origin":14926,"position":1},"title":"La Justicia le otorg\u00f3 la prisi\u00f3n domiciliaria a Boudou","author":"AF","date":"06\/04\/2020","format":false,"excerpt":"El Tribunal Oral Federal 4 le otorg\u00f3 hoy el beneficio de la prisi\u00f3n domiciliaria al ex vicepresidente Amado Boudou, condenado a cinco a\u00f1os y diez meses de prisi\u00f3n por la compra venta de la imprenta Ciccone. As\u00ed lo confirmaron fuentes judiciales, por lo que se espera que en las pr\u00f3ximas\u2026","rel":"","context":"En \u00abPol\u00edtica\u00bb","block_context":{"text":"Pol\u00edtica","link":"https:\/\/www.24baires.com\/?cat=51"},"img":{"alt_text":"","src":"https:\/\/i0.wp.com\/www.24baires.com\/wp-content\/uploads\/2020\/04\/boudou.jpg?resize=350%2C200","width":350,"height":200,"srcset":"https:\/\/i0.wp.com\/www.24baires.com\/wp-content\/uploads\/2020\/04\/boudou.jpg?resize=350%2C200 1x, https:\/\/i0.wp.com\/www.24baires.com\/wp-content\/uploads\/2020\/04\/boudou.jpg?resize=525%2C300 1.5x"},"classes":[]},{"id":105950,"url":"https:\/\/www.24baires.com\/?p=105950","url_meta":{"origin":14926,"position":2},"title":"Boudou: \u00abNo me perdonan no haberme quebrado\u00bb","author":"AF","date":"15\/12\/2018","format":false,"excerpt":"\u201cSi un ex funcionario puede perturbar una investigaci\u00f3n, imaginemos a un ministro en funciones\u201d, afirm\u00f3 el ex vicepresidente. Ahond\u00f3 en cr\u00edticas al sistema judicial y habl\u00f3 sobre la vida en la c\u00e1rcel. Amado Boudou se refiri\u00f3 a lo que fue su paso por la c\u00e1rcel y lanz\u00f3 duras cr\u00edticas al\u2026","rel":"","context":"En \u00abPol\u00edtica\u00bb","block_context":{"text":"Pol\u00edtica","link":"https:\/\/www.24baires.com\/?cat=51"},"img":{"alt_text":"","src":"https:\/\/i0.wp.com\/www.24baires.com\/wp-content\/uploads\/2014\/06\/Boudou.jpg?resize=350%2C200","width":350,"height":200,"srcset":"https:\/\/i0.wp.com\/www.24baires.com\/wp-content\/uploads\/2014\/06\/Boudou.jpg?resize=350%2C200 1x, https:\/\/i0.wp.com\/www.24baires.com\/wp-content\/uploads\/2014\/06\/Boudou.jpg?resize=525%2C300 1.5x"},"classes":[]},{"id":47329,"url":"https:\/\/www.24baires.com\/?p=47329","url_meta":{"origin":14926,"position":3},"title":"Desde el PRO quieren juicio pol\u00edtico para Boudou","author":"Grupo Sierra","date":"03\/06\/2014","format":false,"excerpt":"La Diputada Nacional Gisela Scaglia (PRO) junto a compa\u00f1eros de bloque de Uni\u00f3n Pro, los legisladores Patricia Bullrich, Laura Alonso, Eduardo C\u00e1ceres, Cornelia Schmidt Liermann y Pablo Tonelli, presentaron un escrito dirigido a la Presidencia de la Comisi\u00f3n de Juicio Pol\u00edtico en el que piden ampliar las causas por las\u2026","rel":"","context":"En \u00abPol\u00edtica\u00bb","block_context":{"text":"Pol\u00edtica","link":"https:\/\/www.24baires.com\/?cat=51"},"img":{"alt_text":"boudou voto","src":"https:\/\/i0.wp.com\/www.24baires.com\/wp-content\/uploads\/2013\/10\/boudou-voto.jpg?resize=350%2C200","width":350,"height":200,"srcset":"https:\/\/i0.wp.com\/www.24baires.com\/wp-content\/uploads\/2013\/10\/boudou-voto.jpg?resize=350%2C200 1x, https:\/\/i0.wp.com\/www.24baires.com\/wp-content\/uploads\/2013\/10\/boudou-voto.jpg?resize=525%2C300 1.5x"},"classes":[]},{"id":49009,"url":"https:\/\/www.24baires.com\/?p=49009","url_meta":{"origin":14926,"position":4},"title":"Seg\u00fan Pinedo, \u00abno hay comparaci\u00f3n entre los casos de Macri y Boudou\u00bb","author":"Grupo Sierra","date":"30\/06\/2014","format":false,"excerpt":"El diputado nacional y titular del bloque Uni\u00f3n PRO, Federico Pinedo, sali\u00f3 a responder hoy al Jefe de Gabinete, Jorge Capitanich, quien equipar\u00f3 la situaci\u00f3n judicial del vicepresidente Amado Boudou con la de Mauricio Macri, al sostener \"no se pueden comparar\" ambas causas porque dijo, \"son cosas totalmente distintas\u201d. Pinedo\u2026","rel":"","context":"En \u00abPol\u00edtica\u00bb","block_context":{"text":"Pol\u00edtica","link":"https:\/\/www.24baires.com\/?cat=51"},"img":{"alt_text":"pinedo federico pro","src":"https:\/\/i0.wp.com\/www.24baires.com\/wp-content\/uploads\/2014\/06\/pinedo-federico-pro.jpg?resize=350%2C200","width":350,"height":200,"srcset":"https:\/\/i0.wp.com\/www.24baires.com\/wp-content\/uploads\/2014\/06\/pinedo-federico-pro.jpg?resize=350%2C200 1x, https:\/\/i0.wp.com\/www.24baires.com\/wp-content\/uploads\/2014\/06\/pinedo-federico-pro.jpg?resize=525%2C300 1.5x"},"classes":[]},{"id":13584,"url":"https:\/\/www.24baires.com\/?p=13584","url_meta":{"origin":14926,"position":5},"title":"Para Boudou la carta del sciolismo por la coparticipaci\u00f3n \u00abfue un acto de cobard\u00eda\u00bb","author":"Grupo Sierra","date":"25\/01\/2013","format":false,"excerpt":"Lo dijo luego del encuentro de jefes comunales del PJ Bonaerense en Santa Teresita. Por otra parte, afirm\u00f3 que \"69 intendentes dieron un gran respaldo a la gesti\u00f3n de la presidenta\" Cristina Fern\u00e1ndez de Kirchner. Al t\u00e9rmino del encuentro del Partido Justicialista bonaerense en Santa Teresita, donde confluyeron unos 70\u2026","rel":"","context":"En \u00abPol\u00edtica\u00bb","block_context":{"text":"Pol\u00edtica","link":"https:\/\/www.24baires.com\/?cat=51"},"img":{"alt_text":"","src":"","width":0,"height":0},"classes":[]}],"jetpack_sharing_enabled":true,"jetpack_likes_enabled":true,"_links":{"self":[{"href":"https:\/\/www.24baires.com\/index.php?rest_route=\/wp\/v2\/posts\/14926","targetHints":{"allow":["GET"]}}],"collection":[{"href":"https:\/\/www.24baires.com\/index.php?rest_route=\/wp\/v2\/posts"}],"about":[{"href":"https:\/\/www.24baires.com\/index.php?rest_route=\/wp\/v2\/types\/post"}],"author":[{"embeddable":true,"href":"https:\/\/www.24baires.com\/index.php?rest_route=\/wp\/v2\/users\/4"}],"replies":[{"embeddable":true,"href":"https:\/\/www.24baires.com\/index.php?rest_route=%2Fwp%2Fv2%2Fcomments&post=14926"}],"version-history":[{"count":3,"href":"https:\/\/www.24baires.com\/index.php?rest_route=\/wp\/v2\/posts\/14926\/revisions"}],"predecessor-version":[{"id":14929,"href":"https:\/\/www.24baires.com\/index.php?rest_route=\/wp\/v2\/posts\/14926\/revisions\/14929"}],"wp:attachment":[{"href":"https:\/\/www.24baires.com\/index.php?rest_route=%2Fwp%2Fv2%2Fmedia&parent=14926"}],"wp:term":[{"taxonomy":"category","embeddable":true,"href":"https:\/\/www.24baires.com\/index.php?rest_route=%2Fwp%2Fv2%2Fcategories&post=14926"},{"taxonomy":"post_tag","embeddable":true,"href":"https:\/\/www.24baires.com\/index.php?rest_route=%2Fwp%2Fv2%2Ftags&post=14926"}],"curies":[{"name":"wp","href":"https:\/\/api.w.org\/{rel}","templated":true}]}}