{"id":14921,"date":"2013-02-07T09:27:58","date_gmt":"2013-02-07T12:27:58","guid":{"rendered":"http:\/\/www.24baires.com\/?p=14921"},"modified":"2013-02-07T13:11:56","modified_gmt":"2013-02-07T16:11:56","slug":"jardin-del-terror-abrieron-un-sumario-y-separaron-de-sus-cargos-a-dos-inspectoras","status":"publish","type":"post","link":"https:\/\/www.24baires.com\/?p=14921","title":{"rendered":"Jard\u00edn del terror: abrieron un sumario y separaron de sus cargos a dos inspectoras"},"content":{"rendered":"<p>Lo decidi\u00f3 la directora general de Cultura y Educaci\u00f3n bonaerense, Nora de Luc\u00eda. La medida busca determinar presuntas responsabilidades en los hechos registrados en el establecimiento de San Isidro.<!--more--><br \/>\nLa directora general de Cultura y Educaci\u00f3n bonaerense, Nora de Luc\u00eda, abri\u00f3 un sumario administrativo y separ\u00f3 de sus cargos a las inspectoras regional y distrital de San Isidro mientras dure la investigaci\u00f3n por los casos de maltrato a ni\u00f1os en el jard\u00edn de infantes Tribil\u00edn.<\/p>\n<p>La medida busca determinar presuntas responsabilidades en los hechos registrados en el establecimiento de ese partido del norte del conurbano, informaron hoy fuentes de la repartici\u00f3n.<\/p>\n<p>La suspensi\u00f3n recay\u00f3 sobre la inspectora M\u00f3nica Seal, titular de la Regi\u00f3n IV, que abarca los municipios de San Isidro, San Fernando, Tigre y Vicente L\u00f3pez; y Patricia Naso, referente distrital de San Isidro.<\/p>\n<p>A su vez, la Direcci\u00f3n de Educaci\u00f3n inici\u00f3 ayer una denuncia penal para que se investigue a las maestras y directivos del jard\u00edn Tribil\u00edn.<\/p>\n<p>&nbsp;<\/p>\n<p>&nbsp;<\/p>\n<p>&nbsp;<\/p>\n<p>&nbsp;<\/p>\n<p>&nbsp;<\/p>\n<p>&nbsp;<\/p>\n<p>&nbsp;<\/p>\n<p>&nbsp;<\/p>\n<p>&nbsp;<\/p>\n<p>&nbsp;<\/p>\n<p>&nbsp;<\/p>\n<p>&nbsp;<\/p>\n<p>&nbsp;<\/p>\n<p>&nbsp;<\/p>\n<p>&nbsp;<\/p>\n","protected":false},"excerpt":{"rendered":"<p>Lo decidi\u00f3 la directora general de Cultura y Educaci\u00f3n bonaerense, Nora de Luc\u00eda. La medida busca determinar presuntas responsabilidades en los hechos registrados en el establecimiento de San Isidro.<\/p>\n","protected":false},"author":4,"featured_media":0,"comment_status":"open","ping_status":"open","sticky":false,"template":"","format":"standard","meta":{"_jetpack_newsletter_access":"","_jetpack_dont_email_post_to_subs":false,"_jetpack_newsletter_tier_id":0,"_jetpack_memberships_contains_paywalled_content":false,"_jetpack_memberships_contains_paid_content":false,"footnotes":""},"categories":[1],"tags":[],"class_list":["post-14921","post","type-post","status-publish","format-standard","hentry","category-sociedad"],"jetpack_featured_media_url":"","jetpack_shortlink":"https:\/\/wp.me\/p2JWE0-3SF","jetpack-related-posts":[{"id":14966,"url":"https:\/\/www.24baires.com\/?p=14966","url_meta":{"origin":14921,"position":0},"title":"Tribil\u00edn ten\u00eda habilitaci\u00f3n municipal aunque el Intendente Posse lo hab\u00eda negado","author":"Grupo Sierra","date":"07\/02\/2013","format":false,"excerpt":"Dos concejales de San Isidro descubrieron que el municipio reconoc\u00eda a Tribil\u00edn como \"establecimiento educacional Jard\u00edn Materno Infantil\" desde 2002, cuando lo eximi\u00f3 del pago de tasas.\u00a0Ayer el intendente Gustavo Posse lo neg\u00f3 rotundamente.\u00a0 A contramano de lo expresado ayer por el intendente, Gustavo Posse (ver nota), los concejales Leandro\u2026","rel":"","context":"En \u00abSociedad\u00bb","block_context":{"text":"Sociedad","link":"https:\/\/www.24baires.com\/?cat=1"},"img":{"alt_text":"tribilin esquina","src":"https:\/\/i0.wp.com\/www.24baires.com\/wp-content\/uploads\/2013\/02\/tribilin-esquina.jpg?resize=350%2C200","width":350,"height":200,"srcset":"https:\/\/i0.wp.com\/www.24baires.com\/wp-content\/uploads\/2013\/02\/tribilin-esquina.jpg?resize=350%2C200 1x, https:\/\/i0.wp.com\/www.24baires.com\/wp-content\/uploads\/2013\/02\/tribilin-esquina.jpg?resize=525%2C300 1.5x"},"classes":[]},{"id":48661,"url":"https:\/\/www.24baires.com\/?p=48661","url_meta":{"origin":14921,"position":1},"title":"Echaron a las funcionarias a cargo del acto que arruin\u00f3 Massa","author":"Grupo Sierra","date":"24\/06\/2014","format":false,"excerpt":"Se desempe\u00f1aban en el \u00e1rea de Educaci\u00f3n y fueron removidas de su cargo. Adem\u00e1s, se les iniciar\u00eda un sumario. Es luego de que el diputado se hiciera cargo de la promesa a la bandera de alumnos de 4\u00ba grado que fue invalidada. A ra\u00edz de lo que sucedi\u00f3 el pasado\u2026","rel":"","context":"En \u00abPol\u00edtica\u00bb","block_context":{"text":"Pol\u00edtica","link":"https:\/\/www.24baires.com\/?cat=51"},"img":{"alt_text":"massa","src":"https:\/\/i0.wp.com\/www.24baires.com\/wp-content\/uploads\/2013\/08\/massa.png?resize=350%2C200","width":350,"height":200,"srcset":"https:\/\/i0.wp.com\/www.24baires.com\/wp-content\/uploads\/2013\/08\/massa.png?resize=350%2C200 1x, https:\/\/i0.wp.com\/www.24baires.com\/wp-content\/uploads\/2013\/08\/massa.png?resize=525%2C300 1.5x"},"classes":[]},{"id":62734,"url":"https:\/\/www.24baires.com\/?p=62734","url_meta":{"origin":14921,"position":2},"title":"Piden justicia por la docente golpeada por un padre en San Fernando","author":"AF","date":"06\/03\/2015","format":false,"excerpt":"Docentes de San Fernando marcharon por el centro de ese distrito del norte del Conurbano en repudio al \"salvaje ataque\" que sufri\u00f3 la vicedirectora de la Escuela 503 por parte del padre de una alumna, por el que debi\u00f3 ser intervenida quir\u00fargicamente de urgencia aunque est\u00e1 fuera de peligro. Los\u2026","rel":"","context":"En \u00abLocales\u00bb","block_context":{"text":"Locales","link":"https:\/\/www.24baires.com\/?cat=38"},"img":{"alt_text":"","src":"","width":0,"height":0},"classes":[]},{"id":14697,"url":"https:\/\/www.24baires.com\/?p=14697","url_meta":{"origin":14921,"position":3},"title":"Confirman que el jard\u00edn maternal denunciado por maltrato no estaba habilitado para tal fin","author":"AF","date":"05\/02\/2013","format":false,"excerpt":"SAN ISIDRO - Una inspectora de la Direcci\u00f3n Provincial de Educaci\u00f3n de Gesti\u00f3n Privada bonaerense confirm\u00f3 que el Jard\u00edn maternal `Tribil\u00edn`, denunciado por maltrato a ni\u00f1os de hasta tres a\u00f1os, \"no puede funcionar como instituci\u00f3n educativa\". La inspectora se present\u00f3 esta ma\u00f1ana ante el establecimiento, ubicado en O`Higgins 591, para\u2026","rel":"","context":"En \u00abLocales\u00bb","block_context":{"text":"Locales","link":"https:\/\/www.24baires.com\/?cat=38"},"img":{"alt_text":"","src":"","width":0,"height":0},"classes":[]},{"id":14887,"url":"https:\/\/www.24baires.com\/?p=14887","url_meta":{"origin":14921,"position":4},"title":"Apareci\u00f3 Posse y calific\u00f3 de \u00abdelincuentes\u00bb a responsables del jard\u00edn Tribil\u00edn","author":"Grupo Sierra","date":"06\/02\/2013","format":false,"excerpt":"El intendente de San Isidro apareci\u00f3 y \u00a0confirm\u00f3 que el lugar donde funcionaba el jard\u00edn del horror no estaba habilitado para ejercer ese rol desde hac\u00eda 16 a\u00f1os. El intendente de San Isidro, Gustavo Posse, asegur\u00f3 esta tarde que las personas que estaban al frente del jard\u00edn de infantes \"Tribil\u00edn\",\u2026","rel":"","context":"En \u00abLocales\u00bb","block_context":{"text":"Locales","link":"https:\/\/www.24baires.com\/?cat=38"},"img":{"alt_text":"","src":"","width":0,"height":0},"classes":[]},{"id":62604,"url":"https:\/\/www.24baires.com\/?p=62604","url_meta":{"origin":14921,"position":5},"title":"De Luc\u00eda advirti\u00f3 que sancionar\u00e1n a docentes que adhirieron al paro","author":"AF","date":"04\/03\/2015","format":false,"excerpt":"La Provincia advirti\u00f3 que iniciar\u00e1 sumarios y aplicar\u00e1 descuentos a los docentes que hayan adherido a la medida de fuerza , mientras que los gremios denunciaron \u201cintimidaciones\u201d contra los maestros. La directora general de Cultura y Educaci\u00f3n bonaerense, Nora De Luc\u00eda, anticip\u00f3 que el gobierno bonaerense iniciar\u00e1 sumarios contra los\u2026","rel":"","context":"En \u00abSociedad\u00bb","block_context":{"text":"Sociedad","link":"https:\/\/www.24baires.com\/?cat=1"},"img":{"alt_text":"de lucia","src":"https:\/\/i0.wp.com\/www.24baires.com\/wp-content\/uploads\/2014\/03\/de-lucia.jpg?resize=350%2C200","width":350,"height":200,"srcset":"https:\/\/i0.wp.com\/www.24baires.com\/wp-content\/uploads\/2014\/03\/de-lucia.jpg?resize=350%2C200 1x, https:\/\/i0.wp.com\/www.24baires.com\/wp-content\/uploads\/2014\/03\/de-lucia.jpg?resize=525%2C300 1.5x"},"classes":[]}],"jetpack_sharing_enabled":true,"jetpack_likes_enabled":true,"_links":{"self":[{"href":"https:\/\/www.24baires.com\/index.php?rest_route=\/wp\/v2\/posts\/14921","targetHints":{"allow":["GET"]}}],"collection":[{"href":"https:\/\/www.24baires.com\/index.php?rest_route=\/wp\/v2\/posts"}],"about":[{"href":"https:\/\/www.24baires.com\/index.php?rest_route=\/wp\/v2\/types\/post"}],"author":[{"embeddable":true,"href":"https:\/\/www.24baires.com\/index.php?rest_route=\/wp\/v2\/users\/4"}],"replies":[{"embeddable":true,"href":"https:\/\/www.24baires.com\/index.php?rest_route=%2Fwp%2Fv2%2Fcomments&post=14921"}],"version-history":[{"count":2,"href":"https:\/\/www.24baires.com\/index.php?rest_route=\/wp\/v2\/posts\/14921\/revisions"}],"predecessor-version":[{"id":14923,"href":"https:\/\/www.24baires.com\/index.php?rest_route=\/wp\/v2\/posts\/14921\/revisions\/14923"}],"wp:attachment":[{"href":"https:\/\/www.24baires.com\/index.php?rest_route=%2Fwp%2Fv2%2Fmedia&parent=14921"}],"wp:term":[{"taxonomy":"category","embeddable":true,"href":"https:\/\/www.24baires.com\/index.php?rest_route=%2Fwp%2Fv2%2Fcategories&post=14921"},{"taxonomy":"post_tag","embeddable":true,"href":"https:\/\/www.24baires.com\/index.php?rest_route=%2Fwp%2Fv2%2Ftags&post=14921"}],"curies":[{"name":"wp","href":"https:\/\/api.w.org\/{rel}","templated":true}]}}