{"id":14913,"date":"2013-02-07T12:45:44","date_gmt":"2013-02-07T15:45:44","guid":{"rendered":"http:\/\/www.24baires.com\/?p=14913"},"modified":"2013-02-07T12:45:44","modified_gmt":"2013-02-07T15:45:44","slug":"udocba-vamos-a-ir-a-escuchar-pero-sabemos-el-resultado-no-aceptaremos-el-17","status":"publish","type":"post","link":"https:\/\/www.24baires.com\/?p=14913","title":{"rendered":"Udocba: \u201cVamos a ir a escuchar, pero sabemos el resultado. No aceptaremos el 17%\u201d"},"content":{"rendered":"<p>El secretario General de Udocba , Miguel D\u00edaz, anticip\u00f3 que las negociaciones entre el Frente gremial Docente y el Gobierno bonaerense que se reanudar\u00e1n ma\u00f1ana en el marco de las paritarias ser\u00e1n \u201cduras\u201d, al tiempo que critic\u00f3 a la Directora General de Cultura y Educaci\u00f3n, Nora de Luc\u00eda por \u201cdecir que el aumento del 17% era razonable\u201d.<!--more--><\/p>\n<p>En di\u00e1logo con 24baires, el dirigente gremial explic\u00f3 que \u201ces inaceptable lo que est\u00e1 saliendo en los medios, la ministra Nora de Luc\u00eda sali\u00f3 a decir que el aumento del 17% era razonable. En un pa\u00eds donde ya hubo una inflaci\u00f3n el a\u00f1o pasado del 25%, nosotros hemos perdido un 6% de nuestro salario y venimos acumulando p\u00e9rdidas todos los a\u00f1os. Es inadmisible una oferta de recomposici\u00f3n salarial del 17% cuando este a\u00f1o se auspicia una inflaci\u00f3n del 30%\u201d.<\/p>\n<p>Interrogado sobre lo que su gremio propondr\u00e1 en el encuentro del viernes, D\u00edaz adelant\u00f3 que \u201cvamos a ir, escuchar, pero sabemos cu\u00e1l es el resultado\u201d y a\u00f1adi\u00f3 que \u201cnosotros no vamos a aceptar de ninguna manera esa propuesta.\u201d<\/p>\n<p>Por \u00faltimo, el titular del gremio cegetista indic\u00f3 que \u201cnosotros evitamos hablar de porcentajes porque es el peor de los escenarios discutir porcentajes en un salario que la mitad est\u00e1 en negro\u201d y agreg\u00f3 que \u201cnosotros decimos que ning\u00fan maestro de grado puede ganar menos de 5 mil pesos. El estado provincial est\u00e1 en condiciones de pagar esos salarios; pero si lo que tiene que ir para educaci\u00f3n, va para educaci\u00f3n, seguramente lo van a pagar. Si se gasta la plata en publicidad, en pol\u00edtica y si la administraci\u00f3n no cuida el dinero de la provincia, as\u00ed no se va a pagar nunca\u201d, concluy\u00f3.<\/p>\n","protected":false},"excerpt":{"rendered":"<p>El secretario General de Udocba , Miguel D\u00edaz, anticip\u00f3 que las negociaciones entre el Frente gremial Docente y el Gobierno bonaerense que se reanudar\u00e1n ma\u00f1ana en el marco de las paritarias ser\u00e1n \u201cduras\u201d, al tiempo que critic\u00f3 a la Directora General de Cultura y Educaci\u00f3n, Nora de Luc\u00eda por \u201cdecir que el aumento del 17% era razonable\u201d.<\/p>\n","protected":false},"author":4,"featured_media":0,"comment_status":"open","ping_status":"open","sticky":false,"template":"","format":"standard","meta":{"_jetpack_newsletter_access":"","_jetpack_dont_email_post_to_subs":false,"_jetpack_newsletter_tier_id":0,"_jetpack_memberships_contains_paywalled_content":false,"_jetpack_memberships_contains_paid_content":false,"footnotes":""},"categories":[1],"tags":[],"class_list":["post-14913","post","type-post","status-publish","format-standard","hentry","category-sociedad"],"jetpack_featured_media_url":"","jetpack_shortlink":"https:\/\/wp.me\/p2JWE0-3Sx","jetpack-related-posts":[{"id":5244,"url":"https:\/\/www.24baires.com\/?p=5244","url_meta":{"origin":14913,"position":0},"title":"Los docentes que no paran se re\u00fanen con De Luc\u00eda","author":"AF","date":"13\/11\/2012","format":false,"excerpt":"Los nucleados en Udocba est\u00e1n de paro por 48 horas, mientras que el resto se re\u00fane con la directora de Educaci\u00f3n bonaerense. El ministro de Trabajo, Oscar Cuartango manifest\u00f3 que \"se sabe de la situaci\u00f3n de la Provincia y no hay posibilidad de un aumento de los sueldos\". En concordancia\u2026","rel":"","context":"En \u00abSociedad\u00bb","block_context":{"text":"Sociedad","link":"https:\/\/www.24baires.com\/?cat=1"},"img":{"alt_text":"","src":"https:\/\/i0.wp.com\/www.24baires.com\/wp-content\/uploads\/2012\/11\/de-luc%C3%ADa-y-docentes-300x196.jpg?resize=350%2C200","width":350,"height":200},"classes":[]},{"id":4778,"url":"https:\/\/www.24baires.com\/?p=4778","url_meta":{"origin":14913,"position":1},"title":"\u00abLa reuni\u00f3n con De Luc\u00eda no fue satisfactoria\u00bb, dijeron desde UDOCBA","author":"AF","date":"08\/11\/2012","format":false,"excerpt":"As\u00ed lo se\u00f1al\u00f3 el secretario gremial de la Uni\u00f3n de Docentes de Buenos Aires (Udocba), Alejandro Salcedo, quien adem\u00e1s remarc\u00f3 que \u201cla ministra ni siquiera se comprometi\u00f3 a una convocatoria t\u00e9cnica salarial de paritarias. Por eso, decidimos llevar a adelante una medida de fuerza para el martes y mi\u00e9rcoles pr\u00f3ximo\u201d.\u2026","rel":"","context":"En \u00abSociedad\u00bb","block_context":{"text":"Sociedad","link":"https:\/\/www.24baires.com\/?cat=1"},"img":{"alt_text":"","src":"","width":0,"height":0},"classes":[]},{"id":58331,"url":"https:\/\/www.24baires.com\/?p=58331","url_meta":{"origin":14913,"position":2},"title":"La Provincia abre la paritaria salarial con docentes","author":"AF","date":"09\/12\/2014","format":false,"excerpt":"El gobierno bonaerense y los gremios docentes iniciar\u00e1n hoy la paritaria 2015 en la cual los sindicatos adelantaron su expectativa de \"ir a fondo con un planteo salarial que contemple la recuperaci\u00f3n del poder adquisitivo del haber \", mientras el gobierno provincial pretende, con la convocatoria este mes, cerrar acuerdos\u2026","rel":"","context":"En \u00abProvincia\u00bb","block_context":{"text":"Provincia","link":"https:\/\/www.24baires.com\/?cat=40"},"img":{"alt_text":"marcha docente","src":"https:\/\/i0.wp.com\/www.24baires.com\/wp-content\/uploads\/2013\/09\/marcha-docente.jpg?resize=350%2C200","width":350,"height":200,"srcset":"https:\/\/i0.wp.com\/www.24baires.com\/wp-content\/uploads\/2013\/09\/marcha-docente.jpg?resize=350%2C200 1x, https:\/\/i0.wp.com\/www.24baires.com\/wp-content\/uploads\/2013\/09\/marcha-docente.jpg?resize=525%2C300 1.5x"},"classes":[]},{"id":4558,"url":"https:\/\/www.24baires.com\/?p=4558","url_meta":{"origin":14913,"position":3},"title":"El Frente Gremial Docente se reunir\u00e1 con De Luc\u00eda y decidir\u00e1 c\u00f3mo continuar","author":"AF","date":"06\/11\/2012","format":false,"excerpt":"El encuentro ser\u00e1 por la tarde y a partir de lo que se resuelva, el Frente Gremial podr\u00eda definir nuevas medidas de fuerza. El Gobierno convoc\u00f3 a los docentes a un encuentro que se realizar\u00e1 esta tarde en la Direcci\u00f3n General de Cultura y Educaci\u00f3n. La decisi\u00f3n de convocar a\u2026","rel":"","context":"En \u00abSociedad\u00bb","block_context":{"text":"Sociedad","link":"https:\/\/www.24baires.com\/?cat=1"},"img":{"alt_text":"","src":"https:\/\/i0.wp.com\/www.24baires.com\/wp-content\/uploads\/2012\/11\/paro-docente.jpg?resize=350%2C200","width":350,"height":200},"classes":[]},{"id":811,"url":"https:\/\/www.24baires.com\/?p=811","url_meta":{"origin":14913,"position":4},"title":"\u201cMarchamos porque las respuestas que hemos tenido del Gobernador son nulas\u201d","author":"Grupo Sierra","date":"02\/10\/2012","format":false,"excerpt":"As\u00ed lo manifest\u00f3 el director de Organizaci\u00f3n de la CTA Nacional, Julio Ortellado. \"No solo le venimos a reclamar a Scioli lo que nos corresponde, tambi\u00e9n venimos a decirle que tiene que hacer\", asegur\u00f3. ATE, la CICOP, UDOCBA y la CTA se movilizan en reclamo de la reapertura de paritarias\u2026","rel":"","context":"En \u00abProvincia\u00bb","block_context":{"text":"Provincia","link":"https:\/\/www.24baires.com\/?cat=40"},"img":{"alt_text":"","src":"https:\/\/i0.wp.com\/www.24baires.com\/wp-content\/uploads\/2012\/10\/manifestantes-ate-cta.jpg?resize=350%2C200","width":350,"height":200,"srcset":"https:\/\/i0.wp.com\/www.24baires.com\/wp-content\/uploads\/2012\/10\/manifestantes-ate-cta.jpg?resize=350%2C200 1x, https:\/\/i0.wp.com\/www.24baires.com\/wp-content\/uploads\/2012\/10\/manifestantes-ate-cta.jpg?resize=525%2C300 1.5x"},"classes":[]},{"id":41182,"url":"https:\/\/www.24baires.com\/?p=41182","url_meta":{"origin":14913,"position":5},"title":"No hay acuerdo: docentes bonaerenses rechazaron el aumento del 25% en tres cuotas","author":"GB","date":"26\/02\/2014","format":false,"excerpt":"Los docentes nucleados en el Frente Gremial rechazaron la propuesta ofrecida por el gobierno provincial y la reuni\u00f3n paritaria pas\u00f3 a un cuarto intermedio hasta el martes. El ofrecimiento, que consist\u00eda en un incremento del 14 por ciento en marzo, que llega al 19,8 en agosto y al 25,5 en\u2026","rel":"","context":"En \u00abPol\u00edtica\u00bb","block_context":{"text":"Pol\u00edtica","link":"https:\/\/www.24baires.com\/?cat=51"},"img":{"alt_text":"Dise\u00f1o-de-escuelas","src":"https:\/\/i0.wp.com\/www.24baires.com\/wp-content\/uploads\/2013\/12\/Dise%C3%B1o-de-escuelas.jpg?resize=350%2C200","width":350,"height":200,"srcset":"https:\/\/i0.wp.com\/www.24baires.com\/wp-content\/uploads\/2013\/12\/Dise%C3%B1o-de-escuelas.jpg?resize=350%2C200 1x, https:\/\/i0.wp.com\/www.24baires.com\/wp-content\/uploads\/2013\/12\/Dise%C3%B1o-de-escuelas.jpg?resize=525%2C300 1.5x"},"classes":[]}],"jetpack_sharing_enabled":true,"jetpack_likes_enabled":true,"_links":{"self":[{"href":"https:\/\/www.24baires.com\/index.php?rest_route=\/wp\/v2\/posts\/14913","targetHints":{"allow":["GET"]}}],"collection":[{"href":"https:\/\/www.24baires.com\/index.php?rest_route=\/wp\/v2\/posts"}],"about":[{"href":"https:\/\/www.24baires.com\/index.php?rest_route=\/wp\/v2\/types\/post"}],"author":[{"embeddable":true,"href":"https:\/\/www.24baires.com\/index.php?rest_route=\/wp\/v2\/users\/4"}],"replies":[{"embeddable":true,"href":"https:\/\/www.24baires.com\/index.php?rest_route=%2Fwp%2Fv2%2Fcomments&post=14913"}],"version-history":[{"count":2,"href":"https:\/\/www.24baires.com\/index.php?rest_route=\/wp\/v2\/posts\/14913\/revisions"}],"predecessor-version":[{"id":14915,"href":"https:\/\/www.24baires.com\/index.php?rest_route=\/wp\/v2\/posts\/14913\/revisions\/14915"}],"wp:attachment":[{"href":"https:\/\/www.24baires.com\/index.php?rest_route=%2Fwp%2Fv2%2Fmedia&parent=14913"}],"wp:term":[{"taxonomy":"category","embeddable":true,"href":"https:\/\/www.24baires.com\/index.php?rest_route=%2Fwp%2Fv2%2Fcategories&post=14913"},{"taxonomy":"post_tag","embeddable":true,"href":"https:\/\/www.24baires.com\/index.php?rest_route=%2Fwp%2Fv2%2Ftags&post=14913"}],"curies":[{"name":"wp","href":"https:\/\/api.w.org\/{rel}","templated":true}]}}