{"id":14843,"date":"2013-02-06T15:59:57","date_gmt":"2013-02-06T18:59:57","guid":{"rendered":"http:\/\/www.24baires.com\/?p=14843"},"modified":"2013-02-06T15:24:22","modified_gmt":"2013-02-06T18:24:22","slug":"ley-de-talles-incumplimiento-quejas-y-advertencias","status":"publish","type":"post","link":"https:\/\/www.24baires.com\/?p=14843","title":{"rendered":"Ley de Talles: incumplimiento, quejas y advertencias"},"content":{"rendered":"<p>Mientras muchas mujeres se quejan de que la Ley de Talles \u201cno se respeta\u201d en los negocios de la regi\u00f3n, el debate por la vigencia de la norma se reedita. Desde las C\u00e1maras de Comercio locales argumentan que \u201csi faltan talles es por faltas de stock\u201d, en tanto desde las asociaciones de defensa del consumidores denuncian que los reclamos por este tema \u201ccon constantes\u201d.<!--more--><\/p>\n<p>&#8211; Me gusta este jean, \u00bften\u00e9s un 46?<\/p>\n<p>&#8211; No, en ese talle no me queda.<\/p>\n<p>&#8211; \u00bfY el mismo talle en otro modelo?<\/p>\n<p>&#8211; No, no, no est\u00e1n entrando.<\/p>\n<p>La adolescente sale del negocio con la idea de que si pesa un poco m\u00e1s de lo estipulado por los c\u00e1nones de la moda, conseguir ropa que le guste y que \u201cse use\u201d, para ella, ser\u00e1 imposible.<\/p>\n<p>\u201cEso de los talles es mentira. Hay talles grandes si buscas ropa de se\u00f1ora, pero si quer\u00e9s un jean o una remera que est\u00e9n buenas en las casas de marca, olvidate. No hay\u201d, reclam\u00f3 Mercedes, que tiene 23 a\u00f1os y asegura que sabe \u201clo que es caminar\u201d para vestirse como le gusta \u2013y a veces, no lo logra-.<\/p>\n<p>La ley 12665, m\u00e1s conocida como \u201cLey de Talles\u201d comenz\u00f3 a regir en la provincia de Buenos Aire en 2005 y obliga todos los fabricantes de indumentaria femenina para adolescentes a tener en todas su prendas al menos seis talles, que son los que van del 38 al 48, intercalando de a dos. La norma tambi\u00e9n obliga a que cada prenda tenga una etiqueta donde figure el talle y su correspondiente traducci\u00f3n a medidas y prev\u00e9 que a todo comerciante que no cumpla con estas medidas se lo multar\u00e1. Si es reincidente en el incumplimiento, en tanto, se le podr\u00eda clausurar el local hasta por cinco d\u00edas.<\/p>\n<p>En este marco, desde algunos comercios reconocen que no pueden mismo comercios reconocen que no pueden atenerse a la norma porque \u201cson los fabricantes\u201d los primeros que no lo hacen.<\/p>\n<p>\u201cPor m\u00e1s que nosotros quisi\u00e9ramos vender todos los talles, la realidad es que cuando vas a comprar te encontr\u00e1s con que ten\u00e9s talles hasta el 42 en algunas prendas, entonces no podes asegurar ropa para todas las medidas\u201d, se\u00f1al\u00f3 a este medio la encargada de un local de ropa femenina ubicado sobre la calle Esteban de Adrogu\u00e9, en Arrogu\u00e9.<\/p>\n<p>Desde Lomas de Zamora, el presidente de la C\u00e1mara de Comercio, Alberto Kahale, se\u00f1al\u00f3 sin embargo que en los comercios \u201cla ley se cumple\u201d.<\/p>\n<p>\u201cEn las tiendas respetan, compran todos los talles, pero es muy dif\u00edcil tener durante la toda la temporada, todos los talles en stock\u201d, argument\u00f3.<\/p>\n<p>\u201cLa ropa de moda se vende ni bien llega la reposici\u00f3n, una pantal\u00f3n azul oscuro siempre va a estar en vidriera. Hay reclamos porque esas prendas no se pueden reponer, entonces no hay stock completo\u201d, indic\u00f3.<\/p>\n<p>Las versiones que emergen de las asociaciones de defensa de usuarios y consumidores, sin embargo, son contrarias a las emitidas por los comerciantes.<\/p>\n<p>El titular de Defensa de Usuarios y Consumidores (ADDUC), Osvaldo Bassano, sostuvo que las normas \u201cno se cumplen ni las hacen cumplir\u201d.<\/p>\n<p>\u201cNunca se encuentran los talles grandes y nosotros recibimos quejas constantemente\u201d, indic\u00f3 Bassano, que acus\u00f3 que \u201cla ley es una mentira\u201d.<\/p>\n<p>\u201cVa cuando se hacen las prendas se hacen con talles distintos. A una etiqueta grande, le colocan un talle chico. Est\u00e1n mintiendo\u201d, denunci\u00f3.<\/p>\n<p>\u201cEl apotegma de la chica flaca y anor\u00e9xica es lo \u00fanico que fabrican las casas de moda, no hacen absolutamente nada que tenga que ver con la salud\u201d agreg\u00f3.<\/p>\n<p>Seg\u00fan el titular de ADDUC, \u201cla avaricia es uno de los problemas m\u00e1s graves que tenemos en el mercado porque con tal de hacer un negocio, se miente con la salud\u201d.<\/p>\n<p>Lo que denuncian tanto las asociaciones de defensa al consumidor como las entidades de lucha contra la bulimia y la anor\u00e9xica es que el hecho de \u201cmentir con los talles\u201d o de fabricar \u201cpocos talles grandes\u201d permite \u201cinvertir menos en tela\u201d.<\/p>\n<p>Mar\u00eda Lucia Loto (21) frecuenta los locales de vestimenta de Lomas de Zamora y es una de las tantas j\u00f3venes que opina que \u201cdeber\u00eda haber m\u00e1s variedad de ropa para las chicas con m\u00e1s peso\u201d. Tambi\u00e9n ratific\u00f3 la denuncia que hacen desde ADDUC: \u201cYo no s\u00e9 ni que talle de pantal\u00f3n tengo porque a veces es un 38 y otras un 40 o un 42\u201d, acus\u00f3.<\/p>\n<p>Jessica Arizaga (22), tambi\u00e9n frecuenta los locales de ropa y opin\u00f3 que si bien las mujeres siempre quieren estar a la moda no les queda otra que adaptarse \u201ca lo hay\u201d.<\/p>\n<p>\u201cSiempre la moda est\u00e1 hecha para la m\u00e1s delgadas, nunca se piensa en la mujer un poco m\u00e1s robusta. La moda no est\u00e1 hechas para los talles grandes\u201d, reclam\u00f3.<\/p>\n<p>Seg\u00fan voces como la de la Asociaci\u00f3n de Lucha contra la Bulimia y la Anorexia (ALUBA) eliminar talles o caer en conductas de este estilo es empujar a miles de adolescentes a eventuales trastornos de alimentaci\u00f3n. En este marco sostiene que \u201cel mundo de la moda no es un factor determinante en la formaci\u00f3n de los trastornos de la alimentaci\u00f3n, aunque s\u00ed puede llegar a convertirse para un grupo de personas, en un factor disparador o de mantenimiento\u201d.<\/p>\n<p>&nbsp;<\/p>\n<p>&nbsp;<\/p>\n<p>&nbsp;<\/p>\n<p>&nbsp;<\/p>\n<p>&nbsp;<\/p>\n<p>&nbsp;<\/p>\n<p>&nbsp;<\/p>\n<p>&nbsp;<\/p>\n<p>&nbsp;<\/p>\n<p>&nbsp;<\/p>\n<p>&nbsp;<\/p>\n<p>&nbsp;<\/p>\n<p>&nbsp;<\/p>\n<p>&nbsp;<\/p>\n<p>&nbsp;<\/p>\n<p>&nbsp;<\/p>\n<p>&nbsp;<\/p>\n<p>&nbsp;<\/p>\n<p>&nbsp;<\/p>\n","protected":false},"excerpt":{"rendered":"<p>Mientras muchas mujeres se quejan de que la Ley de Talles \u201cno se respeta\u201d en los negocios de la regi\u00f3n, el debate por la vigencia de la norma se reedita. Desde las C\u00e1maras de Comercio locales argumentan que \u201csi faltan talles es por faltas de stock\u201d, en tanto desde las asociaciones de defensa del consumidores denuncian que los reclamos por [&#8230;]<\/p>\n","protected":false},"author":4,"featured_media":0,"comment_status":"open","ping_status":"open","sticky":false,"template":"","format":"standard","meta":{"_jetpack_newsletter_access":"","_jetpack_dont_email_post_to_subs":false,"_jetpack_newsletter_tier_id":0,"_jetpack_memberships_contains_paywalled_content":false,"_jetpack_memberships_contains_paid_content":false,"footnotes":""},"categories":[1],"tags":[],"class_list":["post-14843","post","type-post","status-publish","format-standard","hentry","category-sociedad"],"jetpack_featured_media_url":"","jetpack_shortlink":"https:\/\/wp.me\/p2JWE0-3Rp","jetpack-related-posts":[{"id":92483,"url":"https:\/\/www.24baires.com\/?p=92483","url_meta":{"origin":14843,"position":0},"title":"Reclaman una Ley de Talles con alcance nacional","author":"AF","date":"17\/02\/2017","format":false,"excerpt":"Organizaciones de la sociedad civil y el Instituto Nacional contra la Discriminaci\u00f3n insistieron en su reclamo de una Ley Nacional para que comiencen a cumplirse cabalmente las muy dispares 12 normas provinciales, de las cuales solo cuatro est\u00e1n reglamentadas. El tema volvi\u00f3 a quedar sobre el tapete cuando la modelo\u2026","rel":"","context":"En \u00abSociedad\u00bb","block_context":{"text":"Sociedad","link":"https:\/\/www.24baires.com\/?cat=1"},"img":{"alt_text":"","src":"https:\/\/i0.wp.com\/www.24baires.com\/wp-content\/uploads\/2017\/02\/ley-talles.jpg?resize=350%2C200","width":350,"height":200,"srcset":"https:\/\/i0.wp.com\/www.24baires.com\/wp-content\/uploads\/2017\/02\/ley-talles.jpg?resize=350%2C200 1x, https:\/\/i0.wp.com\/www.24baires.com\/wp-content\/uploads\/2017\/02\/ley-talles.jpg?resize=525%2C300 1.5x"},"classes":[]},{"id":65131,"url":"https:\/\/www.24baires.com\/?p=65131","url_meta":{"origin":14843,"position":1},"title":"Los ni\u00f1os muertos","author":"AF","date":"29\/04\/2015","format":false,"excerpt":"\u201cPero ese instante sudoroso de nada acurrucado en la cueva del destino sin manos para decir nunca sin manos para regalar mariposas a los ni\u00f1os muertos.\u201d (Alejandra Pizarnik) En el barrio porte\u00f1o de Flores hab\u00eda un taller textil clandestino. Eso quiere decir que era un lugar que estaba fuera de\u2026","rel":"","context":"En \u00abOpini\u00f3n\u00bb","block_context":{"text":"Opini\u00f3n","link":"https:\/\/www.24baires.com\/?cat=64"},"img":{"alt_text":"taller clandestino","src":"https:\/\/i0.wp.com\/www.24baires.com\/wp-content\/uploads\/2015\/04\/taller-clandestino.jpg?resize=350%2C200","width":350,"height":200,"srcset":"https:\/\/i0.wp.com\/www.24baires.com\/wp-content\/uploads\/2015\/04\/taller-clandestino.jpg?resize=350%2C200 1x, https:\/\/i0.wp.com\/www.24baires.com\/wp-content\/uploads\/2015\/04\/taller-clandestino.jpg?resize=525%2C300 1.5x"},"classes":[]},{"id":50370,"url":"https:\/\/www.24baires.com\/?p=50370","url_meta":{"origin":14843,"position":2},"title":"Escalada: encontraron un taller clandestino con menores","author":"Grupo Sierra","date":"22\/07\/2014","format":false,"excerpt":"La clausura fue llevada a cabo por Inspectores del Ministerio de Trabajo bonaerense tras detectar la presencia de chicos y trabajadores sin registrar. En el procedimiento se encontraron 18 m\u00e1quinas de coser y camas donde dorm\u00edan los trabajadores, todos provenientes de Paraguay, sin registrar y varios de ellos indocumentados, quienes\u2026","rel":"","context":"En \u00abLocales\u00bb","block_context":{"text":"Locales","link":"https:\/\/www.24baires.com\/?cat=38"},"img":{"alt_text":"taller clandestino escalada","src":"https:\/\/i0.wp.com\/www.24baires.com\/wp-content\/uploads\/2014\/07\/taller-clandestino-escalada-300x169.jpg?resize=350%2C200","width":350,"height":200},"classes":[]},{"id":64962,"url":"https:\/\/www.24baires.com\/?p=64962","url_meta":{"origin":14843,"position":3},"title":"Tragedia en Floresta: dos ni\u00f1os murieron en un incendio en un taller clandestino","author":"GB","date":"27\/04\/2015","format":false,"excerpt":"Dos ni\u00f1os de 7 y 10 a\u00f1os murieron esta ma\u00f1ana al quedar atrapados en un incendio que afect\u00f3 un inmueble del barrio porte\u00f1o de Floresta, donde seg\u00fan el relato de vecinos funcionaba un taller clandestino de confecci\u00f3n de vestimentas. El siniestro, que afect\u00f3 a un subsuelo donde aparentemente dorm\u00edan los\u2026","rel":"","context":"En \u00abSociedad\u00bb","block_context":{"text":"Sociedad","link":"https:\/\/www.24baires.com\/?cat=1"},"img":{"alt_text":"incendio floresta","src":"https:\/\/i0.wp.com\/www.24baires.com\/wp-content\/uploads\/2015\/04\/incendio-floresta.jpg?resize=350%2C200","width":350,"height":200,"srcset":"https:\/\/i0.wp.com\/www.24baires.com\/wp-content\/uploads\/2015\/04\/incendio-floresta.jpg?resize=350%2C200 1x, https:\/\/i0.wp.com\/www.24baires.com\/wp-content\/uploads\/2015\/04\/incendio-floresta.jpg?resize=525%2C300 1.5x"},"classes":[]},{"id":24328,"url":"https:\/\/www.24baires.com\/?p=24328","url_meta":{"origin":14843,"position":4},"title":"Este s\u00e1bado se lanz\u00f3 el Programa &#8216;Ropa para Todos&#8217; en los supermercados","author":"Grupo Sierra","date":"25\/05\/2013","format":false,"excerpt":"El programa se lanz\u00f3 hoy en los distintos hipermercados con el fin de llegar al p\u00fablico con vestimenta accesible en precio y de fabricaci\u00f3n nacional. Se ofrecen zapatillas (entre 60 y 69 pesos), zapatos abotinados (99 pesos), jeans (82,50 pesos) y remeras (39 pesos). El programa \"Ropa para Todos\" se\u2026","rel":"","context":"En \u00abEconom\u00eda\u00bb","block_context":{"text":"Econom\u00eda","link":"https:\/\/www.24baires.com\/?cat=45"},"img":{"alt_text":"ropa para todos","src":"https:\/\/i0.wp.com\/www.24baires.com\/wp-content\/uploads\/2013\/05\/ropa-para-todos-300x180.jpg?resize=350%2C200","width":350,"height":200},"classes":[]},{"id":3195,"url":"https:\/\/www.24baires.com\/?p=3195","url_meta":{"origin":14843,"position":5},"title":"Ley de Talles: comerciantes deber\u00e1n exhibir n\u00fameros de tel\u00e9fono para denuncias","author":"AF","date":"25\/10\/2012","format":false,"excerpt":"El Senado bonaerense aprob\u00f3 este jueves un proyecto de ley por el cual se obliga a todos los comercios de la provincia de Buenos Aires a disponer en su sal\u00f3n principal un cartel que alerte a los usuarios sobre aspectos de la llamada \u201cLey de Talles\u201d donde se lean claramente\u2026","rel":"","context":"En \u00abSociedad\u00bb","block_context":{"text":"Sociedad","link":"https:\/\/www.24baires.com\/?cat=1"},"img":{"alt_text":"","src":"https:\/\/i0.wp.com\/www.24baires.com\/wp-content\/uploads\/2012\/10\/ley-de-talles-150x150.png?resize=350%2C200","width":350,"height":200},"classes":[]}],"jetpack_sharing_enabled":true,"jetpack_likes_enabled":true,"_links":{"self":[{"href":"https:\/\/www.24baires.com\/index.php?rest_route=\/wp\/v2\/posts\/14843","targetHints":{"allow":["GET"]}}],"collection":[{"href":"https:\/\/www.24baires.com\/index.php?rest_route=\/wp\/v2\/posts"}],"about":[{"href":"https:\/\/www.24baires.com\/index.php?rest_route=\/wp\/v2\/types\/post"}],"author":[{"embeddable":true,"href":"https:\/\/www.24baires.com\/index.php?rest_route=\/wp\/v2\/users\/4"}],"replies":[{"embeddable":true,"href":"https:\/\/www.24baires.com\/index.php?rest_route=%2Fwp%2Fv2%2Fcomments&post=14843"}],"version-history":[{"count":1,"href":"https:\/\/www.24baires.com\/index.php?rest_route=\/wp\/v2\/posts\/14843\/revisions"}],"predecessor-version":[{"id":14844,"href":"https:\/\/www.24baires.com\/index.php?rest_route=\/wp\/v2\/posts\/14843\/revisions\/14844"}],"wp:attachment":[{"href":"https:\/\/www.24baires.com\/index.php?rest_route=%2Fwp%2Fv2%2Fmedia&parent=14843"}],"wp:term":[{"taxonomy":"category","embeddable":true,"href":"https:\/\/www.24baires.com\/index.php?rest_route=%2Fwp%2Fv2%2Fcategories&post=14843"},{"taxonomy":"post_tag","embeddable":true,"href":"https:\/\/www.24baires.com\/index.php?rest_route=%2Fwp%2Fv2%2Ftags&post=14843"}],"curies":[{"name":"wp","href":"https:\/\/api.w.org\/{rel}","templated":true}]}}