{"id":14836,"date":"2013-02-06T15:02:55","date_gmt":"2013-02-06T18:02:55","guid":{"rendered":"http:\/\/www.24baires.com\/?p=14836"},"modified":"2013-02-06T14:54:24","modified_gmt":"2013-02-06T17:54:24","slug":"lanzan-el-programa-abordaje-territorial","status":"publish","type":"post","link":"https:\/\/www.24baires.com\/?p=14836","title":{"rendered":"Lanzan el Programa \u201cAbordaje territorial\u201d"},"content":{"rendered":"<p><strong>MAR DEL PLATA &#8211;<\/strong> Es organizado por la Direcci\u00f3n Nacional de Migraciones con el objetivo de promover y difundir los derechos, las obligaciones y las garant\u00edas de los inmigrantes para facilitar la regulaci\u00f3n migratoria en territorio nacional. El Lanzamiento ser\u00e1 ma\u00f1ana a las 18 en la facultad de Derecho de esa ciudad balnearia.<!--more--><br \/>\nLa Direcci\u00f3n Nacional de Migraciones (DNM) lanzar\u00e1 ma\u00f1ana jueves en la ciudad de Mar del Plata el \u00abPrograma de Abordaje Territorial\u00bb, durante un acto del que participar\u00e1 el director del \u00e1rea, Mart\u00edn Arias Duval.<\/p>\n<p>El encuentro tendr\u00e1 lugar a las 18 en el Aula Magna de la Facultad de Derecho de la Universidad Nacional de Mar del Plata (UNMP), ubicada en calle 25 de Mayo al 2800.<\/p>\n<p>El Programa de Abordaje Territorial se ocupa de la promoci\u00f3n y difusi\u00f3n de los derechos, obligaciones y garant\u00edas de los inmigrantes, con el objeto de facilitar la regulaci\u00f3n migratoria en todo el territorio nacional.<\/p>\n<p>Durante el acto se entregar\u00e1n adem\u00e1s los DNI a aquellos extranjeros que lo hayan tramitado oportunamente y se evacuar\u00e1n consultas sobre la documentaci\u00f3n requerida para el inicio de tr\u00e1mites a todo aquel residente extranjero que quiera regularizar su situaci\u00f3n migratoria en el pa\u00eds.<\/p>\n<p>&nbsp;<\/p>\n<p>&nbsp;<\/p>\n<p>&nbsp;<\/p>\n<p>&nbsp;<\/p>\n<p>&nbsp;<\/p>\n<p>&nbsp;<\/p>\n<p>&nbsp;<\/p>\n<p>&nbsp;<\/p>\n<p>&nbsp;<\/p>\n<p>&nbsp;<\/p>\n<p>&nbsp;<\/p>\n<p>&nbsp;<\/p>\n<p>&nbsp;<\/p>\n<p>&nbsp;<\/p>\n<p>&nbsp;<\/p>\n","protected":false},"excerpt":{"rendered":"<p>MAR DEL PLATA &#8211; Es organizado por la Direcci\u00f3n Nacional de Migraciones con el objetivo de promover y difundir los derechos, las obligaciones y las garant\u00edas de los inmigrantes para facilitar la regulaci\u00f3n migratoria en territorio nacional. El Lanzamiento ser\u00e1 ma\u00f1ana a las 18 en la facultad de Derecho de esa ciudad balnearia.<\/p>\n","protected":false},"author":4,"featured_media":0,"comment_status":"open","ping_status":"open","sticky":false,"template":"","format":"standard","meta":{"_jetpack_newsletter_access":"","_jetpack_dont_email_post_to_subs":false,"_jetpack_newsletter_tier_id":0,"_jetpack_memberships_contains_paywalled_content":false,"_jetpack_memberships_contains_paid_content":false,"footnotes":""},"categories":[1],"tags":[],"class_list":["post-14836","post","type-post","status-publish","format-standard","hentry","category-sociedad"],"jetpack_featured_media_url":"","jetpack_shortlink":"https:\/\/wp.me\/p2JWE0-3Ri","jetpack-related-posts":[{"id":86822,"url":"https:\/\/www.24baires.com\/?p=86822","url_meta":{"origin":14836,"position":0},"title":"El Gobierno cre\u00f3 un centro de detenci\u00f3n de migrantes","author":"GB","date":"27\/08\/2016","format":false,"excerpt":"La Direcci\u00f3n Nacional de Migraciones anunci\u00f3 la apertura de un centro para retener extranjeros sin documentaci\u00f3n regularizada. El CELS y Amnist\u00eda Internacional advirtieron que la medida criminaliza a los migrantes. \u201cEs privaci\u00f3n de la libertad y son detenciones por infracciones administrativas\u201d, alert\u00f3 una especialista A trav\u00e9s de un comunicado oficial,\u2026","rel":"","context":"En \u00abSociedad\u00bb","block_context":{"text":"Sociedad","link":"https:\/\/www.24baires.com\/?cat=1"},"img":{"alt_text":"frontera","src":"https:\/\/i0.wp.com\/www.24baires.com\/wp-content\/uploads\/2016\/08\/frontera.jpg?resize=350%2C200","width":350,"height":200,"srcset":"https:\/\/i0.wp.com\/www.24baires.com\/wp-content\/uploads\/2016\/08\/frontera.jpg?resize=350%2C200 1x, https:\/\/i0.wp.com\/www.24baires.com\/wp-content\/uploads\/2016\/08\/frontera.jpg?resize=525%2C300 1.5x"},"classes":[]},{"id":36822,"url":"https:\/\/www.24baires.com\/?p=36822","url_meta":{"origin":14836,"position":1},"title":"Un gran avance en planificaci\u00f3n urbana para la provincia","author":"Grupo Sierra","date":"14\/12\/2013","format":false,"excerpt":"Desde la Subsecretar\u00eda Social de tierras, urbanismo y vivienda, anunciaron el \u201cPrograma de Abordaje Territorial Planificado\u201d, donde Provincia y Municipios trabajar\u00e1n en conjunto por una mayor planificaci\u00f3n urbana. La Subsecretar\u00eda Social de Tierras, Urbanismo y Vivienda del Ministerio de Infraestructura, a cargo de Fabi\u00e1n Stachiotti, realiz\u00f3 hoy en el distrito\u2026","rel":"","context":"En \u00abProvincia\u00bb","block_context":{"text":"Provincia","link":"https:\/\/www.24baires.com\/?cat=40"},"img":{"alt_text":"","src":"","width":0,"height":0},"classes":[]},{"id":59857,"url":"https:\/\/www.24baires.com\/?p=59857","url_meta":{"origin":14836,"position":2},"title":"Alumnos exhiben producciones art\u00edsticas que ilustrar\u00e1n la Constituci\u00f3n bonaerense","author":"AF","date":"10\/01\/2015","format":false,"excerpt":"En el marco de las actividades de verano programadas por el gobierno bonaerense a trav\u00e9s de la Direcci\u00f3n General de Cultura y Educaci\u00f3n, se realiz\u00f3 este viernes en la ciudad de Mar del Plata, la presentaci\u00f3n de la muestra \u201cLa Constituci\u00f3n Provincial Ilustrada\u201d compuesta por 17 producciones art\u00edsticas realizadas por\u2026","rel":"","context":"En \u00abSociedad\u00bb","block_context":{"text":"Sociedad","link":"https:\/\/www.24baires.com\/?cat=1"},"img":{"alt_text":"alumnos-09-01-2015-15-29-18","src":"https:\/\/i0.wp.com\/www.24baires.com\/wp-content\/uploads\/2015\/01\/alumnos-09-01-2015-15-29-18.png?resize=350%2C200","width":350,"height":200},"classes":[]},{"id":97014,"url":"https:\/\/www.24baires.com\/?p=97014","url_meta":{"origin":14836,"position":3},"title":"Se realiz\u00f3 en Tandil el cuarto m\u00f3dulo de formaci\u00f3n de promotores territoriales en g\u00e9nero","author":"AF","date":"28\/08\/2017","format":false,"excerpt":"La actividad, a cargo de integrantes de la Mesa local intersectorial contra la violencia, estuvo enfocada en los procedimientos, implicancias, actores y recursos locales ante una denuncia por violencia de g\u00e9nero. Duurante la jornada del mi\u00e9rcoles 23 de agosto se llev\u00f3 a cabo el cuarto m\u00f3dulo de la formaci\u00f3n de\u2026","rel":"","context":"En \u00abSociedad\u00bb","block_context":{"text":"Sociedad","link":"https:\/\/www.24baires.com\/?cat=1"},"img":{"alt_text":"","src":"https:\/\/i0.wp.com\/www.24baires.com\/wp-content\/uploads\/2017\/08\/tandil.jpg?resize=350%2C200","width":350,"height":200,"srcset":"https:\/\/i0.wp.com\/www.24baires.com\/wp-content\/uploads\/2017\/08\/tandil.jpg?resize=350%2C200 1x, https:\/\/i0.wp.com\/www.24baires.com\/wp-content\/uploads\/2017\/08\/tandil.jpg?resize=525%2C300 1.5x"},"classes":[]},{"id":26666,"url":"https:\/\/www.24baires.com\/?p=26666","url_meta":{"origin":14836,"position":4},"title":"Crecieron las transferencias a los municipios para programas sociales en la Provincia","author":"Grupo Sierra","date":"23\/06\/2013","format":false,"excerpt":"El ministerio de Desarrollo Social provincial transfiri\u00f3, en lo que va del a\u00f1o, unos 115 millones de pesos a los municipios, recursos comprendidos en el Fondo de Fortalecimiento de Programas Sociales (FFPS), destinado a favorecer el desarrollo local y a apoyar a las familias en situaci\u00f3n de vulnerabilidad. \u201cEste sistema\u2026","rel":"","context":"En \u00abProvincia\u00bb","block_context":{"text":"Provincia","link":"https:\/\/www.24baires.com\/?cat=40"},"img":{"alt_text":"","src":"","width":0,"height":0},"classes":[]},{"id":39869,"url":"https:\/\/www.24baires.com\/?p=39869","url_meta":{"origin":14836,"position":5},"title":"Narcotr\u00e1fico y prostituci\u00f3n, un lazo investigado por el Municipio, la Provincia y la Naci\u00f3n","author":"Grupo Sierra","date":"05\/02\/2014","format":false,"excerpt":"LA PLATA- El intendente Pablo Bruera recibi\u00f3 en los \u00faltimos d\u00edas a autoridades de la Justicia, la Polic\u00eda y el Estado Nacional y Provincial, en una reuni\u00f3n que puso en marcha una mesa multisectorial, con participaci\u00f3n de vecinos, para el abordaje integral de la problem\u00e1tica del tr\u00e1fico de drogas en\u2026","rel":"","context":"En \u00abSociedad\u00bb","block_context":{"text":"Sociedad","link":"https:\/\/www.24baires.com\/?cat=1"},"img":{"alt_text":"","src":"","width":0,"height":0},"classes":[]}],"jetpack_sharing_enabled":true,"jetpack_likes_enabled":true,"_links":{"self":[{"href":"https:\/\/www.24baires.com\/index.php?rest_route=\/wp\/v2\/posts\/14836","targetHints":{"allow":["GET"]}}],"collection":[{"href":"https:\/\/www.24baires.com\/index.php?rest_route=\/wp\/v2\/posts"}],"about":[{"href":"https:\/\/www.24baires.com\/index.php?rest_route=\/wp\/v2\/types\/post"}],"author":[{"embeddable":true,"href":"https:\/\/www.24baires.com\/index.php?rest_route=\/wp\/v2\/users\/4"}],"replies":[{"embeddable":true,"href":"https:\/\/www.24baires.com\/index.php?rest_route=%2Fwp%2Fv2%2Fcomments&post=14836"}],"version-history":[{"count":2,"href":"https:\/\/www.24baires.com\/index.php?rest_route=\/wp\/v2\/posts\/14836\/revisions"}],"predecessor-version":[{"id":14838,"href":"https:\/\/www.24baires.com\/index.php?rest_route=\/wp\/v2\/posts\/14836\/revisions\/14838"}],"wp:attachment":[{"href":"https:\/\/www.24baires.com\/index.php?rest_route=%2Fwp%2Fv2%2Fmedia&parent=14836"}],"wp:term":[{"taxonomy":"category","embeddable":true,"href":"https:\/\/www.24baires.com\/index.php?rest_route=%2Fwp%2Fv2%2Fcategories&post=14836"},{"taxonomy":"post_tag","embeddable":true,"href":"https:\/\/www.24baires.com\/index.php?rest_route=%2Fwp%2Fv2%2Ftags&post=14836"}],"curies":[{"name":"wp","href":"https:\/\/api.w.org\/{rel}","templated":true}]}}