{"id":1483,"date":"2012-10-09T09:50:24","date_gmt":"2012-10-09T12:50:24","guid":{"rendered":"http:\/\/www.24baires.com\/?p=1483"},"modified":"2012-10-09T09:50:24","modified_gmt":"2012-10-09T12:50:24","slug":"brandsen-regula-sus-ruidos","status":"publish","type":"post","link":"https:\/\/www.24baires.com\/?p=1483","title":{"rendered":"Brandsen regula sus ruidos"},"content":{"rendered":"<p>Durante la noche del pasado lunes se desarroll\u00f3 una nueva sesi\u00f3n del Concejo Deliberante de Brandsen, siendo uno de los puntos a destacar la sanci\u00f3n por unanimidad de la Ordenanza que apunta a la erradicaci\u00f3n de ruidos molestos, iniciativa que present\u00f3 en su momento el edil del bloque Kolina-Causa Popular, Marcelo Castillo.<!--more--><\/p>\n<p>La normativa regir\u00e1 para los ruidos originados por fuentes fijas y m\u00f3viles de emisi\u00f3n en la v\u00eda p\u00fablica, consider\u00e1ndose que causa, produce o estimula ruidos molestos la circulaci\u00f3n de veh\u00edculos y\/o motocicletas de tracci\u00f3n mec\u00e1nica, desprovistos de silenciador de escape, con el mismo en mal estado o con escape libre de gases y\/o adaptaciones para provocar explosiones.<\/p>\n<p>Asimismo, la circulaci\u00f3n de veh\u00edculos que provoquen ruidos debido a ajustes defectuosos o desgastes del motor, frenos, carrocer\u00edas, rodajes u otras partes del mismo, cargas mal aseguradas o imperfectamente distribuidas. Tambi\u00e9n se contempla el uso de bocina, con excepci\u00f3n de los casos de emergencias o para evitar accidentes de tr\u00e1nsito.<\/p>\n<p>De la misma forma, se incluyen aceleradas desmedidas y la reproducci\u00f3n de m\u00fasica en veh\u00edculos que excedan los decibeles indicados en los l\u00edmites de medici\u00f3n.<\/p>\n<p>En cuanto a fuentes fijas, se consideran ruidos molestos la tenencia de animales dom\u00e9sticos que perturben el descanso vecinal y los equipos musicales utilizados a gran volumen, afectando la tranquilidad de los vecinos.<\/p>\n<p>A su vez, se deja sentado que las obras en construcci\u00f3n s\u00f3lo podr\u00e1n realizarse en horario diurno. Tambi\u00e9n se buscar\u00e1 moderar los niveles de ruidos desmedidos emanados desde comercios de esparcimiento.<\/p>\n<p>Desde el espacio liderado en Brandsen por la dirigente Sandra Gallardo, se expres\u00f3 que \u201cel edil Marcelo Castillo cumple de esta manera con la consigna que lo caracterizara en campa\u00f1a, referido a sumar soluciones y aportar ayuda para el bienestar de la comunidad toda. Kolina Brandsen, como siempre, ocup\u00f3 la mitad de los espacios de las barras en apoyo a su compa\u00f1ero y sus iniciativas. Un eslab\u00f3n m\u00e1s para la cadena de orgullos que esta agrupaci\u00f3n ha forjado con militancia y seriedad en la funci\u00f3n\u201d.<\/p>\n","protected":false},"excerpt":{"rendered":"<p>Durante la noche del pasado lunes se desarroll\u00f3 una nueva sesi\u00f3n del Concejo Deliberante de Brandsen, siendo uno de los puntos a destacar la sanci\u00f3n por unanimidad de la Ordenanza que apunta a la erradicaci\u00f3n de ruidos molestos, iniciativa que present\u00f3 en su momento el edil del bloque Kolina-Causa Popular, Marcelo Castillo.<\/p>\n","protected":false},"author":4,"featured_media":0,"comment_status":"open","ping_status":"open","sticky":false,"template":"","format":"standard","meta":{"_jetpack_newsletter_access":"","_jetpack_dont_email_post_to_subs":false,"_jetpack_newsletter_tier_id":0,"_jetpack_memberships_contains_paywalled_content":false,"_jetpack_memberships_contains_paid_content":false,"footnotes":""},"categories":[1],"tags":[],"class_list":["post-1483","post","type-post","status-publish","format-standard","hentry","category-sociedad"],"jetpack_featured_media_url":"","jetpack_shortlink":"https:\/\/wp.me\/p2JWE0-nV","jetpack-related-posts":[{"id":75883,"url":"https:\/\/www.24baires.com\/?p=75883","url_meta":{"origin":1483,"position":0},"title":"Bah\u00eda Blanca: sancionaron a una empresa por ruidos molestos","author":"AF","date":"02\/12\/2015","format":false,"excerpt":"La medida fue tomada despu\u00e9s del informe del Comit\u00e9 T\u00e9cnico Ejecutivo de la Agencia Ambiental de la Municipalidad que detect\u00f3 y midi\u00f3 el ruido y lo catalog\u00f3 como \u201cmolesto\u201d seg\u00fan los decibeles registrados. La Agencia Ambiental de la Municipalidad de Bah\u00eda Blanca sancion\u00f3 a una empresa ubicada en la zona\u2026","rel":"","context":"En \u00abLocales\u00bb","block_context":{"text":"Locales","link":"https:\/\/www.24baires.com\/?cat=38"},"img":{"alt_text":"","src":"","width":0,"height":0},"classes":[]},{"id":96632,"url":"https:\/\/www.24baires.com\/?p=96632","url_meta":{"origin":1483,"position":1},"title":"Brandsen: encontraron a una mujer y a su madre degolladas","author":"AF","date":"11\/08\/2017","format":false,"excerpt":"Una mujer de 80 a\u00f1os y su hija de 40 fueron halladas degolladas en su casa de la ciudad bonaerense de Brandsen, y si bien no se descartaba un doble homicidio tampoco que la menor haya matado a su madre y luego se haya suicidado, informaron fuentes judiciales y policiales.\u2026","rel":"","context":"En \u00abPoliciales\u00bb","block_context":{"text":"Policiales","link":"https:\/\/www.24baires.com\/?cat=49"},"img":{"alt_text":"","src":"https:\/\/i0.wp.com\/www.24baires.com\/wp-content\/uploads\/2014\/04\/polic%C3%ADa-cient%C3%ADfica.jpg?resize=350%2C200","width":350,"height":200,"srcset":"https:\/\/i0.wp.com\/www.24baires.com\/wp-content\/uploads\/2014\/04\/polic%C3%ADa-cient%C3%ADfica.jpg?resize=350%2C200 1x, https:\/\/i0.wp.com\/www.24baires.com\/wp-content\/uploads\/2014\/04\/polic%C3%ADa-cient%C3%ADfica.jpg?resize=525%2C300 1.5x"},"classes":[]},{"id":21824,"url":"https:\/\/www.24baires.com\/?p=21824","url_meta":{"origin":1483,"position":2},"title":"El uso de auriculares en los j\u00f3venes est\u00e1 produciendo \u00abuna alta tasa de hipoacusias\u00bb","author":"Grupo Sierra","date":"24\/04\/2013","format":false,"excerpt":"En el marco del D\u00eda Mundial de la Conciencia Sobre el Ruido, la integrante del Colegio de Fonoaudi\u00f3logos en La Plata, Silvia Berm\u00fadez, explic\u00f3 en di\u00e1logo radial que \u201chay una alta tasa de hipoacusias en j\u00f3venes que son recreacionales, o sea que no tienen que ver con su trabajo sino\u2026","rel":"","context":"En \u00abSociedad\u00bb","block_context":{"text":"Sociedad","link":"https:\/\/www.24baires.com\/?cat=1"},"img":{"alt_text":"","src":"","width":0,"height":0},"classes":[]},{"id":11450,"url":"https:\/\/www.24baires.com\/?p=11450","url_meta":{"origin":1483,"position":3},"title":"En Ostende, un cors\u00f3dromo despert\u00f3 el descontento de vecinos","author":"AF","date":"07\/01\/2013","format":false,"excerpt":"Se trata de una propuesta gestionada por Alfredo Baldini, a cargo de la Secretar\u00eda de Turismo municipal desde noviembre y con pol\u00e9mica: facilit\u00f3 la aprobaci\u00f3n de un aumento especial al ABL, contradiciendo sus posicionamientos previos, y a cambio salt\u00f3 al Gabinete de Hern\u00e1n Muriale. Tambi\u00e9n estar\u00eda implicado Roberto Porrretti, cara\u2026","rel":"","context":"En \u00abPol\u00edtica\u00bb","block_context":{"text":"Pol\u00edtica","link":"https:\/\/www.24baires.com\/?cat=51"},"img":{"alt_text":"cors\u00f3dromo Pinamar","src":"https:\/\/i0.wp.com\/www.24baires.com\/wp-content\/uploads\/2013\/01\/cors%C3%B3dromo-Pinamar.jpg?resize=350%2C200","width":350,"height":200,"srcset":"https:\/\/i0.wp.com\/www.24baires.com\/wp-content\/uploads\/2013\/01\/cors%C3%B3dromo-Pinamar.jpg?resize=350%2C200 1x, https:\/\/i0.wp.com\/www.24baires.com\/wp-content\/uploads\/2013\/01\/cors%C3%B3dromo-Pinamar.jpg?resize=525%2C300 1.5x"},"classes":[]},{"id":98847,"url":"https:\/\/www.24baires.com\/?p=98847","url_meta":{"origin":1483,"position":4},"title":"Lanzan un operativo in\u00e9dito de b\u00fasqueda del submarino","author":"GB","date":"21\/11\/2017","format":false,"excerpt":"A seis d\u00edas de la desaparici\u00f3n del ARA San Juan, descartaron dos pistas. De todos modos, las esperanzas no se pierden La b\u00fasqueda del submarino no cesa, sino todo lo contrario. En medio de las malas noticias por pistas que fueron descartadas, se anunci\u00f3 que desde hoy se desplegar\u00e1 un\u2026","rel":"","context":"En \u00abPol\u00edtica\u00bb","block_context":{"text":"Pol\u00edtica","link":"https:\/\/www.24baires.com\/?cat=51"},"img":{"alt_text":"","src":"https:\/\/i0.wp.com\/www.24baires.com\/wp-content\/uploads\/2017\/11\/ara-submarino-san-juan.jpg?resize=350%2C200","width":350,"height":200,"srcset":"https:\/\/i0.wp.com\/www.24baires.com\/wp-content\/uploads\/2017\/11\/ara-submarino-san-juan.jpg?resize=350%2C200 1x, https:\/\/i0.wp.com\/www.24baires.com\/wp-content\/uploads\/2017\/11\/ara-submarino-san-juan.jpg?resize=525%2C300 1.5x"},"classes":[]},{"id":58676,"url":"https:\/\/www.24baires.com\/?p=58676","url_meta":{"origin":1483,"position":5},"title":"Dock Sud: Escaparon tres presos de una comisar\u00eda","author":"GB","date":"15\/12\/2014","format":false,"excerpt":"El hecho ocurri\u00f3 el fin de semana. Habr\u00edan utilizado herramientas del patio del lugar para limar los barrotes y escapar. Presos escaparon de la comisar\u00eda de Dock Sud (3\u00aa de Avellaneda) tras limar los barrotes. Los agentes que se encontraban de guardia no percibieron que tres de los detenidos hab\u00edan\u2026","rel":"","context":"En \u00abPoliciales\u00bb","block_context":{"text":"Policiales","link":"https:\/\/www.24baires.com\/?cat=49"},"img":{"alt_text":"polic\u00eda3","src":"https:\/\/i0.wp.com\/www.24baires.com\/wp-content\/uploads\/2013\/12\/polic%C3%ADa3.jpg?resize=350%2C200","width":350,"height":200,"srcset":"https:\/\/i0.wp.com\/www.24baires.com\/wp-content\/uploads\/2013\/12\/polic%C3%ADa3.jpg?resize=350%2C200 1x, https:\/\/i0.wp.com\/www.24baires.com\/wp-content\/uploads\/2013\/12\/polic%C3%ADa3.jpg?resize=525%2C300 1.5x"},"classes":[]}],"jetpack_sharing_enabled":true,"jetpack_likes_enabled":true,"_links":{"self":[{"href":"https:\/\/www.24baires.com\/index.php?rest_route=\/wp\/v2\/posts\/1483","targetHints":{"allow":["GET"]}}],"collection":[{"href":"https:\/\/www.24baires.com\/index.php?rest_route=\/wp\/v2\/posts"}],"about":[{"href":"https:\/\/www.24baires.com\/index.php?rest_route=\/wp\/v2\/types\/post"}],"author":[{"embeddable":true,"href":"https:\/\/www.24baires.com\/index.php?rest_route=\/wp\/v2\/users\/4"}],"replies":[{"embeddable":true,"href":"https:\/\/www.24baires.com\/index.php?rest_route=%2Fwp%2Fv2%2Fcomments&post=1483"}],"version-history":[{"count":0,"href":"https:\/\/www.24baires.com\/index.php?rest_route=\/wp\/v2\/posts\/1483\/revisions"}],"wp:attachment":[{"href":"https:\/\/www.24baires.com\/index.php?rest_route=%2Fwp%2Fv2%2Fmedia&parent=1483"}],"wp:term":[{"taxonomy":"category","embeddable":true,"href":"https:\/\/www.24baires.com\/index.php?rest_route=%2Fwp%2Fv2%2Fcategories&post=1483"},{"taxonomy":"post_tag","embeddable":true,"href":"https:\/\/www.24baires.com\/index.php?rest_route=%2Fwp%2Fv2%2Ftags&post=1483"}],"curies":[{"name":"wp","href":"https:\/\/api.w.org\/{rel}","templated":true}]}}