{"id":14824,"date":"2013-02-06T13:30:23","date_gmt":"2013-02-06T16:30:23","guid":{"rendered":"http:\/\/www.24baires.com\/?p=14824"},"modified":"2013-02-06T13:15:43","modified_gmt":"2013-02-06T16:15:43","slug":"baradel-aseguro-que-no-habra-acuerdo-si-provincia-ofrece-un-aumento-del-18","status":"publish","type":"post","link":"https:\/\/www.24baires.com\/?p=14824","title":{"rendered":"Baradel asegur\u00f3 que no habr\u00e1 acuerdo si Provincia ofrece un aumento del 18%"},"content":{"rendered":"<p>A dos d\u00edas de la reuni\u00f3n de comisiones t\u00e9cnicas entre los gremios docentes y las autoridades de la Provincia, el Frente Gremial espera una \u201cdecisi\u00f3n pol\u00edtica\u201d para que no peligre el inicio del ciclo lectivo. El titular de SUTEBA, quien asegur\u00f3 que \u201cel comienzo de las clases depender\u00e1 de la propuesta que haga el gobierno\u201d.<!--more--><br \/>\nLos gremios agrupados en el Frente Gremial Docente Bonaerense (FGDB) se preparan para la nueva reuni\u00f3n paritaria que se desarrollar\u00e1 el pr\u00f3ximo viernes y en la que esperan que los funcionarios entreguen la primera oferta oficial.<\/p>\n<p>En este sentido, el secretario general de SUTEBA, Roberto Baradel, explic\u00f3 que \u201cesperamos que haya una respuesta concreta, que el gobierno nos traiga una propuesta\u201d.<\/p>\n<p>\u201cVemos muy mal los n\u00fameros de los que se habla\u201d, dijo el gremialista y anticip\u00f3 que \u201cno va a haber acuerdo en caso que el gobierno se plante en el 18 por ciento\u201d.<\/p>\n<p>\u201cEl gobierno tendr\u00e1 que esforzarse para llegar a un acuerdo lo m\u00e1s pronto posible, lo que va a ocurrir si existe una propuesta que responda a las necesidades de los trabajadores\u201d, agreg\u00f3.<\/p>\n<p>Antes de las paritarias, la directora general de Cultura y Educaci\u00f3n, Nora De Lucia, hab\u00eda afirmado que las reuniones de negociaci\u00f3n de este a\u00f1o iban a \u201cmarcar un cambio en la trayectoria de paritaria\u201d.<\/p>\n<p>Sin embargo, los docentes contin\u00faan esperando una oferta oficial que mejore el salario b\u00e1sico \u2013actualmente fijado en 1.598 pesos-, la eliminaci\u00f3n del pago del impuesto a las ganancias y la universalizaci\u00f3n en el cobro de las asignaciones.<\/p>\n<p>Tambi\u00e9n reclaman que se abone el 100 por ciento de los salarios adeudados desde el pasado a\u00f1o.<\/p>\n<p>Al respecto, Baradel sostuvo que \u201ces una verg\u00fcenza que no hayan cobrado al d\u00eda los docentes provisionales\u201d, m\u00e1s all\u00e1 de que \u201cla gran mayor\u00eda ya pudo cobrar, salvo algunos casos puntuales que ya los est\u00e1n reclamando para que se regularicen\u201d.<\/p>\n<p>Por \u00faltimo, se refiri\u00f3 al suministro de alimentos para los comedores escolares. \u201cEn este momento son pocos los comedores en funcionamiento, pero esperemos que cuando comiencen a funcionar todas las escuelas no haya ning\u00fan inconveniente como el a\u00f1o pasado\u201d, advirti\u00f3 el titular de SUTEBA.<\/p>\n<p>&nbsp;<\/p>\n<p>&nbsp;<\/p>\n<p>&nbsp;<\/p>\n<p>&nbsp;<\/p>\n<p>&nbsp;<\/p>\n<p>&nbsp;<\/p>\n<p>&nbsp;<\/p>\n<p>&nbsp;<\/p>\n<p>&nbsp;<\/p>\n<p>&nbsp;<\/p>\n<p>&nbsp;<\/p>\n<p>&nbsp;<\/p>\n<p>&nbsp;<\/p>\n<p>&nbsp;<\/p>\n<p>&nbsp;<\/p>\n<p>&nbsp;<\/p>\n<p>&nbsp;<\/p>\n<p>&nbsp;<\/p>\n<p>&nbsp;<\/p>\n<p>&nbsp;<\/p>\n<p>&nbsp;<\/p>\n<p>&nbsp;<\/p>\n<p>&nbsp;<\/p>\n<p>&nbsp;<\/p>\n<p>&nbsp;<\/p>\n<p>Bar<\/p>\n","protected":false},"excerpt":{"rendered":"<p>A dos d\u00edas de la reuni\u00f3n de comisiones t\u00e9cnicas entre los gremios docentes y las autoridades de la Provincia, el Frente Gremial espera una \u201cdecisi\u00f3n pol\u00edtica\u201d para que no peligre el inicio del ciclo lectivo. El titular de SUTEBA, quien asegur\u00f3 que \u201cel comienzo de las clases depender\u00e1 de la propuesta que haga el gobierno\u201d.<\/p>\n","protected":false},"author":4,"featured_media":0,"comment_status":"open","ping_status":"open","sticky":false,"template":"","format":"standard","meta":{"_jetpack_newsletter_access":"","_jetpack_dont_email_post_to_subs":false,"_jetpack_newsletter_tier_id":0,"_jetpack_memberships_contains_paywalled_content":false,"_jetpack_memberships_contains_paid_content":false,"footnotes":""},"categories":[1],"tags":[],"class_list":["post-14824","post","type-post","status-publish","format-standard","hentry","category-sociedad"],"jetpack_featured_media_url":"","jetpack_shortlink":"https:\/\/wp.me\/p2JWE0-3R6","jetpack-related-posts":[{"id":24179,"url":"https:\/\/www.24baires.com\/?p=24179","url_meta":{"origin":14824,"position":0},"title":"Fracas\u00f3 reuni\u00f3n entre Frente Gremial y gobierno: docentes van al paro. Udocba se retir\u00f3 del encuentro.","author":"Grupo Sierra","date":"23\/05\/2013","format":false,"excerpt":"As\u00ed lo aseguraron los titulares de Suteba y la Feb, Roberto Baradel y Mirta Petrocini respectivamente al finalizar el encuentro que mantuvieron hace instantes con representantes del gobierno provincial. Pese al cuarto intermedio convocado el martes pasado, no hubo mejora en la propuesta y los trabajadores de la educaci\u00f3n se\u2026","rel":"","context":"En \u00abProvincia\u00bb","block_context":{"text":"Provincia","link":"https:\/\/www.24baires.com\/?cat=40"},"img":{"alt_text":"baradel declaraciones","src":"https:\/\/i0.wp.com\/www.24baires.com\/wp-content\/uploads\/2012\/12\/baradel-declaraciones.jpg?resize=350%2C200","width":350,"height":200,"srcset":"https:\/\/i0.wp.com\/www.24baires.com\/wp-content\/uploads\/2012\/12\/baradel-declaraciones.jpg?resize=350%2C200 1x, https:\/\/i0.wp.com\/www.24baires.com\/wp-content\/uploads\/2012\/12\/baradel-declaraciones.jpg?resize=525%2C300 1.5x"},"classes":[]},{"id":25088,"url":"https:\/\/www.24baires.com\/?p=25088","url_meta":{"origin":14824,"position":1},"title":"M\u00e1s cerca del acuerdo: Scioli mejor\u00f3 la oferta a los docentes y responden el viernes","author":"Grupo Sierra","date":"04\/06\/2013","format":false,"excerpt":"Tras varias horas de reuni\u00f3n el gobierno elev\u00f3 de 22,6% a 24,5% el aumento. Los sindicatos responder\u00e1n el viernes si la aceptan. El titular de Suteba, Roberto Baradel explic\u00f3, al t\u00e9rmino del encuentro que el Frente Gremial Docente mantuvo con las autoridades provinciales, que \"no habr\u00e1 descuento por los d\u00edas\u2026","rel":"","context":"En \u00abProvincia\u00bb","block_context":{"text":"Provincia","link":"https:\/\/www.24baires.com\/?cat=40"},"img":{"alt_text":"docentes ultima","src":"https:\/\/i0.wp.com\/www.24baires.com\/wp-content\/uploads\/2013\/06\/docentes-ultima.jpg?resize=350%2C200","width":350,"height":200},"classes":[]},{"id":19287,"url":"https:\/\/www.24baires.com\/?p=19287","url_meta":{"origin":14824,"position":2},"title":"El Frente Gremial docente define esta tarde c\u00f3mo contin\u00faa el plan de lucha","author":"AF","date":"25\/03\/2013","format":false,"excerpt":"Los titulares de los gremios del Frente Gremial Docente bonaerense se reunir\u00e1n a las 15. El titular del Suteba asegur\u00f3 que \"el gobierno bonaerense tiene que asumir la crisis del sistema educativo\". Roberto Baradel, titular del Sindicato Unico de Trabajadores de la Educaci\u00f3n de Buenos Aires (Suteba), dijo que \"en\u2026","rel":"","context":"En \u00abSociedad\u00bb","block_context":{"text":"Sociedad","link":"https:\/\/www.24baires.com\/?cat=1"},"img":{"alt_text":"docentes gobernaci\u00f3n","src":"https:\/\/i0.wp.com\/www.24baires.com\/wp-content\/uploads\/2013\/03\/docentes-gobernaci%C3%B3n-300x200.jpg?resize=350%2C200","width":350,"height":200},"classes":[]},{"id":42999,"url":"https:\/\/www.24baires.com\/?p=42999","url_meta":{"origin":14824,"position":3},"title":"Termin\u00f3 el conflicto docente: el lunes empiezan las clases","author":"Grupo Sierra","date":"29\/03\/2014","format":false,"excerpt":"Los gremios Suteba y FEB comunicaron este mediod\u00eda en conferencia de prensa que aceptaron la propuesta del gobierno de Daniel Scioli. \"El 92 por ciento de las asambleas realizadas aprobaron la propuesta\" salarial, sostuvo el gremialista Roberto Baradel Roberto Baradel, titular del sindicato docente bonaerense Suteba, confirm\u00f3 que el lunes\u2026","rel":"","context":"En \u00abPol\u00edtica\u00bb","block_context":{"text":"Pol\u00edtica","link":"https:\/\/www.24baires.com\/?cat=51"},"img":{"alt_text":"baradel denuncia inspectores","src":"https:\/\/i0.wp.com\/www.24baires.com\/wp-content\/uploads\/2013\/05\/baradel-denuncia-inspectores.jpg?resize=350%2C200","width":350,"height":200,"srcset":"https:\/\/i0.wp.com\/www.24baires.com\/wp-content\/uploads\/2013\/05\/baradel-denuncia-inspectores.jpg?resize=350%2C200 1x, https:\/\/i0.wp.com\/www.24baires.com\/wp-content\/uploads\/2013\/05\/baradel-denuncia-inspectores.jpg?resize=525%2C300 1.5x"},"classes":[]},{"id":93132,"url":"https:\/\/www.24baires.com\/?p=93132","url_meta":{"origin":14824,"position":4},"title":"Baradel asegura que si el Gobierno convoca a paritaria nacional, \u00abel conflicto se destraba\u00bb","author":"AF","date":"17\/03\/2017","format":false,"excerpt":"El secretario general de Suteba rechaz\u00f3 adem\u00e1s una ruptura en el frente gremial de maestros bonaerenses al asegurar que \"la respuesta fue la masiva movilizaci\u00f3n\" del jueves en La Plata frente a la gobernaci\u00f3n. El secretario general del Sindicato Unificado de Trabajadores de la Educaci\u00f3n de Buenos Aires (Suteba), Roberto\u2026","rel":"","context":"En \u00abSociedad\u00bb","block_context":{"text":"Sociedad","link":"https:\/\/www.24baires.com\/?cat=1"},"img":{"alt_text":"","src":"https:\/\/i0.wp.com\/www.24baires.com\/wp-content\/uploads\/2013\/05\/baradel-denuncia-inspectores.jpg?resize=350%2C200","width":350,"height":200,"srcset":"https:\/\/i0.wp.com\/www.24baires.com\/wp-content\/uploads\/2013\/05\/baradel-denuncia-inspectores.jpg?resize=350%2C200 1x, https:\/\/i0.wp.com\/www.24baires.com\/wp-content\/uploads\/2013\/05\/baradel-denuncia-inspectores.jpg?resize=525%2C300 1.5x"},"classes":[]},{"id":42771,"url":"https:\/\/www.24baires.com\/?p=42771","url_meta":{"origin":14824,"position":5},"title":"Despu\u00e9s de 15 d\u00edas de paro, se re\u00fanen los docentes y el Gobierno","author":"Grupo Sierra","date":"26\/03\/2014","format":false,"excerpt":"El gobierno y los gremios docentes volver\u00e1n a reunirse este mi\u00e9rcoles para intentar destrabar el conflicto que impide el inicio del ciclo lectivo escolar en la provincia de Buenos Aires, mientras que los maestros ratificaron hoy la continuidad de las medidas de fuerza pese a un fallo judicial que los\u2026","rel":"","context":"En \u00abSociedad\u00bb","block_context":{"text":"Sociedad","link":"https:\/\/www.24baires.com\/?cat=1"},"img":{"alt_text":"scioli_docentes_270313_2_ef_70368","src":"https:\/\/i0.wp.com\/www.24baires.com\/wp-content\/uploads\/2013\/03\/scioli_docentes_270313_2_ef_70368.jpg?resize=350%2C200","width":350,"height":200,"srcset":"https:\/\/i0.wp.com\/www.24baires.com\/wp-content\/uploads\/2013\/03\/scioli_docentes_270313_2_ef_70368.jpg?resize=350%2C200 1x, https:\/\/i0.wp.com\/www.24baires.com\/wp-content\/uploads\/2013\/03\/scioli_docentes_270313_2_ef_70368.jpg?resize=525%2C300 1.5x"},"classes":[]}],"jetpack_sharing_enabled":true,"jetpack_likes_enabled":true,"_links":{"self":[{"href":"https:\/\/www.24baires.com\/index.php?rest_route=\/wp\/v2\/posts\/14824","targetHints":{"allow":["GET"]}}],"collection":[{"href":"https:\/\/www.24baires.com\/index.php?rest_route=\/wp\/v2\/posts"}],"about":[{"href":"https:\/\/www.24baires.com\/index.php?rest_route=\/wp\/v2\/types\/post"}],"author":[{"embeddable":true,"href":"https:\/\/www.24baires.com\/index.php?rest_route=\/wp\/v2\/users\/4"}],"replies":[{"embeddable":true,"href":"https:\/\/www.24baires.com\/index.php?rest_route=%2Fwp%2Fv2%2Fcomments&post=14824"}],"version-history":[{"count":1,"href":"https:\/\/www.24baires.com\/index.php?rest_route=\/wp\/v2\/posts\/14824\/revisions"}],"predecessor-version":[{"id":14825,"href":"https:\/\/www.24baires.com\/index.php?rest_route=\/wp\/v2\/posts\/14824\/revisions\/14825"}],"wp:attachment":[{"href":"https:\/\/www.24baires.com\/index.php?rest_route=%2Fwp%2Fv2%2Fmedia&parent=14824"}],"wp:term":[{"taxonomy":"category","embeddable":true,"href":"https:\/\/www.24baires.com\/index.php?rest_route=%2Fwp%2Fv2%2Fcategories&post=14824"},{"taxonomy":"post_tag","embeddable":true,"href":"https:\/\/www.24baires.com\/index.php?rest_route=%2Fwp%2Fv2%2Ftags&post=14824"}],"curies":[{"name":"wp","href":"https:\/\/api.w.org\/{rel}","templated":true}]}}