{"id":14815,"date":"2013-02-06T13:00:01","date_gmt":"2013-02-06T16:00:01","guid":{"rendered":"http:\/\/www.24baires.com\/?p=14815"},"modified":"2013-02-06T12:52:45","modified_gmt":"2013-02-06T15:52:45","slug":"micheli-confirmo-la-movilizacion-del-proximo-14-y-amenaza-con-un-paro","status":"publish","type":"post","link":"https:\/\/www.24baires.com\/?p=14815","title":{"rendered":"Micheli confirm\u00f3 la movilizaci\u00f3n del pr\u00f3ximo 14 y amenaza con un paro"},"content":{"rendered":"<p><img data-recalc-dims=\"1\" loading=\"lazy\" decoding=\"async\" class=\"alignleft size-full wp-image-7493\" alt=\"micheli\" src=\"https:\/\/i0.wp.com\/www.24baires.com\/wp-content\/uploads\/2012\/12\/micheli.png?resize=250%2C175\" width=\"250\" height=\"175\" \/>El titular de la CTA opositora, Pablo Micheli, confirm\u00f3 una movilizaci\u00f3n al ministerio de Trabajo para el 14 de marzo, al que podr\u00eda sumarse la CGT de Hugo Moyano, y no descart\u00f3 un paro nacional para el primer semestre del a\u00f1o en contra del impuesto a las Ganancias sobre los salarios de los trabajadores.<!--more--><\/p>\n<p>Tras mantener un encuentro con Moyano en la sede del gremio de Camioneros, Micheli dijo que los acuerdos de congelamiento de precios que el secretario de Comercio Interior, Guillermo Moreno, paut\u00f3 con los supermercados es \u00abuna maniobra para reducir la pauta salarial para este a\u00f1o\u00bb.<\/p>\n<p>Sobre el aumento del 20 por ciento del m\u00ednimo no imponible de Ganancias, anunciado d\u00edas atr\u00e1s por la presidente Cristina Fern\u00e1ndez, afirm\u00f3 que \u00abno refleja la realidad despu\u00e9s de dos a\u00f1os con alrededor de 50 por ciento de inflaci\u00f3n\u00bb.<\/p>\n<p>&nbsp;<\/p>\n<p>&nbsp;<\/p>\n<p>&nbsp;<\/p>\n<p>&nbsp;<\/p>\n<p>&nbsp;<\/p>\n<p>&nbsp;<\/p>\n<p>&nbsp;<\/p>\n<p>&nbsp;<\/p>\n<p>&nbsp;<\/p>\n<p>&nbsp;<\/p>\n<p>&nbsp;<\/p>\n<p>&nbsp;<\/p>\n<p>&nbsp;<\/p>\n<p>&nbsp;<\/p>\n<p>&nbsp;<\/p>\n<p>&nbsp;<\/p>\n<p>&nbsp;<\/p>\n","protected":false},"excerpt":{"rendered":"<p>El titular de la CTA opositora, Pablo Micheli, confirm\u00f3 una movilizaci\u00f3n al ministerio de Trabajo para el 14 de marzo, al que podr\u00eda sumarse la CGT de Hugo Moyano, y no descart\u00f3 un paro nacional para el primer semestre del a\u00f1o en contra del impuesto a las Ganancias sobre los salarios de los trabajadores.<\/p>\n","protected":false},"author":4,"featured_media":0,"comment_status":"open","ping_status":"open","sticky":false,"template":"","format":"standard","meta":{"_jetpack_newsletter_access":"","_jetpack_dont_email_post_to_subs":false,"_jetpack_newsletter_tier_id":0,"_jetpack_memberships_contains_paywalled_content":false,"_jetpack_memberships_contains_paid_content":false,"footnotes":""},"categories":[1],"tags":[],"class_list":["post-14815","post","type-post","status-publish","format-standard","hentry","category-sociedad"],"jetpack_featured_media_url":"","jetpack_shortlink":"https:\/\/wp.me\/p2JWE0-3QX","jetpack-related-posts":[{"id":106187,"url":"https:\/\/www.24baires.com\/?p=106187","url_meta":{"origin":14815,"position":0},"title":"Camioneros y la CTA preparan medidas de fuerza contra los tarifazos","author":"GB","date":"03\/01\/2019","format":false,"excerpt":"Los gremios de los Moyano, Pablo Micheli y Hugo Yasky brindar\u00e1n una conferencia de prensa para anunciar la primera movilizaci\u00f3n del 2019. La CTA de los Trabajadores de Hugo Yasky, la CTA Aut\u00f3noma de Pablo Micheli y el sindicato de Camioneros de Hugo y Pablo Moyano brindar\u00e1n este jueves una\u2026","rel":"","context":"En \u00abPol\u00edtica\u00bb","block_context":{"text":"Pol\u00edtica","link":"https:\/\/www.24baires.com\/?cat=51"},"img":{"alt_text":"","src":"https:\/\/i0.wp.com\/www.24baires.com\/wp-content\/uploads\/2016\/11\/acto-cta.jpg?resize=350%2C200","width":350,"height":200,"srcset":"https:\/\/i0.wp.com\/www.24baires.com\/wp-content\/uploads\/2016\/11\/acto-cta.jpg?resize=350%2C200 1x, https:\/\/i0.wp.com\/www.24baires.com\/wp-content\/uploads\/2016\/11\/acto-cta.jpg?resize=525%2C300 1.5x"},"classes":[]},{"id":107626,"url":"https:\/\/www.24baires.com\/?p=107626","url_meta":{"origin":14815,"position":1},"title":"Moyano llam\u00f3 a un paro general y cruz\u00f3 a la c\u00fapula de la CGT","author":"AF","date":"11\/04\/2019","format":false,"excerpt":"El l\u00edder de camioneros asegur\u00f3 que se llevar\u00e1 a cabo una huelga general para el 30 de abril. En este sentido, le reclam\u00f3 a la CGT que tome cartas en el asunto. \"No reaccionan\", se quej\u00f3 el dirigente. Los gremios disidentes a la CGT, encabezados por Hugo Moyano y las\u2026","rel":"","context":"En \u00abSociedad\u00bb","block_context":{"text":"Sociedad","link":"https:\/\/www.24baires.com\/?cat=1"},"img":{"alt_text":"","src":"https:\/\/i0.wp.com\/www.24baires.com\/wp-content\/uploads\/2018\/05\/moyano.jpg?resize=350%2C200","width":350,"height":200,"srcset":"https:\/\/i0.wp.com\/www.24baires.com\/wp-content\/uploads\/2018\/05\/moyano.jpg?resize=350%2C200 1x, https:\/\/i0.wp.com\/www.24baires.com\/wp-content\/uploads\/2018\/05\/moyano.jpg?resize=525%2C300 1.5x"},"classes":[]},{"id":106536,"url":"https:\/\/www.24baires.com\/?p=106536","url_meta":{"origin":14815,"position":2},"title":"Mar del Plata march\u00f3 contra el tarifazo","author":"AF","date":"24\/01\/2019","format":false,"excerpt":"Las dos CTA, el Frente Sindical para el Modelo Nacional, la Multisectorial 21F y organizaciones de consumidores realizaron la edici\u00f3n balnearia de la movilizaci\u00f3n contra la suba de los servicios. Detr\u00e1s de una bandera con la consigna \"No a los tarifazos\" avanz\u00f3 por el centro de Mar del Plata la\u2026","rel":"","context":"En \u00abSociedad\u00bb","block_context":{"text":"Sociedad","link":"https:\/\/www.24baires.com\/?cat=1"},"img":{"alt_text":"","src":"https:\/\/i0.wp.com\/www.24baires.com\/wp-content\/uploads\/2019\/01\/tarifazo-mar-del-plata.jpg?resize=350%2C200","width":350,"height":200,"srcset":"https:\/\/i0.wp.com\/www.24baires.com\/wp-content\/uploads\/2019\/01\/tarifazo-mar-del-plata.jpg?resize=350%2C200 1x, https:\/\/i0.wp.com\/www.24baires.com\/wp-content\/uploads\/2019\/01\/tarifazo-mar-del-plata.jpg?resize=525%2C300 1.5x"},"classes":[]},{"id":6102,"url":"https:\/\/www.24baires.com\/?p=6102","url_meta":{"origin":14815,"position":3},"title":"La CGT de Moyano y la CTA de Micheli paran por 24 horas","author":"AF","date":"20\/11\/2012","format":false,"excerpt":"Apuestan a los cortes de calles y rutas para potenciar el alcance del paro. Pablo Micheli reconoci\u00f3 que intentar\u00e1n impedir que quienes quieran ir a trabajar puedan hacerlo. Barrionuevo anticip\u00f3 una nueva medida de fuerza de 36 horas. La CGT de Hugo Moyano y la CTA de Pablo Micheli, m\u00e1s\u2026","rel":"","context":"En \u00abSociedad\u00bb","block_context":{"text":"Sociedad","link":"https:\/\/www.24baires.com\/?cat=1"},"img":{"alt_text":"","src":"https:\/\/i0.wp.com\/www.24baires.com\/wp-content\/uploads\/2012\/11\/micheli-moyano.jpg?resize=350%2C200","width":350,"height":200},"classes":[]},{"id":107903,"url":"https:\/\/www.24baires.com\/?p=107903","url_meta":{"origin":14815,"position":4},"title":"Las CTA y el Frente Sindical dan inicio a un nuevo paro nacional contra las pol\u00edticas de Macri","author":"GB","date":"30\/04\/2019","format":false,"excerpt":"Las organizaciones conducidas por Micheli y Yasky se suman a Camioneros y la Bancaria como los principales gremios que se adhieren a una nueva jornada de protestas en todo el pa\u00eds producto de la crisis generada por el Gobierno de Cambiemos. Fuerte acatamiento de las l\u00edneas de colectivos pese a\u2026","rel":"","context":"En \u00abPol\u00edtica\u00bb","block_context":{"text":"Pol\u00edtica","link":"https:\/\/www.24baires.com\/?cat=51"},"img":{"alt_text":"","src":"https:\/\/i0.wp.com\/www.24baires.com\/wp-content\/uploads\/2019\/04\/frente-sindical.jpg?resize=350%2C200","width":350,"height":200,"srcset":"https:\/\/i0.wp.com\/www.24baires.com\/wp-content\/uploads\/2019\/04\/frente-sindical.jpg?resize=350%2C200 1x, https:\/\/i0.wp.com\/www.24baires.com\/wp-content\/uploads\/2019\/04\/frente-sindical.jpg?resize=525%2C300 1.5x"},"classes":[]},{"id":58104,"url":"https:\/\/www.24baires.com\/?p=58104","url_meta":{"origin":14815,"position":5},"title":"Paro de Moyano, un cl\u00e1sico de fin de a\u00f1o","author":"Grupo Sierra","date":"03\/12\/2014","format":false,"excerpt":"El gremio que conduce Hugo Moyano anunci\u00f3 un paro nacional de 24 horas, al que adhirieron gremios de transporte. Piden \"la eliminaci\u00f3n o modificaci\u00f3n de al\u00edcuotas y escalas del impuesto a las ganancias\". Luego de dos horas y media de deliberaciones, la conducci\u00f3n de la CGT Azopardo anunci\u00f3 la protesta\u2026","rel":"","context":"En \u00abPol\u00edtica\u00bb","block_context":{"text":"Pol\u00edtica","link":"https:\/\/www.24baires.com\/?cat=51"},"img":{"alt_text":"moyano massa","src":"https:\/\/i0.wp.com\/www.24baires.com\/wp-content\/uploads\/2013\/08\/moyano-massa.jpg?resize=350%2C200","width":350,"height":200,"srcset":"https:\/\/i0.wp.com\/www.24baires.com\/wp-content\/uploads\/2013\/08\/moyano-massa.jpg?resize=350%2C200 1x, https:\/\/i0.wp.com\/www.24baires.com\/wp-content\/uploads\/2013\/08\/moyano-massa.jpg?resize=525%2C300 1.5x"},"classes":[]}],"jetpack_sharing_enabled":true,"jetpack_likes_enabled":true,"_links":{"self":[{"href":"https:\/\/www.24baires.com\/index.php?rest_route=\/wp\/v2\/posts\/14815","targetHints":{"allow":["GET"]}}],"collection":[{"href":"https:\/\/www.24baires.com\/index.php?rest_route=\/wp\/v2\/posts"}],"about":[{"href":"https:\/\/www.24baires.com\/index.php?rest_route=\/wp\/v2\/types\/post"}],"author":[{"embeddable":true,"href":"https:\/\/www.24baires.com\/index.php?rest_route=\/wp\/v2\/users\/4"}],"replies":[{"embeddable":true,"href":"https:\/\/www.24baires.com\/index.php?rest_route=%2Fwp%2Fv2%2Fcomments&post=14815"}],"version-history":[{"count":2,"href":"https:\/\/www.24baires.com\/index.php?rest_route=\/wp\/v2\/posts\/14815\/revisions"}],"predecessor-version":[{"id":14817,"href":"https:\/\/www.24baires.com\/index.php?rest_route=\/wp\/v2\/posts\/14815\/revisions\/14817"}],"wp:attachment":[{"href":"https:\/\/www.24baires.com\/index.php?rest_route=%2Fwp%2Fv2%2Fmedia&parent=14815"}],"wp:term":[{"taxonomy":"category","embeddable":true,"href":"https:\/\/www.24baires.com\/index.php?rest_route=%2Fwp%2Fv2%2Fcategories&post=14815"},{"taxonomy":"post_tag","embeddable":true,"href":"https:\/\/www.24baires.com\/index.php?rest_route=%2Fwp%2Fv2%2Ftags&post=14815"}],"curies":[{"name":"wp","href":"https:\/\/api.w.org\/{rel}","templated":true}]}}