{"id":1480,"date":"2012-10-09T09:54:03","date_gmt":"2012-10-09T12:54:03","guid":{"rendered":"http:\/\/www.24baires.com\/?p=1480"},"modified":"2012-10-09T09:54:03","modified_gmt":"2012-10-09T12:54:03","slug":"legislativas-2013-habra-veedores","status":"publish","type":"post","link":"https:\/\/www.24baires.com\/?p=1480","title":{"rendered":"Legislativas 2013: habr\u00e1 veedores"},"content":{"rendered":"<p><img data-recalc-dims=\"1\" loading=\"lazy\" decoding=\"async\" class=\"alignleft size-medium wp-image-1486\" title=\"urna\" src=\"https:\/\/i0.wp.com\/www.24baires.com\/wp-content\/uploads\/2012\/10\/urna.jpg?resize=300%2C225\" alt=\"\" width=\"300\" height=\"225\" srcset=\"https:\/\/i0.wp.com\/www.24baires.com\/wp-content\/uploads\/2012\/10\/urna.jpg?resize=300%2C225&amp;ssl=1 300w, https:\/\/i0.wp.com\/www.24baires.com\/wp-content\/uploads\/2012\/10\/urna.jpg?w=360&amp;ssl=1 360w\" sizes=\"auto, (max-width: 300px) 100vw, 300px\" \/>La Junta Electoral habilit\u00f3, por primera vez, el trabajo de observadores electorales para las elecciones legislativas del a\u00f1o pr\u00f3ximo: se trata de terceros ajenos al proceso comicial, que podr\u00e1n elaborar informes y recomendaciones sobre distintos aspectos de la votaci\u00f3n.<!--more--><\/p>\n<p>La resoluci\u00f3n de la Junta, fechada en septiembre pasado, crea un \u201cReglamento de Observaci\u00f3n Electoral\u201d, que surgi\u00f3 a ra\u00edz de un pedido que realiz\u00f3 la Fundaci\u00f3n Poder Ciudadano el 20 de octubre del a\u00f1o pasado, y que es similar a uno que rige a nivel nacional por disposici\u00f3n de la C\u00e1mara Nacional Electoral tambi\u00e9n del a\u00f1o pasado.<\/p>\n<p>En su resoluci\u00f3n, la Junta -presidida por el titular de la Suprema Corte, Eduardo De L\u00e1zzari- se\u00f1ala que la pr\u00e1ctica de observaci\u00f3n de elecciones gan\u00f3 legitimidad en todo el mundo. En ese sentido, cita espec\u00edficamente la \u201cDeclaraci\u00f3n de Principios para la observaci\u00f3n internacional de elecciones\u201d, suscripta en el a\u00f1o.<\/p>\n<p>Respecto del trabajo de los veedores, la Junta dispuso que deber\u00e1n actuar \u201ccon imparcialidad, sin obstaculizar ni interferir en el desarrollo del proceso\u201d. Tambi\u00e9n se consigna que \u201cel tratamiento de la informaci\u00f3n recopilada, su an\u00e1lisis y evaluaci\u00f3n deber\u00e1 ser objetiva y precisa\u201d.<\/p>\n<p>Adem\u00e1s, se dispuso la creaci\u00f3n de un registro de observadores que podr\u00e1n integrar personas ajenas al desarrollo del proceso electoral, que no est\u00e9n afiliados a ning\u00fan partido pol\u00edtico en los cuatros a\u00f1os previos a su inscripci\u00f3n ni trabajen para el Estado en ninguno de sus niveles.<\/p>\n","protected":false},"excerpt":{"rendered":"<p>La Junta Electoral habilit\u00f3, por primera vez, el trabajo de observadores electorales para las elecciones legislativas del a\u00f1o pr\u00f3ximo: se trata de terceros ajenos al proceso comicial, que podr\u00e1n elaborar informes y recomendaciones sobre distintos aspectos de la votaci\u00f3n.<\/p>\n","protected":false},"author":4,"featured_media":0,"comment_status":"open","ping_status":"open","sticky":false,"template":"","format":"standard","meta":{"_jetpack_newsletter_access":"","_jetpack_dont_email_post_to_subs":false,"_jetpack_newsletter_tier_id":0,"_jetpack_memberships_contains_paywalled_content":false,"_jetpack_memberships_contains_paid_content":false,"footnotes":""},"categories":[1],"tags":[],"class_list":["post-1480","post","type-post","status-publish","format-standard","hentry","category-sociedad"],"jetpack_featured_media_url":"","jetpack_shortlink":"https:\/\/wp.me\/p2JWE0-nS","jetpack-related-posts":[{"id":117477,"url":"https:\/\/www.24baires.com\/?p=117477","url_meta":{"origin":1480,"position":0},"title":"El macrismo acompa\u00f1ar\u00e1 la postergaci\u00f3n de las PASO y las elecciones generales","author":"AF","date":"22\/04\/2021","format":false,"excerpt":"Los legisladores de Juntos por el Cambio pidieron adem\u00e1s que se analice la posibilidad de introducir la Boleta \u00danica para las PASO y las Generales. El interbloque en DIputados de Juntos por el Cambio (JxC) dio este jueves su respaldo a la propuesta del oficialismo de postergar hasta septiembre las\u2026","rel":"","context":"En \u00abPol\u00edtica\u00bb","block_context":{"text":"Pol\u00edtica","link":"https:\/\/www.24baires.com\/?cat=51"},"img":{"alt_text":"","src":"https:\/\/i0.wp.com\/www.24baires.com\/wp-content\/uploads\/2013\/08\/urna3.jpg?resize=350%2C200","width":350,"height":200,"srcset":"https:\/\/i0.wp.com\/www.24baires.com\/wp-content\/uploads\/2013\/08\/urna3.jpg?resize=350%2C200 1x, https:\/\/i0.wp.com\/www.24baires.com\/wp-content\/uploads\/2013\/08\/urna3.jpg?resize=525%2C300 1.5x"},"classes":[]},{"id":122147,"url":"https:\/\/www.24baires.com\/?p=122147","url_meta":{"origin":1480,"position":1},"title":"La Provincia ya fij\u00f3 la fecha para las PASO bonaerenses","author":"GB","date":"17\/03\/2025","format":false,"excerpt":"Mientras tanto, el Gobernador espera que la Legislatura defina si suspender\u00e1 las primarias provinciales, tras la pol\u00e9mica decisi\u00f3n del Gobierno Nacional de suspenderlas a nivel nacional. El Gobernador de la Provincia de Buenos Aires, Axel Kicillof, firm\u00f3 el Decreto 367\/2025, que convoca a las Elecciones Primarias, Abiertas, Simult\u00e1neas y Obligatorias\u2026","rel":"","context":"En \u00abProvincia\u00bb","block_context":{"text":"Provincia","link":"https:\/\/www.24baires.com\/?cat=40"},"img":{"alt_text":"","src":"https:\/\/i0.wp.com\/www.24baires.com\/wp-content\/uploads\/2025\/03\/kici-perfil.webp?resize=350%2C200","width":350,"height":200,"srcset":"https:\/\/i0.wp.com\/www.24baires.com\/wp-content\/uploads\/2025\/03\/kici-perfil.webp?resize=350%2C200 1x, https:\/\/i0.wp.com\/www.24baires.com\/wp-content\/uploads\/2025\/03\/kici-perfil.webp?resize=525%2C300 1.5x, https:\/\/i0.wp.com\/www.24baires.com\/wp-content\/uploads\/2025\/03\/kici-perfil.webp?resize=700%2C400 2x"},"classes":[]},{"id":122214,"url":"https:\/\/www.24baires.com\/?p=122214","url_meta":{"origin":1480,"position":2},"title":"Confirmado: no habr\u00e1 elecciones primarias en la Provincia durante 2025","author":"GB","date":"29\/04\/2025","format":false,"excerpt":"Con mas de dos tercios de los votos, la C\u00e1mara de Diputados le dio la media sanci\u00f3n que le falta al proyecto de la suspensi\u00f3n por el a\u00f1o 2025 PASO. Ma\u00f1ana sesionara la comisi\u00f3n de Reforma Pol\u00edtica para definir los plazos del cronograma electoral. La interna oficialista presente en los\u2026","rel":"","context":"En \u00abProvincia\u00bb","block_context":{"text":"Provincia","link":"https:\/\/www.24baires.com\/?cat=40"},"img":{"alt_text":"","src":"https:\/\/i0.wp.com\/www.24baires.com\/wp-content\/uploads\/2020\/09\/diputados-bonaerense.jpg?resize=350%2C200","width":350,"height":200,"srcset":"https:\/\/i0.wp.com\/www.24baires.com\/wp-content\/uploads\/2020\/09\/diputados-bonaerense.jpg?resize=350%2C200 1x, https:\/\/i0.wp.com\/www.24baires.com\/wp-content\/uploads\/2020\/09\/diputados-bonaerense.jpg?resize=525%2C300 1.5x, https:\/\/i0.wp.com\/www.24baires.com\/wp-content\/uploads\/2020\/09\/diputados-bonaerense.jpg?resize=700%2C400 2x"},"classes":[]},{"id":120074,"url":"https:\/\/www.24baires.com\/?p=120074","url_meta":{"origin":1480,"position":3},"title":"Ya est\u00e1 disponible el padr\u00f3n electoral para verificar datos","author":"AF","date":"05\/05\/2023","format":false,"excerpt":"Los ciudadanos y ciudadanas inscriptos para votar en las PASO del 13 de agosto y las elecciones generales del 22 de octubre ya pueden ingresar al sitio habilitado por la Justicia Nacional Electoral para revisar sus datos y buscar d\u00f3nde votan. El calendario electoral 2023 ya est\u00e1 en marcha. Desde\u2026","rel":"","context":"En \u00abSociedad\u00bb","block_context":{"text":"Sociedad","link":"https:\/\/www.24baires.com\/?cat=1"},"img":{"alt_text":"","src":"https:\/\/i0.wp.com\/www.24baires.com\/wp-content\/uploads\/2019\/11\/padrones.png?resize=350%2C200","width":350,"height":200,"srcset":"https:\/\/i0.wp.com\/www.24baires.com\/wp-content\/uploads\/2019\/11\/padrones.png?resize=350%2C200 1x, https:\/\/i0.wp.com\/www.24baires.com\/wp-content\/uploads\/2019\/11\/padrones.png?resize=525%2C300 1.5x, https:\/\/i0.wp.com\/www.24baires.com\/wp-content\/uploads\/2019\/11\/padrones.png?resize=700%2C400 2x"},"classes":[]},{"id":97381,"url":"https:\/\/www.24baires.com\/?p=97381","url_meta":{"origin":1480,"position":4},"title":"Presentaron la impugnaci\u00f3n de listas que no respetan la ley de paridad","author":"AF","date":"12\/09\/2017","format":false,"excerpt":"Luego que fueran conocidas las listas para la elecci\u00f3n de octubre, el Frente 1 Pa\u00eds, a trav\u00e9s de una impugnaci\u00f3n efectuada por la senadora provincial y candidata a renovar su banca, Micaela Ferraro, present\u00f3 este martes ante la Junta Electoral Provincial el pedido de revisar las listas que no cumplen\u2026","rel":"","context":"En \u00abELECCIONES 2017\u00bb","block_context":{"text":"ELECCIONES 2017","link":"https:\/\/www.24baires.com\/?cat=325"},"img":{"alt_text":"","src":"https:\/\/i0.wp.com\/www.24baires.com\/wp-content\/uploads\/2015\/10\/elecciones1.jpg?resize=350%2C200","width":350,"height":200,"srcset":"https:\/\/i0.wp.com\/www.24baires.com\/wp-content\/uploads\/2015\/10\/elecciones1.jpg?resize=350%2C200 1x, https:\/\/i0.wp.com\/www.24baires.com\/wp-content\/uploads\/2015\/10\/elecciones1.jpg?resize=525%2C300 1.5x"},"classes":[]},{"id":117948,"url":"https:\/\/www.24baires.com\/?p=117948","url_meta":{"origin":1480,"position":5},"title":"Publicaron el protocolo para las elecciones legislativas","author":"GB","date":"04\/08\/2021","format":false,"excerpt":"Fue elaborada por la Direcci\u00f3n Nacional Electoral del Ministerio del Interior y el Ministerio de Salud para evitar los contagios de Covid-19. La C\u00e1mara Nacional Elecotal (CNE) aprob\u00f3 el protocolo sanitario de prevenci\u00f3n del Covid-19 para las pr\u00f3ximas elecciones legislativas, con medidas para evitar los contagios y con la incorporaci\u00f3n\u2026","rel":"","context":"En \u00abPol\u00edtica\u00bb","block_context":{"text":"Pol\u00edtica","link":"https:\/\/www.24baires.com\/?cat=51"},"img":{"alt_text":"","src":"https:\/\/i0.wp.com\/www.24baires.com\/wp-content\/uploads\/2015\/10\/elecciones1.jpg?resize=350%2C200","width":350,"height":200,"srcset":"https:\/\/i0.wp.com\/www.24baires.com\/wp-content\/uploads\/2015\/10\/elecciones1.jpg?resize=350%2C200 1x, https:\/\/i0.wp.com\/www.24baires.com\/wp-content\/uploads\/2015\/10\/elecciones1.jpg?resize=525%2C300 1.5x"},"classes":[]}],"jetpack_sharing_enabled":true,"jetpack_likes_enabled":true,"_links":{"self":[{"href":"https:\/\/www.24baires.com\/index.php?rest_route=\/wp\/v2\/posts\/1480","targetHints":{"allow":["GET"]}}],"collection":[{"href":"https:\/\/www.24baires.com\/index.php?rest_route=\/wp\/v2\/posts"}],"about":[{"href":"https:\/\/www.24baires.com\/index.php?rest_route=\/wp\/v2\/types\/post"}],"author":[{"embeddable":true,"href":"https:\/\/www.24baires.com\/index.php?rest_route=\/wp\/v2\/users\/4"}],"replies":[{"embeddable":true,"href":"https:\/\/www.24baires.com\/index.php?rest_route=%2Fwp%2Fv2%2Fcomments&post=1480"}],"version-history":[{"count":0,"href":"https:\/\/www.24baires.com\/index.php?rest_route=\/wp\/v2\/posts\/1480\/revisions"}],"wp:attachment":[{"href":"https:\/\/www.24baires.com\/index.php?rest_route=%2Fwp%2Fv2%2Fmedia&parent=1480"}],"wp:term":[{"taxonomy":"category","embeddable":true,"href":"https:\/\/www.24baires.com\/index.php?rest_route=%2Fwp%2Fv2%2Fcategories&post=1480"},{"taxonomy":"post_tag","embeddable":true,"href":"https:\/\/www.24baires.com\/index.php?rest_route=%2Fwp%2Fv2%2Ftags&post=1480"}],"curies":[{"name":"wp","href":"https:\/\/api.w.org\/{rel}","templated":true}]}}