{"id":14792,"date":"2013-02-06T11:30:30","date_gmt":"2013-02-06T14:30:30","guid":{"rendered":"http:\/\/www.24baires.com\/?p=14792"},"modified":"2013-02-06T11:57:05","modified_gmt":"2013-02-06T14:57:05","slug":"jardin-del-terror-jamas-imaginamos-esto","status":"publish","type":"post","link":"https:\/\/www.24baires.com\/?p=14792","title":{"rendered":"Jard\u00edn del terror: \u00abJam\u00e1s imaginamos esto\u00bb"},"content":{"rendered":"<p><strong>SAN ISIDRO &#8211;<\/strong> Diego Hernayes, el padre que obtuvo el registro de los malos tratos en el jard\u00edn \u201cTribil\u00edn\u201d espera \u201cque la Justicia llegue a fondo\u201d.<!--more--><br \/>\nDiego Hernayes, el padre que obtuvo el registro de los malos tratos en el jard\u00edn \u201cTribil\u00edn\u201d, dijo que decidi\u00f3 enviar un grabador en la mochila de su hija con el fin de confirmar \u201cposibles agresiones a los chicos\u201d ya que hab\u00eda comentarios al respecto.<\/p>\n<p>Se\u00f1al\u00f3 que \u201cquer\u00eda tener informaci\u00f3n objetiva para entender qu\u00e9 pasaba y si realmente era un comentario o una realidad\u201d. Admiti\u00f3: \u201cjam\u00e1s imaginamos esto, fue una sorpresa para todos. Me agarr\u00f3 mucha bronca, odio, impotencia pensando en qu\u00e9 m\u00e1s le habr\u00e1n hecho a nuestra hija el otro a\u00f1o y medio que no tengo grabaci\u00f3n\u201d.<\/p>\n<p>Asegur\u00f3 que su hija manifest\u00f3 cambios de conducta y que incluso \u201ctiene pesadillas y un episodio de convulsiones\u201d y que lleg\u00f3 a ese establecimiento por referencias y \u201cporque quedaba cerca\u201d de su casa.<\/p>\n<p>\u201cMe imagino que la justicia va a llegar al fondo de esto, espero que por las pericias se pueda conocer desde cu\u00e1ndo\u201d ocurr\u00eda esto \u201cyo dudo de que sea un caso aislado\u201d, concluy\u00f3.<\/p>\n<p>&nbsp;<\/p>\n<p>&nbsp;<\/p>\n<p>&nbsp;<\/p>\n<p>&nbsp;<\/p>\n<p>&nbsp;<\/p>\n<p>&nbsp;<\/p>\n<p>&nbsp;<\/p>\n<p>&nbsp;<\/p>\n<p>&nbsp;<\/p>\n<p>&nbsp;<\/p>\n<p>&nbsp;<\/p>\n<p>&nbsp;<\/p>\n<p>&nbsp;<\/p>\n<p>&nbsp;<\/p>\n<p>&nbsp;<\/p>\n<p>&nbsp;<\/p>\n<p>&nbsp;<\/p>\n<p>&nbsp;<\/p>\n<p>&nbsp;<\/p>\n","protected":false},"excerpt":{"rendered":"<p>SAN ISIDRO &#8211; Diego Hernayes, el padre que obtuvo el registro de los malos tratos en el jard\u00edn \u201cTribil\u00edn\u201d espera \u201cque la Justicia llegue a fondo\u201d.<\/p>\n","protected":false},"author":4,"featured_media":0,"comment_status":"open","ping_status":"open","sticky":false,"template":"","format":"standard","meta":{"_jetpack_newsletter_access":"","_jetpack_dont_email_post_to_subs":false,"_jetpack_newsletter_tier_id":0,"_jetpack_memberships_contains_paywalled_content":false,"_jetpack_memberships_contains_paid_content":false,"footnotes":""},"categories":[1],"tags":[],"class_list":["post-14792","post","type-post","status-publish","format-standard","hentry","category-sociedad"],"jetpack_featured_media_url":"","jetpack_shortlink":"https:\/\/wp.me\/p2JWE0-3QA","jetpack-related-posts":[{"id":19002,"url":"https:\/\/www.24baires.com\/?p=19002","url_meta":{"origin":14792,"position":0},"title":"Padres del jard\u00edn &#8216;Tribil\u00edn&#8217; pidieron justicia y apuntaron contra Posse","author":"AF","date":"21\/03\/2013","format":false,"excerpt":"SAN ISIDRO - A pesar de la lluvia, los familiares de las v\u00edctimas del jard\u00edn \u201cTribil\u00edn\u201d se manifestaron frente al establecimiento para protestar por la falta de avances en la causa. Adem\u00e1s, se quejaron por las contradicciones del intendente Gustavo Posse frente al caso. Padres de ni\u00f1os que concurr\u00edan al\u2026","rel":"","context":"En \u00abLocales\u00bb","block_context":{"text":"Locales","link":"https:\/\/www.24baires.com\/?cat=38"},"img":{"alt_text":"","src":"","width":0,"height":0},"classes":[]},{"id":14697,"url":"https:\/\/www.24baires.com\/?p=14697","url_meta":{"origin":14792,"position":1},"title":"Confirman que el jard\u00edn maternal denunciado por maltrato no estaba habilitado para tal fin","author":"AF","date":"05\/02\/2013","format":false,"excerpt":"SAN ISIDRO - Una inspectora de la Direcci\u00f3n Provincial de Educaci\u00f3n de Gesti\u00f3n Privada bonaerense confirm\u00f3 que el Jard\u00edn maternal `Tribil\u00edn`, denunciado por maltrato a ni\u00f1os de hasta tres a\u00f1os, \"no puede funcionar como instituci\u00f3n educativa\". La inspectora se present\u00f3 esta ma\u00f1ana ante el establecimiento, ubicado en O`Higgins 591, para\u2026","rel":"","context":"En \u00abLocales\u00bb","block_context":{"text":"Locales","link":"https:\/\/www.24baires.com\/?cat=38"},"img":{"alt_text":"","src":"","width":0,"height":0},"classes":[]},{"id":14966,"url":"https:\/\/www.24baires.com\/?p=14966","url_meta":{"origin":14792,"position":2},"title":"Tribil\u00edn ten\u00eda habilitaci\u00f3n municipal aunque el Intendente Posse lo hab\u00eda negado","author":"Grupo Sierra","date":"07\/02\/2013","format":false,"excerpt":"Dos concejales de San Isidro descubrieron que el municipio reconoc\u00eda a Tribil\u00edn como \"establecimiento educacional Jard\u00edn Materno Infantil\" desde 2002, cuando lo eximi\u00f3 del pago de tasas.\u00a0Ayer el intendente Gustavo Posse lo neg\u00f3 rotundamente.\u00a0 A contramano de lo expresado ayer por el intendente, Gustavo Posse (ver nota), los concejales Leandro\u2026","rel":"","context":"En \u00abSociedad\u00bb","block_context":{"text":"Sociedad","link":"https:\/\/www.24baires.com\/?cat=1"},"img":{"alt_text":"tribilin esquina","src":"https:\/\/i0.wp.com\/www.24baires.com\/wp-content\/uploads\/2013\/02\/tribilin-esquina.jpg?resize=350%2C200","width":350,"height":200,"srcset":"https:\/\/i0.wp.com\/www.24baires.com\/wp-content\/uploads\/2013\/02\/tribilin-esquina.jpg?resize=350%2C200 1x, https:\/\/i0.wp.com\/www.24baires.com\/wp-content\/uploads\/2013\/02\/tribilin-esquina.jpg?resize=525%2C300 1.5x"},"classes":[]},{"id":17743,"url":"https:\/\/www.24baires.com\/?p=17743","url_meta":{"origin":14792,"position":3},"title":"Posse deber\u00e1 dar explicaciones sobre el funcionamiento del Jard\u00edn &#8216;Tribil\u00edn&#8217;","author":"AF","date":"07\/03\/2013","format":false,"excerpt":"SAN ISIDRO - El Concejo Deliberante de San Isidro aprob\u00f3 el \u00faltimo mi\u00e9rcoles un pedido de informes para que el intendente Gustavo Posse brinde datos a ese cuerpo sobre el funcionamiento del jard\u00edn de infantes \"Tribil\u00edn\" y poder determinar as\u00ed eventuales responsabilidades ante los casos de maltrato a ni\u00f1os. Durante\u2026","rel":"","context":"En \u00abPol\u00edtica\u00bb","block_context":{"text":"Pol\u00edtica","link":"https:\/\/www.24baires.com\/?cat=51"},"img":{"alt_text":"","src":"","width":0,"height":0},"classes":[]},{"id":15707,"url":"https:\/\/www.24baires.com\/?p=15707","url_meta":{"origin":14792,"position":4},"title":"Eximen de prisi\u00f3n a las maestras del jard\u00edn Tribil\u00edn de San Isidro","author":"AF","date":"15\/02\/2013","format":false,"excerpt":"Las cinco docentes y autoridades del jard\u00edn de San Isidro que est\u00e1n imputadas por el presunto maltrato de los ni\u00f1os fueron beneficiadas con la eximici\u00f3n de prisi\u00f3n y por el momento no podr\u00e1n ser detenidas. La medida la tom\u00f3 el juez de Garant\u00edas 3 de San Isidro, Rafael Sal Lari,\u2026","rel":"","context":"En \u00abSociedad\u00bb","block_context":{"text":"Sociedad","link":"https:\/\/www.24baires.com\/?cat=1"},"img":{"alt_text":"","src":"","width":0,"height":0},"classes":[]},{"id":15358,"url":"https:\/\/www.24baires.com\/?p=15358","url_meta":{"origin":14792,"position":5},"title":"Denunciar\u00e1n a Posse ante la Justicia por los maltratos en &#8216;Tribil\u00edn&#8217;","author":"AF","date":"11\/02\/2013","format":false,"excerpt":"Las familias afectadas preparan una presentaci\u00f3n por \"incumplimiento de los deberes de funcionario p\u00fablico\", tras descubrirse que el municipio reconoc\u00eda al jard\u00edn \"Tribil\u00edn\" como establecimiento educacional. \"Mientras los nenes sufr\u00edan, Posse paveaba en su despacho\", consideraron. En tanto, un concejal tambi\u00e9n busca responsabilizar a la Provincia. Los padres de los\u2026","rel":"","context":"En \u00abPol\u00edtica\u00bb","block_context":{"text":"Pol\u00edtica","link":"https:\/\/www.24baires.com\/?cat=51"},"img":{"alt_text":"posse tribil\u00edn","src":"https:\/\/i0.wp.com\/www.24baires.com\/wp-content\/uploads\/2013\/02\/posse-tribil%C3%ADn.jpg?resize=350%2C200","width":350,"height":200,"srcset":"https:\/\/i0.wp.com\/www.24baires.com\/wp-content\/uploads\/2013\/02\/posse-tribil%C3%ADn.jpg?resize=350%2C200 1x, https:\/\/i0.wp.com\/www.24baires.com\/wp-content\/uploads\/2013\/02\/posse-tribil%C3%ADn.jpg?resize=525%2C300 1.5x"},"classes":[]}],"jetpack_sharing_enabled":true,"jetpack_likes_enabled":true,"_links":{"self":[{"href":"https:\/\/www.24baires.com\/index.php?rest_route=\/wp\/v2\/posts\/14792","targetHints":{"allow":["GET"]}}],"collection":[{"href":"https:\/\/www.24baires.com\/index.php?rest_route=\/wp\/v2\/posts"}],"about":[{"href":"https:\/\/www.24baires.com\/index.php?rest_route=\/wp\/v2\/types\/post"}],"author":[{"embeddable":true,"href":"https:\/\/www.24baires.com\/index.php?rest_route=\/wp\/v2\/users\/4"}],"replies":[{"embeddable":true,"href":"https:\/\/www.24baires.com\/index.php?rest_route=%2Fwp%2Fv2%2Fcomments&post=14792"}],"version-history":[{"count":2,"href":"https:\/\/www.24baires.com\/index.php?rest_route=\/wp\/v2\/posts\/14792\/revisions"}],"predecessor-version":[{"id":14794,"href":"https:\/\/www.24baires.com\/index.php?rest_route=\/wp\/v2\/posts\/14792\/revisions\/14794"}],"wp:attachment":[{"href":"https:\/\/www.24baires.com\/index.php?rest_route=%2Fwp%2Fv2%2Fmedia&parent=14792"}],"wp:term":[{"taxonomy":"category","embeddable":true,"href":"https:\/\/www.24baires.com\/index.php?rest_route=%2Fwp%2Fv2%2Fcategories&post=14792"},{"taxonomy":"post_tag","embeddable":true,"href":"https:\/\/www.24baires.com\/index.php?rest_route=%2Fwp%2Fv2%2Ftags&post=14792"}],"curies":[{"name":"wp","href":"https:\/\/api.w.org\/{rel}","templated":true}]}}