{"id":14785,"date":"2013-02-06T10:30:12","date_gmt":"2013-02-06T13:30:12","guid":{"rendered":"http:\/\/www.24baires.com\/?p=14785"},"modified":"2013-02-06T11:40:57","modified_gmt":"2013-02-06T14:40:57","slug":"estatales-bonaerenses-no-estan-de-acuerdo-en-atar-su-paritaria-a-la-docente","status":"publish","type":"post","link":"https:\/\/www.24baires.com\/?p=14785","title":{"rendered":"Estatales bonaerenses no est\u00e1n de acuerdo en atar su paritaria a la docente"},"content":{"rendered":"<p>FEGEPPBA rechaz\u00f3 la posibilidad de que la negociaci\u00f3n salarial bonaerense est\u00e9 supeditada a lo que acuerden los docentes nacionales.<!--more--><br \/>\nLa Federaci\u00f3n de Gremios Estatales y Particulares de la Provincia de Buenos Aires (FEGEPPBA) rechaz\u00f3 tanto el pago escalonado de aumentos como el otorgamiento de una suma fija como mejora salarial.<\/p>\n<p>El secretario gremial de esa Federaci\u00f3n y titular de AERI, Jorge Baldovinos, formul\u00f3 esa advertencia aunque admiti\u00f3 que en la reuni\u00f3n que mantuvieron ayer con el gobernador bonaerense, Daniel Scioli no formul\u00f3 ninguna consideraci\u00f3n al respecto.<\/p>\n<p>Revel\u00f3 que se trat\u00f3 de un encuentro \u201cde car\u00e1cter protocolar\u201d, porque \u201cno se discuti\u00f3 nada sobre el aumento salarial.<\/p>\n<p>Seg\u00fan Baldovinos \u201cel gobernador manifest\u00f3 que se est\u00e1 esperando el tema de la paritaria nacional docente para hacer un ofrecimiento\u201d. El dirigente gremial expres\u00f3 su disconformidad con los porcentajes que se est\u00e1n manejando en esa negociaci\u00f3n. \u201cY tambi\u00e9n le hemos dicho a Scioli \u2013agreg\u00f3- que los trabajadores estatales tenemos una realidad distinta a los trabajadores docentes, es decir que atar el resultado de nuestra paritaria a los docentes es algo que no nos satisface\u201d.<\/p>\n<p>Por \u00faltimo, Baldovinos dijo que Scioli \u201cresalt\u00f3 el tema de la recaudaci\u00f3n impositiva como uno de los bastiones que ha permitido pagar los salarios y tambi\u00e9n habl\u00f3 de su reclamo sobre la coparticipaci\u00f3n\u201d. Sobre este \u00faltimo aspecto, FEGEPPBA manifest\u00f3 su apoyo al gobernador debido a la \u201cdiscriminaci\u00f3n\u201d que sufre la provincia y puso a su disposici\u00f3n \u201ctoda nuestra estructura gremial\u201d.<\/p>\n<p>&nbsp;<\/p>\n<p>&nbsp;<\/p>\n<p>&nbsp;<\/p>\n<p>&nbsp;<\/p>\n<p>&nbsp;<\/p>\n<p>&nbsp;<\/p>\n<p>&nbsp;<\/p>\n<p>&nbsp;<\/p>\n<p>&nbsp;<\/p>\n<p>&nbsp;<\/p>\n<p>&nbsp;<\/p>\n<p>&nbsp;<\/p>\n<p>&nbsp;<\/p>\n<p>&nbsp;<\/p>\n<p>&nbsp;<\/p>\n<p>&nbsp;<\/p>\n<p>&nbsp;<\/p>\n<p>&nbsp;<\/p>\n<p>&nbsp;<\/p>\n<p>&nbsp;<\/p>\n<p>&nbsp;<\/p>\n<p>&nbsp;<\/p>\n<p>&nbsp;<\/p>\n<p>&nbsp;<\/p>\n","protected":false},"excerpt":{"rendered":"<p>FEGEPPBA rechaz\u00f3 la posibilidad de que la negociaci\u00f3n salarial bonaerense est\u00e9 supeditada a lo que acuerden los docentes nacionales.<\/p>\n","protected":false},"author":4,"featured_media":0,"comment_status":"open","ping_status":"open","sticky":false,"template":"","format":"standard","meta":{"_jetpack_newsletter_access":"","_jetpack_dont_email_post_to_subs":false,"_jetpack_newsletter_tier_id":0,"_jetpack_memberships_contains_paywalled_content":false,"_jetpack_memberships_contains_paid_content":false,"footnotes":""},"categories":[1],"tags":[],"class_list":["post-14785","post","type-post","status-publish","format-standard","hentry","category-sociedad"],"jetpack_featured_media_url":"","jetpack_shortlink":"https:\/\/wp.me\/p2JWE0-3Qt","jetpack-related-posts":[{"id":18353,"url":"https:\/\/www.24baires.com\/?p=18353","url_meta":{"origin":14785,"position":0},"title":"Paritarias bonaerenses: \u201cUsar la conciliaci\u00f3n obligatoria ser\u00eda un error pol\u00edtico muy grande\u201d","author":"AF","date":"14\/03\/2013","format":false,"excerpt":"As\u00ed lo dijo el secretario gremial de Fegeppba, Jorge Baldovino, ante la posibilidad de que el ministro de Trabajo, Oscar Cuartango, utilice esa medida contra los trabajadores. Adem\u00e1s, consider\u00f3 que \u201cesta es la peor de todas las paritarias que atravesamos; es hist\u00f3ricamente negativa\u201d. Luego de que la Suprema Corte de\u2026","rel":"","context":"En \u00abSociedad\u00bb","block_context":{"text":"Sociedad","link":"https:\/\/www.24baires.com\/?cat=1"},"img":{"alt_text":"","src":"","width":0,"height":0},"classes":[]},{"id":36683,"url":"https:\/\/www.24baires.com\/?p=36683","url_meta":{"origin":14785,"position":1},"title":"Estatales pedir\u00e1n a Scioli reapertura de paritarias","author":"Grupo Sierra","date":"12\/12\/2013","format":false,"excerpt":"Un sector de los gremios estatales de la provincia de Buenos Aires le pedir\u00e1 al Gobierno de Daniel Scioli este jueves mediante una nota la reapertura de paritarias a partir del 1\u00ba de enero y que toda suba a acordar se pague retroactiva a ese mes y no a marzo.\u2026","rel":"","context":"En \u00abProvincia\u00bb","block_context":{"text":"Provincia","link":"https:\/\/www.24baires.com\/?cat=40"},"img":{"alt_text":"","src":"","width":0,"height":0},"classes":[]},{"id":79938,"url":"https:\/\/www.24baires.com\/?p=79938","url_meta":{"origin":14785,"position":2},"title":"Vidal dio por cerrada la paritaria estatal","author":"AF","date":"09\/03\/2016","format":false,"excerpt":"A pesar del rechazo de los estatales de ATE y los auxiliares de Educaci\u00f3n de Soeme, el Gobierno bonaerense cerrar\u00e1 por \u201cmayor\u00eda\u201d la paritaria de los estatales de la ley 10.430 luego de que la federaci\u00f3n Fegeppba aceptara, como ya lo hab\u00eda hecho UPCN el viernes, la propuesta de aumento\u2026","rel":"","context":"En \u00abSociedad\u00bb","block_context":{"text":"Sociedad","link":"https:\/\/www.24baires.com\/?cat=1"},"img":{"alt_text":"vidal congreso","src":"https:\/\/i0.wp.com\/www.24baires.com\/wp-content\/uploads\/2016\/03\/vidal-congreso.jpg?resize=350%2C200","width":350,"height":200,"srcset":"https:\/\/i0.wp.com\/www.24baires.com\/wp-content\/uploads\/2016\/03\/vidal-congreso.jpg?resize=350%2C200 1x, https:\/\/i0.wp.com\/www.24baires.com\/wp-content\/uploads\/2016\/03\/vidal-congreso.jpg?resize=525%2C300 1.5x"},"classes":[]},{"id":39349,"url":"https:\/\/www.24baires.com\/?p=39349","url_meta":{"origin":14785,"position":3},"title":"Estatales bonaerenses dijeron no al techo salarial del 25%","author":"GB","date":"28\/01\/2014","format":false,"excerpt":"Si bien s\u00f3lo hay versiones extraoficiales, los principales gremios del sector rechazan la idea de un tope en la negociaci\u00f3n salarial, m\u00e1s a partir de las novedades macroecon\u00f3micas de la \u00faltima semana. ATE ya anticipa paros para el mes de febrero, en tanto que la federaci\u00f3n FEGEPPBA y UPCN descartan\u2026","rel":"","context":"En \u00abPol\u00edtica\u00bb","block_context":{"text":"Pol\u00edtica","link":"https:\/\/www.24baires.com\/?cat=51"},"img":{"alt_text":"estatales bonaerenses","src":"https:\/\/i0.wp.com\/www.24baires.com\/wp-content\/uploads\/2014\/01\/estatales-bonaerenses.jpg?resize=350%2C200","width":350,"height":200,"srcset":"https:\/\/i0.wp.com\/www.24baires.com\/wp-content\/uploads\/2014\/01\/estatales-bonaerenses.jpg?resize=350%2C200 1x, https:\/\/i0.wp.com\/www.24baires.com\/wp-content\/uploads\/2014\/01\/estatales-bonaerenses.jpg?resize=525%2C300 1.5x"},"classes":[]},{"id":36842,"url":"https:\/\/www.24baires.com\/?p=36842","url_meta":{"origin":14785,"position":4},"title":"Los judiciales bonaerenses exigieron a Scioli la negociaci\u00f3n salarial","author":"Grupo Sierra","date":"14\/12\/2013","format":false,"excerpt":"\u201cLe dan un aumento al 10% del personal y marginan el resto\u201d, se quej\u00f3 el gremio en relaci\u00f3n a la mejora que obtuvo la Polic\u00eda. Los empleados de la Justicia bonaerense se sumaron al reclamo de otros sectores estatales y exigieron al gobierno bonaerense el inicio de negociaciones salariales. As\u00ed,\u2026","rel":"","context":"En \u00abProvincia\u00bb","block_context":{"text":"Provincia","link":"https:\/\/www.24baires.com\/?cat=40"},"img":{"alt_text":"","src":"","width":0,"height":0},"classes":[]},{"id":18449,"url":"https:\/\/www.24baires.com\/?p=18449","url_meta":{"origin":14785,"position":5},"title":"FEGEPPBA rechaz\u00f3 la propuesta salarial y va a paro","author":"AF","date":"15\/03\/2013","format":false,"excerpt":"La Federaci\u00f3n de Gremios Estatales y Particulares de la Provincia de Buenos Aires rechaz\u00f3 la \u00faltima propuesta de aumento salarial que realiz\u00f3 el gobierno en la Paritaria General y ratifico un paro de 24 horas para hoy viernes, sin asistencia a los lugares de trabajo. El Secretario General de la\u2026","rel":"","context":"En \u00abSociedad\u00bb","block_context":{"text":"Sociedad","link":"https:\/\/www.24baires.com\/?cat=1"},"img":{"alt_text":"","src":"","width":0,"height":0},"classes":[]}],"jetpack_sharing_enabled":true,"jetpack_likes_enabled":true,"_links":{"self":[{"href":"https:\/\/www.24baires.com\/index.php?rest_route=\/wp\/v2\/posts\/14785","targetHints":{"allow":["GET"]}}],"collection":[{"href":"https:\/\/www.24baires.com\/index.php?rest_route=\/wp\/v2\/posts"}],"about":[{"href":"https:\/\/www.24baires.com\/index.php?rest_route=\/wp\/v2\/types\/post"}],"author":[{"embeddable":true,"href":"https:\/\/www.24baires.com\/index.php?rest_route=\/wp\/v2\/users\/4"}],"replies":[{"embeddable":true,"href":"https:\/\/www.24baires.com\/index.php?rest_route=%2Fwp%2Fv2%2Fcomments&post=14785"}],"version-history":[{"count":1,"href":"https:\/\/www.24baires.com\/index.php?rest_route=\/wp\/v2\/posts\/14785\/revisions"}],"predecessor-version":[{"id":14786,"href":"https:\/\/www.24baires.com\/index.php?rest_route=\/wp\/v2\/posts\/14785\/revisions\/14786"}],"wp:attachment":[{"href":"https:\/\/www.24baires.com\/index.php?rest_route=%2Fwp%2Fv2%2Fmedia&parent=14785"}],"wp:term":[{"taxonomy":"category","embeddable":true,"href":"https:\/\/www.24baires.com\/index.php?rest_route=%2Fwp%2Fv2%2Fcategories&post=14785"},{"taxonomy":"post_tag","embeddable":true,"href":"https:\/\/www.24baires.com\/index.php?rest_route=%2Fwp%2Fv2%2Ftags&post=14785"}],"curies":[{"name":"wp","href":"https:\/\/api.w.org\/{rel}","templated":true}]}}