{"id":14743,"date":"2013-02-05T19:57:26","date_gmt":"2013-02-05T22:57:26","guid":{"rendered":"http:\/\/www.24baires.com\/?p=14743"},"modified":"2013-02-05T20:10:04","modified_gmt":"2013-02-05T23:10:04","slug":"sabbatella-de-la-sota-no-tiene-derecho-a-dejar-a-los-cordobeses-cautivos-de-la-television-paga","status":"publish","type":"post","link":"https:\/\/www.24baires.com\/?p=14743","title":{"rendered":"Sabbatella: \u00abDe la Sota no tiene derecho a dejar a los cordobeses cautivos de la TV paga\u00bb"},"content":{"rendered":"<p>El titular de la Afsca, Mart\u00edn Sabbatella, cuestion\u00f3 al gobernador cordob\u00e9s Jos\u00e9 Manuel de la Sota, ya que en el mismo predio en el que clausur\u00f3 una antena de Arsat, permite que funcione una antena de Cablevisi\u00f3n\u201d.<!--more--><br \/>\nRespecto de la decisi\u00f3n del mandatario provincial de clausurar cinco antenas de Televisi\u00f3n Digital Abierta (TDA) en distintos municipios de la provincia, Sabbatella asegur\u00f3 que \u201cel Gobierno va a seguir instalando antenas de TDA y distribuyendo decodificadores\u201d.<\/p>\n<p>\u201cEl gobernador no va a impedir que el Estado nacional garantice al conjunto del pueblo el derecho humano a la comunicaci\u00f3n\u201d, asever\u00f3 el titular de la AFSCA en un comunicado de prensa.<\/p>\n<p>En torno a los supuestos incumplimientos denunciados por De la Sota, el titular del Afsca sostuvo que \u201cla documentaci\u00f3n de TDA est\u00e1 en regla y De la Sota lo sabe pero est\u00e1 haciendo una puesta en escena para pararse como referente de la oposici\u00f3n, con la misma estrategia que otros opositores: alinearse con Clar\u00edn y enfrentar al Gobierno\u201d.<\/p>\n<p>Sabbatella present\u00f3 el viernes \u00faltimo un amparo en el Juzgado Federal n\u00b0 2 de la ciudad de C\u00f3rdoba para que se disponga levantar las clausuras dispuestas por la Secretar\u00eda de Ambiente de esa provincia.<\/p>\n<p>\u201cLas decisiones que tom\u00f3 De la Sota afectan directamente a medio mill\u00f3n de cordobeses que tienen el servicio de TDA y tambi\u00e9n a los trabajadores y trabajadoras de las numerosas empresas que se radicaron en C\u00f3rdoba para proveer de insumos y servicios a la televisi\u00f3n digital\u201d, remarc\u00f3 Sabbatella.<\/p>\n<p>El funcionario concluy\u00f3 que el mandatario cordob\u00e9s \u201ctiene derecho a tener la posici\u00f3n pol\u00edtica que quiera; pero no a dejar a los cordobeses y cordobesas cautivos de la televisi\u00f3n paga\u201d.<\/p>\n<p>&nbsp;<\/p>\n<p>&nbsp;<\/p>\n<p>&nbsp;<\/p>\n<p>&nbsp;<\/p>\n<p>&nbsp;<\/p>\n<p>&nbsp;<\/p>\n<p>&nbsp;<\/p>\n<p>&nbsp;<\/p>\n<p>&nbsp;<\/p>\n<p>&nbsp;<\/p>\n<p>&nbsp;<\/p>\n<p>&nbsp;<\/p>\n<p>&nbsp;<\/p>\n<p>&nbsp;<\/p>\n<p>&nbsp;<\/p>\n<p>&nbsp;<\/p>\n<p>&nbsp;<\/p>\n<p>&nbsp;<\/p>\n","protected":false},"excerpt":{"rendered":"<p>El titular de la Afsca, Mart\u00edn Sabbatella, cuestion\u00f3 al gobernador cordob\u00e9s Jos\u00e9 Manuel de la Sota, ya que en el mismo predio en el que clausur\u00f3 una antena de Arsat, permite que funcione una antena de Cablevisi\u00f3n\u201d.<\/p>\n","protected":false},"author":4,"featured_media":0,"comment_status":"open","ping_status":"open","sticky":false,"template":"","format":"standard","meta":{"_jetpack_newsletter_access":"","_jetpack_dont_email_post_to_subs":false,"_jetpack_newsletter_tier_id":0,"_jetpack_memberships_contains_paywalled_content":false,"_jetpack_memberships_contains_paid_content":false,"footnotes":""},"categories":[54],"tags":[],"class_list":["post-14743","post","type-post","status-publish","format-standard","hentry","category-medios"],"jetpack_featured_media_url":"","jetpack_shortlink":"https:\/\/wp.me\/p2JWE0-3PN","jetpack-related-posts":[{"id":14043,"url":"https:\/\/www.24baires.com\/?p=14043","url_meta":{"origin":14743,"position":0},"title":"\u00abHay que explicarle a De la Sota que es gobernador, no emperador\u00bb","author":"Grupo Sierra","date":"30\/01\/2013","format":false,"excerpt":"El titular de la Autoridad Federal de Comunicaci\u00f3n Audiovisual, Mart\u00edn Sabbatella, sostuvo que la clausura de tres antenas de la red de Televisi\u00f3n Digital Abierta (TDA) en la provincia de C\u00f3rdoba responde a \"una actitud pol\u00edtica del gobernador\" Jos\u00e9 Manuel de la Sota a quien acus\u00f3 \"de no querer cumplir\u2026","rel":"","context":"En \u00abMedios\u00bb","block_context":{"text":"Medios","link":"https:\/\/www.24baires.com\/?cat=54"},"img":{"alt_text":"SABBATELLA EMPERADOR","src":"https:\/\/i0.wp.com\/www.24baires.com\/wp-content\/uploads\/2013\/01\/SABBATELLA-EMPERADOR.jpg?resize=350%2C200","width":350,"height":200,"srcset":"https:\/\/i0.wp.com\/www.24baires.com\/wp-content\/uploads\/2013\/01\/SABBATELLA-EMPERADOR.jpg?resize=350%2C200 1x, https:\/\/i0.wp.com\/www.24baires.com\/wp-content\/uploads\/2013\/01\/SABBATELLA-EMPERADOR.jpg?resize=525%2C300 1.5x"},"classes":[]},{"id":15573,"url":"https:\/\/www.24baires.com\/?p=15573","url_meta":{"origin":14743,"position":1},"title":"\u00abDe la Sota se dio cuenta de que no iba a poder defender los actos de censura que cometi\u00f3\u00bb","author":"AF","date":"13\/02\/2013","format":false,"excerpt":"Lo afirm\u00f3 el titular de la Afsca, Mart\u00edn Sabbatella, al hacer referencia a la decisi\u00f3n del gobernador cordob\u00e9s de \"dejar sin efecto\" las clausuras de las antenas de la Televisi\u00f3n Digital Abierta (TDA) que hab\u00eda dispuesto en varios municipios de la provincia. \"El gobernador se dio cuenta de que no\u2026","rel":"","context":"En \u00abMedios\u00bb","block_context":{"text":"Medios","link":"https:\/\/www.24baires.com\/?cat=54"},"img":{"alt_text":"","src":"","width":0,"height":0},"classes":[]},{"id":14264,"url":"https:\/\/www.24baires.com\/?p=14264","url_meta":{"origin":14743,"position":2},"title":"La Afsca fue a C\u00f3rdoba y se present\u00f3 en la Justicia por la censura a la TDA de De la Sota","author":"Grupo Sierra","date":"01\/02\/2013","format":false,"excerpt":"El titular de la Afsca, Mart\u00edn Sabbatella, present\u00f3 ante los tribunales federales de C\u00f3rdoba, un recurso en contra del cierre de las antenas de la Televisi\u00f3n Digital Argentina, dispuestas por el gobernador Jos\u00e9 Manuel de la Sota. En la presentaci\u00f3n, Sabbatella, que estuvo acompa\u00f1ado por el secretario de Derechos Humanos\u2026","rel":"","context":"En \u00abMedios\u00bb","block_context":{"text":"Medios","link":"https:\/\/www.24baires.com\/?cat=54"},"img":{"alt_text":"afsca cordoba","src":"https:\/\/i0.wp.com\/www.24baires.com\/wp-content\/uploads\/2013\/02\/afsca-cordoba.jpg?resize=350%2C200","width":350,"height":200,"srcset":"https:\/\/i0.wp.com\/www.24baires.com\/wp-content\/uploads\/2013\/02\/afsca-cordoba.jpg?resize=350%2C200 1x, https:\/\/i0.wp.com\/www.24baires.com\/wp-content\/uploads\/2013\/02\/afsca-cordoba.jpg?resize=525%2C300 1.5x"},"classes":[]},{"id":15350,"url":"https:\/\/www.24baires.com\/?p=15350","url_meta":{"origin":14743,"position":3},"title":"La Justicia se expedir\u00e1 sobre la cautelar contra la clausura de antenas en C\u00f3rdoba","author":"AF","date":"11\/02\/2013","format":false,"excerpt":"La Justicia Federal de C\u00f3rdoba podr\u00eda expedirse esta semana sobre la medida cautelar promovida contra las clausuras de las antenas de transmisi\u00f3n de la Televisi\u00f3n Digital Abierta (TDA), dispuestas por el gobernador Jos\u00e9 Manuel de la Sota. As\u00ed lo manifest\u00f3 esta ma\u00f1ana el delegado local de la Autoridad Federal del\u2026","rel":"","context":"En \u00abMedios\u00bb","block_context":{"text":"Medios","link":"https:\/\/www.24baires.com\/?cat=54"},"img":{"alt_text":"","src":"","width":0,"height":0},"classes":[]},{"id":15193,"url":"https:\/\/www.24baires.com\/?p=15193","url_meta":{"origin":14743,"position":4},"title":"Bussi: \u00abDe la Sota sabe que est\u00e1 defendiendo medidas absurdas\u00bb","author":"AF","date":"09\/02\/2013","format":false,"excerpt":"Lorena Bussi, intendenta de Leones, C\u00f3rdoba, asegur\u00f3 que espera \u201cuna pronta respuesta favorable de la Justicia para que se termine esta medida arbitraria y caprichosa del gobernador De la Sota y vuelvan a funcionar las antenas de TDA en C\u00f3rdoba\u201d. Bussi confirm\u00f3 la presentaci\u00f3n por parte de ese municipio de\u2026","rel":"","context":"En \u00abMedios\u00bb","block_context":{"text":"Medios","link":"https:\/\/www.24baires.com\/?cat=54"},"img":{"alt_text":"bussi","src":"https:\/\/i0.wp.com\/www.24baires.com\/wp-content\/uploads\/2013\/02\/bussi.jpg?resize=350%2C200","width":350,"height":200},"classes":[]},{"id":14275,"url":"https:\/\/www.24baires.com\/?p=14275","url_meta":{"origin":14743,"position":5},"title":"Casi todos los canales nacionales coincidieron en la \u00abinconstitucionalidad\u00bb de la medida","author":"Grupo Sierra","date":"01\/02\/2013","format":false,"excerpt":"Lo hicieron a trav\u00e9s de una solicitada publicada en los principales matutinos nacionales, en la cual alertaron tambi\u00e9n sobre el \"grave ataque a la libertad de expresi\u00f3n\" que constituye la medida del Gobernador De la Sota de clausurar cinco antenas de la Televisi\u00f3n Abierta Digital en la Provincia de C\u00f3rdoba.\u2026","rel":"","context":"En \u00abMedios\u00bb","block_context":{"text":"Medios","link":"https:\/\/www.24baires.com\/?cat=54"},"img":{"alt_text":"","src":"","width":0,"height":0},"classes":[]}],"jetpack_sharing_enabled":true,"jetpack_likes_enabled":true,"_links":{"self":[{"href":"https:\/\/www.24baires.com\/index.php?rest_route=\/wp\/v2\/posts\/14743","targetHints":{"allow":["GET"]}}],"collection":[{"href":"https:\/\/www.24baires.com\/index.php?rest_route=\/wp\/v2\/posts"}],"about":[{"href":"https:\/\/www.24baires.com\/index.php?rest_route=\/wp\/v2\/types\/post"}],"author":[{"embeddable":true,"href":"https:\/\/www.24baires.com\/index.php?rest_route=\/wp\/v2\/users\/4"}],"replies":[{"embeddable":true,"href":"https:\/\/www.24baires.com\/index.php?rest_route=%2Fwp%2Fv2%2Fcomments&post=14743"}],"version-history":[{"count":2,"href":"https:\/\/www.24baires.com\/index.php?rest_route=\/wp\/v2\/posts\/14743\/revisions"}],"predecessor-version":[{"id":14755,"href":"https:\/\/www.24baires.com\/index.php?rest_route=\/wp\/v2\/posts\/14743\/revisions\/14755"}],"wp:attachment":[{"href":"https:\/\/www.24baires.com\/index.php?rest_route=%2Fwp%2Fv2%2Fmedia&parent=14743"}],"wp:term":[{"taxonomy":"category","embeddable":true,"href":"https:\/\/www.24baires.com\/index.php?rest_route=%2Fwp%2Fv2%2Fcategories&post=14743"},{"taxonomy":"post_tag","embeddable":true,"href":"https:\/\/www.24baires.com\/index.php?rest_route=%2Fwp%2Fv2%2Ftags&post=14743"}],"curies":[{"name":"wp","href":"https:\/\/api.w.org\/{rel}","templated":true}]}}