{"id":14738,"date":"2013-02-05T19:30:26","date_gmt":"2013-02-05T22:30:26","guid":{"rendered":"http:\/\/www.24baires.com\/?p=14738"},"modified":"2013-02-05T19:39:46","modified_gmt":"2013-02-05T22:39:46","slug":"jardin-del-terror-concejales-opositores-evaluan-elevar-pedido-de-informes-contra-posse","status":"publish","type":"post","link":"https:\/\/www.24baires.com\/?p=14738","title":{"rendered":"Jard\u00edn del Terror: concejales opositores eval\u00faan elevar pedido de informes a Posse"},"content":{"rendered":"<p><strong><img data-recalc-dims=\"1\" loading=\"lazy\" decoding=\"async\" class=\"alignleft size-medium wp-image-14741\" alt=\"leo martin\" src=\"https:\/\/i0.wp.com\/www.24baires.com\/wp-content\/uploads\/2013\/02\/leo-martin.jpg?resize=300%2C220\" width=\"300\" height=\"220\" srcset=\"https:\/\/i0.wp.com\/www.24baires.com\/wp-content\/uploads\/2013\/02\/leo-martin.jpg?resize=300%2C220&amp;ssl=1 300w, https:\/\/i0.wp.com\/www.24baires.com\/wp-content\/uploads\/2013\/02\/leo-martin.jpg?w=535&amp;ssl=1 535w\" sizes=\"auto, (max-width: 300px) 100vw, 300px\" \/>SAN ISIDRO &#8211;<\/strong> As\u00ed lo confirm\u00f3 a 24baires.com el edil Leandro Mart\u00edn (FpV-PJ), quien asegur\u00f3 que \u201ces lamentable ver que todav\u00eda en algunos sectores de la sociedad y, en este caso de San Isidro, siga habiendo casos de maltrato infantil. La verdad es que ver a los chicos tan chiquitos recibiendo semejante maltrato, te indigna\u201d, expres\u00f3.<!--more--><\/p>\n<p>Consultado sobre la sensaci\u00f3n que le caus\u00f3 ver c\u00f3mo docentes del jard\u00edn maternal \u201cTribil\u00edn\u201d de San Isidro maltrataban a las criaturas y las responsabilidades sobre la habilitaci\u00f3n del establecimiento, el edil indic\u00f3 que \u201cla primera impresi\u00f3n fue de indignaci\u00f3n; la segunda de preocupaci\u00f3n por todo lo que se est\u00e1 hablando de las faltas de habilitaci\u00f3n y todo lo dem\u00e1s. Como corresponde, la habilitaci\u00f3n municipal, la maneja el gobierno municipal y la que tiene que ver con la Direcci\u00f3n General de Educaci\u00f3n Privada, lo maneja la Direcci\u00f3n General de Cultura y Educaci\u00f3n de la provincia de Buenos Aires\u201d.<\/p>\n<p>Ante la pregunta si los bloques opositores tienen pensado elevar un pedido de informes, Mart\u00edn lo confirm\u00f3 y, en esa sinton\u00eda ampli\u00f3: \u201cestamos conversando con concejales de otras fuerzas para indagar un poco la situaci\u00f3n; hasta ahora ha salido a hablar la Presidenta del Consejo Escolar y autoridades municipales, pero nadie ha sido claro con respecto a la responsabilidad que le compete a cada uno de ellos\u201d.<\/p>\n<p>Mart\u00edn dio m\u00e1s detalles y precis\u00f3 que \u201cdel intendente (Gustavo Posse) a\u00fan no se ha conocido su opini\u00f3n con respecto al tema. Se ha escuchado solamente al secretario de Gobierno y a la Presidenta del Consejo Escolar, que es una persona que le responde al jefe comunal\u201d.<\/p>\n<p>\u201cEl pedido de informes que vamos a hacer es municipal y, dentro de los puntos vamos a hacer hincapi\u00e9 en informarnos primero acerca de la habilitaci\u00f3n municipal que tiene y que, adem\u00e1s, el intendente a trav\u00e9s del Consejo Escolar nos pueda informar si el establecimiento ten\u00eda o no ten\u00eda la habilitaci\u00f3n como instituci\u00f3n privada educativa\u201d, concluy\u00f3.<\/p>\n","protected":false},"excerpt":{"rendered":"<p>SAN ISIDRO &#8211; As\u00ed lo confirm\u00f3 a 24baires.com el edil Leandro Mart\u00edn (FpV-PJ), quien asegur\u00f3 que \u201ces lamentable ver que todav\u00eda en algunos sectores de la sociedad y, en este caso de San Isidro, siga habiendo casos de maltrato infantil. La verdad es que ver a los chicos tan chiquitos recibiendo semejante maltrato, te indigna\u201d, expres\u00f3.<\/p>\n","protected":false},"author":4,"featured_media":0,"comment_status":"open","ping_status":"open","sticky":false,"template":"","format":"standard","meta":{"_jetpack_newsletter_access":"","_jetpack_dont_email_post_to_subs":false,"_jetpack_newsletter_tier_id":0,"_jetpack_memberships_contains_paywalled_content":false,"_jetpack_memberships_contains_paid_content":false,"footnotes":""},"categories":[1],"tags":[],"class_list":["post-14738","post","type-post","status-publish","format-standard","hentry","category-sociedad"],"jetpack_featured_media_url":"","jetpack_shortlink":"https:\/\/wp.me\/p2JWE0-3PI","jetpack-related-posts":[{"id":14966,"url":"https:\/\/www.24baires.com\/?p=14966","url_meta":{"origin":14738,"position":0},"title":"Tribil\u00edn ten\u00eda habilitaci\u00f3n municipal aunque el Intendente Posse lo hab\u00eda negado","author":"Grupo Sierra","date":"07\/02\/2013","format":false,"excerpt":"Dos concejales de San Isidro descubrieron que el municipio reconoc\u00eda a Tribil\u00edn como \"establecimiento educacional Jard\u00edn Materno Infantil\" desde 2002, cuando lo eximi\u00f3 del pago de tasas.\u00a0Ayer el intendente Gustavo Posse lo neg\u00f3 rotundamente.\u00a0 A contramano de lo expresado ayer por el intendente, Gustavo Posse (ver nota), los concejales Leandro\u2026","rel":"","context":"En \u00abSociedad\u00bb","block_context":{"text":"Sociedad","link":"https:\/\/www.24baires.com\/?cat=1"},"img":{"alt_text":"tribilin esquina","src":"https:\/\/i0.wp.com\/www.24baires.com\/wp-content\/uploads\/2013\/02\/tribilin-esquina.jpg?resize=350%2C200","width":350,"height":200,"srcset":"https:\/\/i0.wp.com\/www.24baires.com\/wp-content\/uploads\/2013\/02\/tribilin-esquina.jpg?resize=350%2C200 1x, https:\/\/i0.wp.com\/www.24baires.com\/wp-content\/uploads\/2013\/02\/tribilin-esquina.jpg?resize=525%2C300 1.5x"},"classes":[]},{"id":17743,"url":"https:\/\/www.24baires.com\/?p=17743","url_meta":{"origin":14738,"position":1},"title":"Posse deber\u00e1 dar explicaciones sobre el funcionamiento del Jard\u00edn &#8216;Tribil\u00edn&#8217;","author":"AF","date":"07\/03\/2013","format":false,"excerpt":"SAN ISIDRO - El Concejo Deliberante de San Isidro aprob\u00f3 el \u00faltimo mi\u00e9rcoles un pedido de informes para que el intendente Gustavo Posse brinde datos a ese cuerpo sobre el funcionamiento del jard\u00edn de infantes \"Tribil\u00edn\" y poder determinar as\u00ed eventuales responsabilidades ante los casos de maltrato a ni\u00f1os. Durante\u2026","rel":"","context":"En \u00abPol\u00edtica\u00bb","block_context":{"text":"Pol\u00edtica","link":"https:\/\/www.24baires.com\/?cat=51"},"img":{"alt_text":"","src":"","width":0,"height":0},"classes":[]},{"id":19002,"url":"https:\/\/www.24baires.com\/?p=19002","url_meta":{"origin":14738,"position":2},"title":"Padres del jard\u00edn &#8216;Tribil\u00edn&#8217; pidieron justicia y apuntaron contra Posse","author":"AF","date":"21\/03\/2013","format":false,"excerpt":"SAN ISIDRO - A pesar de la lluvia, los familiares de las v\u00edctimas del jard\u00edn \u201cTribil\u00edn\u201d se manifestaron frente al establecimiento para protestar por la falta de avances en la causa. Adem\u00e1s, se quejaron por las contradicciones del intendente Gustavo Posse frente al caso. Padres de ni\u00f1os que concurr\u00edan al\u2026","rel":"","context":"En \u00abLocales\u00bb","block_context":{"text":"Locales","link":"https:\/\/www.24baires.com\/?cat=38"},"img":{"alt_text":"","src":"","width":0,"height":0},"classes":[]},{"id":15358,"url":"https:\/\/www.24baires.com\/?p=15358","url_meta":{"origin":14738,"position":3},"title":"Denunciar\u00e1n a Posse ante la Justicia por los maltratos en &#8216;Tribil\u00edn&#8217;","author":"AF","date":"11\/02\/2013","format":false,"excerpt":"Las familias afectadas preparan una presentaci\u00f3n por \"incumplimiento de los deberes de funcionario p\u00fablico\", tras descubrirse que el municipio reconoc\u00eda al jard\u00edn \"Tribil\u00edn\" como establecimiento educacional. \"Mientras los nenes sufr\u00edan, Posse paveaba en su despacho\", consideraron. En tanto, un concejal tambi\u00e9n busca responsabilizar a la Provincia. Los padres de los\u2026","rel":"","context":"En \u00abPol\u00edtica\u00bb","block_context":{"text":"Pol\u00edtica","link":"https:\/\/www.24baires.com\/?cat=51"},"img":{"alt_text":"posse tribil\u00edn","src":"https:\/\/i0.wp.com\/www.24baires.com\/wp-content\/uploads\/2013\/02\/posse-tribil%C3%ADn.jpg?resize=350%2C200","width":350,"height":200,"srcset":"https:\/\/i0.wp.com\/www.24baires.com\/wp-content\/uploads\/2013\/02\/posse-tribil%C3%ADn.jpg?resize=350%2C200 1x, https:\/\/i0.wp.com\/www.24baires.com\/wp-content\/uploads\/2013\/02\/posse-tribil%C3%ADn.jpg?resize=525%2C300 1.5x"},"classes":[]},{"id":14921,"url":"https:\/\/www.24baires.com\/?p=14921","url_meta":{"origin":14738,"position":4},"title":"Jard\u00edn del terror: abrieron un sumario y separaron de sus cargos a dos inspectoras","author":"AF","date":"07\/02\/2013","format":false,"excerpt":"Lo decidi\u00f3 la directora general de Cultura y Educaci\u00f3n bonaerense, Nora de Luc\u00eda. La medida busca determinar presuntas responsabilidades en los hechos registrados en el establecimiento de San Isidro. La directora general de Cultura y Educaci\u00f3n bonaerense, Nora de Luc\u00eda, abri\u00f3 un sumario administrativo y separ\u00f3 de sus cargos a\u2026","rel":"","context":"En \u00abSociedad\u00bb","block_context":{"text":"Sociedad","link":"https:\/\/www.24baires.com\/?cat=1"},"img":{"alt_text":"","src":"","width":0,"height":0},"classes":[]},{"id":14857,"url":"https:\/\/www.24baires.com\/?p=14857","url_meta":{"origin":14738,"position":5},"title":"Allanan el jard\u00edn de infantes denunciado por maltrato en San Isidro","author":"Grupo Sierra","date":"06\/02\/2013","format":false,"excerpt":"El fiscal que investiga los presuntos maltratos en el jard\u00edn maternal Tribil\u00edn, de esa localidad bonaerense, orden\u00f3 un allanamiento en el establecimiento educativo. El procedimiento fue dispuesto por el fiscal correccional de San Isidro Franco Servidio y participa una comisi\u00f3n de la comisar\u00eda primera de ese distrito, que secuestrar\u00e1 \"documentaci\u00f3n\u2026","rel":"","context":"En \u00abPoliciales\u00bb","block_context":{"text":"Policiales","link":"https:\/\/www.24baires.com\/?cat=49"},"img":{"alt_text":"tribilin","src":"https:\/\/i0.wp.com\/www.24baires.com\/wp-content\/uploads\/2013\/02\/tribilin.jpg?resize=350%2C200","width":350,"height":200,"srcset":"https:\/\/i0.wp.com\/www.24baires.com\/wp-content\/uploads\/2013\/02\/tribilin.jpg?resize=350%2C200 1x, https:\/\/i0.wp.com\/www.24baires.com\/wp-content\/uploads\/2013\/02\/tribilin.jpg?resize=525%2C300 1.5x"},"classes":[]}],"jetpack_sharing_enabled":true,"jetpack_likes_enabled":true,"_links":{"self":[{"href":"https:\/\/www.24baires.com\/index.php?rest_route=\/wp\/v2\/posts\/14738","targetHints":{"allow":["GET"]}}],"collection":[{"href":"https:\/\/www.24baires.com\/index.php?rest_route=\/wp\/v2\/posts"}],"about":[{"href":"https:\/\/www.24baires.com\/index.php?rest_route=\/wp\/v2\/types\/post"}],"author":[{"embeddable":true,"href":"https:\/\/www.24baires.com\/index.php?rest_route=\/wp\/v2\/users\/4"}],"replies":[{"embeddable":true,"href":"https:\/\/www.24baires.com\/index.php?rest_route=%2Fwp%2Fv2%2Fcomments&post=14738"}],"version-history":[{"count":3,"href":"https:\/\/www.24baires.com\/index.php?rest_route=\/wp\/v2\/posts\/14738\/revisions"}],"predecessor-version":[{"id":14751,"href":"https:\/\/www.24baires.com\/index.php?rest_route=\/wp\/v2\/posts\/14738\/revisions\/14751"}],"wp:attachment":[{"href":"https:\/\/www.24baires.com\/index.php?rest_route=%2Fwp%2Fv2%2Fmedia&parent=14738"}],"wp:term":[{"taxonomy":"category","embeddable":true,"href":"https:\/\/www.24baires.com\/index.php?rest_route=%2Fwp%2Fv2%2Fcategories&post=14738"},{"taxonomy":"post_tag","embeddable":true,"href":"https:\/\/www.24baires.com\/index.php?rest_route=%2Fwp%2Fv2%2Ftags&post=14738"}],"curies":[{"name":"wp","href":"https:\/\/api.w.org\/{rel}","templated":true}]}}