{"id":14735,"date":"2013-02-05T18:25:09","date_gmt":"2013-02-05T21:25:09","guid":{"rendered":"http:\/\/www.24baires.com\/?p=14735"},"modified":"2013-02-05T17:14:34","modified_gmt":"2013-02-05T20:14:34","slug":"entregaron-a-su-familia-el-cuerpo-del-detenido-asesinado-en-2005","status":"publish","type":"post","link":"https:\/\/www.24baires.com\/?p=14735","title":{"rendered":"Entregaron a su familia el cuerpo del detenido asesinado en 2005"},"content":{"rendered":"<p>El joven fue asesinado por personal de la Comisar\u00eda 1\u00aa de Berisso. Su padre dijo que la demora sucedi\u00f3 \u201cpor los malos funcionarios que tenemos\u201d.<!--more--><br \/>\nLuego de 8 a\u00f1os de permanecer en la morgue policial, el cuerpo de Christian Dom\u00ednguez, asesinado por personal de la Polic\u00eda Bonaerense en la seccional primera de Berisso, en febrero de 2005, fue entregado hoy a sus familiares.<\/p>\n<p>Pedro Dom\u00ednguez, padre del fallecido, afirm\u00f3 que \u201choy es un d\u00eda especial\u201d porque \u201cme saco una mochila del hombro\u201d. Dijo que \u201cestuvimos 8 a\u00f1os sin saber d\u00f3nde llorar ni llevar una flor\u201d y denunci\u00f3 que eso sucedi\u00f3 \u201cpor los malos funcionarios p\u00fablicos que tenemos\u201d.<\/p>\n<p>Dom\u00ednguez, de 30 a\u00f1os, fue detenido el 5 de febrero de 2005 por personal de la comisar\u00eda primera de Berisso, tras ser hallado ebrio en la calle. Fue conducido a la seccional y alojado en la celda de contraventores, donde, seg\u00fan la versi\u00f3n policial, se ahorc\u00f3 con su cintur\u00f3n. El padre de la v\u00edctima dijo que \u201cinmediatamente dudamos de esa versi\u00f3n\u201d. En tanto, una segunda autopsia determin\u00f3 que Dom\u00ednguez hab\u00eda sido estrangulado y que muri\u00f3 \u201ca causa de un s\u00edndrome asf\u00edctico compatible con la acci\u00f3n de terceros\u201d.<\/p>\n<p>A 8 a\u00f1os de ese episodio \u201cestamos recibiendo (el cuerpo de Christian) con mucho dolor porque ya tendr\u00edamos un callo cicatrizado pero la herida hoy se abre m\u00e1s que nunca\u201d.<\/p>\n<p>Respecto del juicio que conden\u00f3 a tres polic\u00edas de esa dependencia, dos de los cuales ya est\u00e1n libres, Dom\u00ednguez resalt\u00f3 que \u201cla sentencia fue imparcial porque la pagaron perejiles\u201d.<\/p>\n<p>&nbsp;<\/p>\n<p>&nbsp;<\/p>\n<p>&nbsp;<\/p>\n<p>&nbsp;<\/p>\n<p>&nbsp;<\/p>\n<p>&nbsp;<\/p>\n<p>&nbsp;<\/p>\n<p>&nbsp;<\/p>\n<p>&nbsp;<\/p>\n<p>&nbsp;<\/p>\n<p>&nbsp;<\/p>\n<p>&nbsp;<\/p>\n<p>&nbsp;<\/p>\n<p>&nbsp;<\/p>\n<p>&nbsp;<\/p>\n<p>&nbsp;<\/p>\n<p>&nbsp;<\/p>\n<p>&nbsp;<\/p>\n","protected":false},"excerpt":{"rendered":"<p>El joven fue asesinado por personal de la Comisar\u00eda 1\u00aa de Berisso. Su padre dijo que la demora sucedi\u00f3 \u201cpor los malos funcionarios que tenemos\u201d.<\/p>\n","protected":false},"author":4,"featured_media":0,"comment_status":"open","ping_status":"open","sticky":false,"template":"","format":"standard","meta":{"_jetpack_newsletter_access":"","_jetpack_dont_email_post_to_subs":false,"_jetpack_newsletter_tier_id":0,"_jetpack_memberships_contains_paywalled_content":false,"_jetpack_memberships_contains_paid_content":false,"footnotes":""},"categories":[1],"tags":[],"class_list":["post-14735","post","type-post","status-publish","format-standard","hentry","category-sociedad"],"jetpack_featured_media_url":"","jetpack_shortlink":"https:\/\/wp.me\/p2JWE0-3PF","jetpack-related-posts":[{"id":14655,"url":"https:\/\/www.24baires.com\/?p=14655","url_meta":{"origin":14735,"position":0},"title":"Entregar\u00e1n a su familia el cuerpo de un detenido asesinado hace ocho a\u00f1os","author":"AF","date":"04\/02\/2013","format":false,"excerpt":"BERISSO - Pedro Dom\u00ednguez, padre del fallecido, anunci\u00f3 que el pr\u00f3ximo martes a las 10.30 le entregar\u00e1n el cuerpo y que luego realizar\u00e1n la inhumaci\u00f3n en el cementerio de Berisso. Dom\u00ednguez (30) fue detenido el 5 de febrero de 2005 por personal de la comisar\u00eda primera de Berisso, tras ser\u2026","rel":"","context":"En \u00abSociedad\u00bb","block_context":{"text":"Sociedad","link":"https:\/\/www.24baires.com\/?cat=1"},"img":{"alt_text":"cristian dom\u00ednguez","src":"https:\/\/i0.wp.com\/www.24baires.com\/wp-content\/uploads\/2013\/02\/cristian-dom%C3%ADnguez-300x174.jpg?resize=350%2C200","width":350,"height":200},"classes":[]},{"id":61466,"url":"https:\/\/www.24baires.com\/?p=61466","url_meta":{"origin":14735,"position":1},"title":"Berisso: piden revisar la sentencia por el asesinato de Christian Dom\u00ednguez","author":"AF","date":"09\/02\/2015","format":false,"excerpt":"Christian Dom\u00ednguez ten\u00eda treinta a\u00f1os cuando fue asesinado en 2005 por miembros de la Comisar\u00eda 1\u00b0 de Berisso. Su familia todav\u00eda sigue en la b\u00fasqueda de justicia. A diez a\u00f1os de la muerte del joven, tres de los cuatros polic\u00edas imputados fueron condenados por homicidio simple y privaci\u00f3n ileg\u00edtima de\u2026","rel":"","context":"En \u00abJUDICIALES\u00bb","block_context":{"text":"JUDICIALES","link":"https:\/\/www.24baires.com\/?cat=68"},"img":{"alt_text":"ChristianDominguez_2r(1)","src":"https:\/\/i0.wp.com\/www.24baires.com\/wp-content\/uploads\/2015\/02\/ChristianDominguez_2r1.jpg?resize=350%2C200","width":350,"height":200,"srcset":"https:\/\/i0.wp.com\/www.24baires.com\/wp-content\/uploads\/2015\/02\/ChristianDominguez_2r1.jpg?resize=350%2C200 1x, https:\/\/i0.wp.com\/www.24baires.com\/wp-content\/uploads\/2015\/02\/ChristianDominguez_2r1.jpg?resize=525%2C300 1.5x"},"classes":[]},{"id":22997,"url":"https:\/\/www.24baires.com\/?p=22997","url_meta":{"origin":14735,"position":2},"title":"Integrante de la CPM denunci\u00f3 haber vivido \u00abun simulacro de fusilamiento\u00bb ejecutado por la Bonaerense","author":"AF","date":"08\/05\/2013","format":false,"excerpt":"El pasado s\u00e1bado, el joven integrante de la Comisi\u00f3n Provincial por la Memoria, fue interceptado por personal de la comisaria 1\u00aa de Ensenada siendo reducido en forma violenta, esposado y golpeado por al menos cinco efectivos. Ya hab\u00eda sido v\u00edctima de la persecuci\u00f3n policial en 2012. \u201cLo que me sucedi\u00f3\u2026","rel":"","context":"En \u00abSociedad\u00bb","block_context":{"text":"Sociedad","link":"https:\/\/www.24baires.com\/?cat=1"},"img":{"alt_text":"policiabonaerense","src":"https:\/\/i0.wp.com\/www.24baires.com\/wp-content\/uploads\/2012\/10\/policiabonaerense.jpg?resize=350%2C200","width":350,"height":200,"srcset":"https:\/\/i0.wp.com\/www.24baires.com\/wp-content\/uploads\/2012\/10\/policiabonaerense.jpg?resize=350%2C200 1x, https:\/\/i0.wp.com\/www.24baires.com\/wp-content\/uploads\/2012\/10\/policiabonaerense.jpg?resize=525%2C300 1.5x"},"classes":[]},{"id":42755,"url":"https:\/\/www.24baires.com\/?p=42755","url_meta":{"origin":14735,"position":3},"title":"Encontraron el cuerpo de una mujer en un arroyo de Berisso","author":"GB","date":"25\/03\/2014","format":false,"excerpt":"BERISSO-Una mujer que era buscada desde hac\u00eda varios d\u00edas apareci\u00f3 hoy ahogada en un arroyo de la localidad bonaerense de Berisso. Se trata de Irma Graciela Sequeira, una mujer de 56 a\u00f1os, que se hab\u00eda ausentado de su domicilio el 8 de marzo pasado. Seg\u00fan se inform\u00f3, \u201cse tratar\u00eda de\u2026","rel":"","context":"En \u00abPoliciales\u00bb","block_context":{"text":"Policiales","link":"https:\/\/www.24baires.com\/?cat=49"},"img":{"alt_text":"Arroyo de Berisso","src":"https:\/\/i0.wp.com\/www.24baires.com\/wp-content\/uploads\/2014\/03\/Arroyo-de-Berisso-300x187.jpg?resize=350%2C200","width":350,"height":200},"classes":[]},{"id":3100,"url":"https:\/\/www.24baires.com\/?p=3100","url_meta":{"origin":14735,"position":4},"title":"Ins\u00f3lito: el hombre torturado en Comisar\u00eda de Berisso es miembro de la CPM","author":"AF","date":"24\/10\/2012","format":false,"excerpt":"Mario Ver\u00f3n, miembro de la Comisi\u00f3n Provincial por la Memoria (CPM), fue detenido el s\u00e1bado a la madrugada y torturado por efectivos de la Comisar\u00eda 1\u00aa de Berisso. La CPM present\u00f3 por un lado una denuncia penal por torturas y por otro una presentaci\u00f3n a la secretaria de Derechos Humanos\u2026","rel":"","context":"En \u00abPoliciales\u00bb","block_context":{"text":"Policiales","link":"https:\/\/www.24baires.com\/?cat=49"},"img":{"alt_text":"","src":"","width":0,"height":0},"classes":[]},{"id":107302,"url":"https:\/\/www.24baires.com\/?p=107302","url_meta":{"origin":14735,"position":5},"title":"En la Provincia hubo un femicidio cada tres d\u00edas en lo que va del 2019","author":"GB","date":"21\/03\/2019","format":false,"excerpt":"En total, 25 mujeres fueron asesinadas en tres meses. En Mar del Plata se registraron dos femicidios y es una de las ciudades con m\u00e1s casos. Unas 25 mujeres fueron asesinadas por parejas, exparejas o familiares en la provincia de Buenos Aires en lo que va del 2019. Las cifran\u2026","rel":"","context":"En \u00abProvincia\u00bb","block_context":{"text":"Provincia","link":"https:\/\/www.24baires.com\/?cat=40"},"img":{"alt_text":"","src":"https:\/\/i0.wp.com\/www.24baires.com\/wp-content\/uploads\/2015\/11\/ni-una-menos.jpg?resize=350%2C200","width":350,"height":200,"srcset":"https:\/\/i0.wp.com\/www.24baires.com\/wp-content\/uploads\/2015\/11\/ni-una-menos.jpg?resize=350%2C200 1x, https:\/\/i0.wp.com\/www.24baires.com\/wp-content\/uploads\/2015\/11\/ni-una-menos.jpg?resize=525%2C300 1.5x"},"classes":[]}],"jetpack_sharing_enabled":true,"jetpack_likes_enabled":true,"_links":{"self":[{"href":"https:\/\/www.24baires.com\/index.php?rest_route=\/wp\/v2\/posts\/14735","targetHints":{"allow":["GET"]}}],"collection":[{"href":"https:\/\/www.24baires.com\/index.php?rest_route=\/wp\/v2\/posts"}],"about":[{"href":"https:\/\/www.24baires.com\/index.php?rest_route=\/wp\/v2\/types\/post"}],"author":[{"embeddable":true,"href":"https:\/\/www.24baires.com\/index.php?rest_route=\/wp\/v2\/users\/4"}],"replies":[{"embeddable":true,"href":"https:\/\/www.24baires.com\/index.php?rest_route=%2Fwp%2Fv2%2Fcomments&post=14735"}],"version-history":[{"count":2,"href":"https:\/\/www.24baires.com\/index.php?rest_route=\/wp\/v2\/posts\/14735\/revisions"}],"predecessor-version":[{"id":14737,"href":"https:\/\/www.24baires.com\/index.php?rest_route=\/wp\/v2\/posts\/14735\/revisions\/14737"}],"wp:attachment":[{"href":"https:\/\/www.24baires.com\/index.php?rest_route=%2Fwp%2Fv2%2Fmedia&parent=14735"}],"wp:term":[{"taxonomy":"category","embeddable":true,"href":"https:\/\/www.24baires.com\/index.php?rest_route=%2Fwp%2Fv2%2Fcategories&post=14735"},{"taxonomy":"post_tag","embeddable":true,"href":"https:\/\/www.24baires.com\/index.php?rest_route=%2Fwp%2Fv2%2Ftags&post=14735"}],"curies":[{"name":"wp","href":"https:\/\/api.w.org\/{rel}","templated":true}]}}