{"id":14725,"date":"2013-02-05T16:40:09","date_gmt":"2013-02-05T19:40:09","guid":{"rendered":"http:\/\/www.24baires.com\/?p=14725"},"modified":"2013-02-05T13:46:42","modified_gmt":"2013-02-05T16:46:42","slug":"oficializan-la-intervencion-del-ferrocarril-belgrano-cargas","status":"publish","type":"post","link":"https:\/\/www.24baires.com\/?p=14725","title":{"rendered":"Oficializan la intervenci\u00f3n del ferrocarril Belgrano Cargas"},"content":{"rendered":"<p>El Ministerio del Interior y Transporte oficializ\u00f3 este martes la intervenci\u00f3n en el ferrocarril Belgrano Cargas, y as\u00ed dio por concluida la gesti\u00f3n y operaci\u00f3n del contrato de gerenciamiento celebrado en 2006 con la Sociedad Operadora de Emergencia.<!--more--><\/p>\n<p>Lo hizo a trav\u00e9s de una resoluci\u00f3n publicada en el Bolet\u00edn Oficial, a trav\u00e9s de la cual instruy\u00f3 a la Administraci\u00f3n de Infraestructuras Ferroviarias Sociedad del Estado y a la Sociedad Operadora Ferroviaria Sociedad del Estado para que constituyan una Sociedad An\u00f3nima (SA), que tendr\u00e1 por objeto \u00abla explotaci\u00f3n comercial, la operaci\u00f3n y log\u00edstica\u00bb de ese ramal.<\/p>\n<p>Adem\u00e1s, la SA deber\u00e1 encargarse de la \u00abatenci\u00f3n de estaciones, el mantenimiento del material rodante, infraestructura y de los equipos y de todas las dem\u00e1s actividades complementarias y subsidiarias del sector de la red nacional ferroviaria integrada por el Ferrocarril General Belgrano, con exclusi\u00f3n del tramo urbano del \u00c1rea Metropolitana de Buenos Aires\u00bb.<\/p>\n<p>&nbsp;<\/p>\n<p>&nbsp;<\/p>\n<p>&nbsp;<\/p>\n<p>&nbsp;<\/p>\n<p>&nbsp;<\/p>\n<p>&nbsp;<\/p>\n<p>&nbsp;<\/p>\n<p>&nbsp;<\/p>\n<p>&nbsp;<\/p>\n<p>&nbsp;<\/p>\n<p>&nbsp;<\/p>\n<p>&nbsp;<\/p>\n<p>&nbsp;<\/p>\n<p>&nbsp;<\/p>\n<p>&nbsp;<\/p>\n<p>&nbsp;<\/p>\n<p>&nbsp;<\/p>\n<p>&nbsp;<\/p>\n<p>&nbsp;<\/p>\n<p>&nbsp;<\/p>\n<p>&nbsp;<\/p>\n<p>&nbsp;<\/p>\n<p>&nbsp;<\/p>\n<p>&nbsp;<\/p>\n<p>&nbsp;<\/p>\n","protected":false},"excerpt":{"rendered":"<p>El Ministerio del Interior y Transporte oficializ\u00f3 este martes la intervenci\u00f3n en el ferrocarril Belgrano Cargas, y as\u00ed dio por concluida la gesti\u00f3n y operaci\u00f3n del contrato de gerenciamiento celebrado en 2006 con la Sociedad Operadora de Emergencia.<\/p>\n","protected":false},"author":4,"featured_media":0,"comment_status":"open","ping_status":"open","sticky":false,"template":"","format":"standard","meta":{"_jetpack_newsletter_access":"","_jetpack_dont_email_post_to_subs":false,"_jetpack_newsletter_tier_id":0,"_jetpack_memberships_contains_paywalled_content":false,"_jetpack_memberships_contains_paid_content":false,"footnotes":""},"categories":[1],"tags":[],"class_list":["post-14725","post","type-post","status-publish","format-standard","hentry","category-sociedad"],"jetpack_featured_media_url":"","jetpack_shortlink":"https:\/\/wp.me\/p2JWE0-3Pv","jetpack-related-posts":[{"id":63342,"url":"https:\/\/www.24baires.com\/?p=63342","url_meta":{"origin":14725,"position":0},"title":"Avanza el proyecto que estatiza y declara de \u00abinter\u00e9s p\u00fablico y nacional\u00bb a los ferrocarriles","author":"AF","date":"18\/03\/2015","format":false,"excerpt":"El proyecto de ley que estatiza los trenes y crea la empresa p\u00fablica Ferrocarriles Argentinos, con el objeto de reactivar el servicio de cargas y de pasajeros, ingres\u00f3 esta tarde a la C\u00e1mara de Diputados, remitido por el Poder Ejecutivo. De acuerdo con lo anunciado por el ministro del Interior\u2026","rel":"","context":"En \u00abSociedad\u00bb","block_context":{"text":"Sociedad","link":"https:\/\/www.24baires.com\/?cat=1"},"img":{"alt_text":"","src":"","width":0,"height":0},"classes":[]},{"id":26758,"url":"https:\/\/www.24baires.com\/?p=26758","url_meta":{"origin":14725,"position":1},"title":"Oficializan el r\u00e9gimen de penalidades a servicios ferroviarios","author":"AF","date":"24\/06\/2013","format":false,"excerpt":"Se penalizar\u00e1 la cancelaci\u00f3n de trenes, la impuntualidad, la falta de limpieza en los coches, las estaciones, las se\u00f1alizaciones, seguridad en las v\u00edas. Las penalidades se cuantificar\u00e1n en funci\u00f3n de un porcentual de la retribuci\u00f3n que perciben mensualmente las operadoras. Los informes ser\u00e1n elaborados por la CNRT y las sanciones\u2026","rel":"","context":"En \u00abSociedad\u00bb","block_context":{"text":"Sociedad","link":"https:\/\/www.24baires.com\/?cat=1"},"img":{"alt_text":"tren mdp ba","src":"https:\/\/i0.wp.com\/www.24baires.com\/wp-content\/uploads\/2013\/01\/tren-mdp-ba-300x212.jpg?resize=350%2C200","width":350,"height":200},"classes":[]},{"id":63307,"url":"https:\/\/www.24baires.com\/?p=63307","url_meta":{"origin":14725,"position":2},"title":"Randazzo: \u00abEl Estado es m\u00e1s eficiente que los privados\u00bb","author":"GB","date":"18\/03\/2015","format":false,"excerpt":"El ministro present\u00f3 el proyecto de ley que el Poder Ejecutivo envi\u00f3 al Congreso, a partir del cual se crea la Sociedad del Estado Ferrocarriles Argentinos y contempla la recuperaci\u00f3n estatal del sistema ferroviario nacional. El ministro del Interior y Transporte, Florencio Randazzo, anunci\u00f3 hoy en Casa de Gobierno que\u2026","rel":"","context":"En \u00abPol\u00edtica\u00bb","block_context":{"text":"Pol\u00edtica","link":"https:\/\/www.24baires.com\/?cat=51"},"img":{"alt_text":"randazzo","src":"https:\/\/i0.wp.com\/www.24baires.com\/wp-content\/uploads\/2015\/03\/randazzo.jpg?resize=350%2C200","width":350,"height":200,"srcset":"https:\/\/i0.wp.com\/www.24baires.com\/wp-content\/uploads\/2015\/03\/randazzo.jpg?resize=350%2C200 1x, https:\/\/i0.wp.com\/www.24baires.com\/wp-content\/uploads\/2015\/03\/randazzo.jpg?resize=525%2C300 1.5x"},"classes":[]},{"id":63995,"url":"https:\/\/www.24baires.com\/?p=63995","url_meta":{"origin":14725,"position":3},"title":"Diputados trata el proyecto para reestatizar el servicio de trenes","author":"GB","date":"08\/04\/2015","format":false,"excerpt":"La C\u00e1mara baja comenz\u00f3 a sesionar pasadas las 12.15 para tratar la iniciativa del Ejecutivo, que cuenta con amplio respaldo parlamentario. El debate se da en el marco de una sesi\u00f3n especial. La propuesta del Poder Ejecutivo recibir\u00eda media sanci\u00f3n con el apoyo de la UCR, el PRO y el\u2026","rel":"","context":"En \u00abPol\u00edtica\u00bb","block_context":{"text":"Pol\u00edtica","link":"https:\/\/www.24baires.com\/?cat=51"},"img":{"alt_text":"trenes","src":"https:\/\/i0.wp.com\/www.24baires.com\/wp-content\/uploads\/2014\/08\/trenes.jpg?resize=350%2C200","width":350,"height":200,"srcset":"https:\/\/i0.wp.com\/www.24baires.com\/wp-content\/uploads\/2014\/08\/trenes.jpg?resize=350%2C200 1x, https:\/\/i0.wp.com\/www.24baires.com\/wp-content\/uploads\/2014\/08\/trenes.jpg?resize=525%2C300 1.5x"},"classes":[]},{"id":114210,"url":"https:\/\/www.24baires.com\/?p=114210","url_meta":{"origin":14725,"position":4},"title":"El Reino Unido quiere ser \u00absocio\u00bb de nuestro pa\u00eds en los ferrocarriles","author":"AF","date":"24\/02\/2020","format":false,"excerpt":"Lo dijo el embajador brit\u00e1nico luego de que una misi\u00f3n de su pa\u00eds se reuniera con directivos de los trenes argentinos. El embajador del Reino Unido en Argentina, Mark Kent, afirm\u00f3 que su pa\u00eds quiere \"ser socio\" del nuestro en \u00e1reas como el ferrocarril. Lo dijo luego de que una\u2026","rel":"","context":"En \u00abSociedad\u00bb","block_context":{"text":"Sociedad","link":"https:\/\/www.24baires.com\/?cat=1"},"img":{"alt_text":"","src":"https:\/\/i0.wp.com\/www.24baires.com\/wp-content\/uploads\/2017\/06\/ferovaires-tren.jpg?resize=350%2C200","width":350,"height":200,"srcset":"https:\/\/i0.wp.com\/www.24baires.com\/wp-content\/uploads\/2017\/06\/ferovaires-tren.jpg?resize=350%2C200 1x, https:\/\/i0.wp.com\/www.24baires.com\/wp-content\/uploads\/2017\/06\/ferovaires-tren.jpg?resize=525%2C300 1.5x"},"classes":[]},{"id":63890,"url":"https:\/\/www.24baires.com\/?p=63890","url_meta":{"origin":14725,"position":5},"title":"Diputados tratar\u00e1n este mi\u00e9rcoles la estatizaci\u00f3n de los Ferrocarriles","author":"Grupo Sierra","date":"05\/04\/2015","format":false,"excerpt":"La C\u00e1mara de Diputados debatir\u00e1 el mi\u00e9rcoles pr\u00f3ximo el proyecto de ley que estatiza el servicio ferroviario y otorga al Estado la \"plena administraci\u00f3n de la infraestructura ferroviaria en todo el territorio nacional\", en el marco \"del proceso de transformaci\u00f3n in\u00e9dita\" que viene implementando el gobierno nacional para \"fortalecer y\u2026","rel":"","context":"En \u00abPol\u00edtica\u00bb","block_context":{"text":"Pol\u00edtica","link":"https:\/\/www.24baires.com\/?cat=51"},"img":{"alt_text":"Trenes san martin","src":"https:\/\/i0.wp.com\/www.24baires.com\/wp-content\/uploads\/2013\/09\/Trenes-san-martin.jpg?resize=350%2C200","width":350,"height":200,"srcset":"https:\/\/i0.wp.com\/www.24baires.com\/wp-content\/uploads\/2013\/09\/Trenes-san-martin.jpg?resize=350%2C200 1x, https:\/\/i0.wp.com\/www.24baires.com\/wp-content\/uploads\/2013\/09\/Trenes-san-martin.jpg?resize=525%2C300 1.5x"},"classes":[]}],"jetpack_sharing_enabled":true,"jetpack_likes_enabled":true,"_links":{"self":[{"href":"https:\/\/www.24baires.com\/index.php?rest_route=\/wp\/v2\/posts\/14725","targetHints":{"allow":["GET"]}}],"collection":[{"href":"https:\/\/www.24baires.com\/index.php?rest_route=\/wp\/v2\/posts"}],"about":[{"href":"https:\/\/www.24baires.com\/index.php?rest_route=\/wp\/v2\/types\/post"}],"author":[{"embeddable":true,"href":"https:\/\/www.24baires.com\/index.php?rest_route=\/wp\/v2\/users\/4"}],"replies":[{"embeddable":true,"href":"https:\/\/www.24baires.com\/index.php?rest_route=%2Fwp%2Fv2%2Fcomments&post=14725"}],"version-history":[{"count":1,"href":"https:\/\/www.24baires.com\/index.php?rest_route=\/wp\/v2\/posts\/14725\/revisions"}],"predecessor-version":[{"id":14729,"href":"https:\/\/www.24baires.com\/index.php?rest_route=\/wp\/v2\/posts\/14725\/revisions\/14729"}],"wp:attachment":[{"href":"https:\/\/www.24baires.com\/index.php?rest_route=%2Fwp%2Fv2%2Fmedia&parent=14725"}],"wp:term":[{"taxonomy":"category","embeddable":true,"href":"https:\/\/www.24baires.com\/index.php?rest_route=%2Fwp%2Fv2%2Fcategories&post=14725"},{"taxonomy":"post_tag","embeddable":true,"href":"https:\/\/www.24baires.com\/index.php?rest_route=%2Fwp%2Fv2%2Ftags&post=14725"}],"curies":[{"name":"wp","href":"https:\/\/api.w.org\/{rel}","templated":true}]}}