{"id":14655,"date":"2013-02-04T18:24:11","date_gmt":"2013-02-04T21:24:11","guid":{"rendered":"http:\/\/www.24baires.com\/?p=14655"},"modified":"2013-02-04T18:25:15","modified_gmt":"2013-02-04T21:25:15","slug":"entregaran-a-su-familia-el-cuerpo-de-un-detenido-asesinado-hace-ocho-anos","status":"publish","type":"post","link":"https:\/\/www.24baires.com\/?p=14655","title":{"rendered":"Entregar\u00e1n a su familia el cuerpo de un detenido asesinado hace ocho a\u00f1os"},"content":{"rendered":"<p><strong><img data-recalc-dims=\"1\" loading=\"lazy\" decoding=\"async\" class=\"alignleft size-medium wp-image-14659\" alt=\"cristian dom\u00ednguez\" src=\"https:\/\/i0.wp.com\/www.24baires.com\/wp-content\/uploads\/2013\/02\/cristian-dom%C3%ADnguez.jpg?resize=300%2C174\" width=\"300\" height=\"174\" srcset=\"https:\/\/i0.wp.com\/www.24baires.com\/wp-content\/uploads\/2013\/02\/cristian-dom%C3%ADnguez.jpg?resize=300%2C174&amp;ssl=1 300w, https:\/\/i0.wp.com\/www.24baires.com\/wp-content\/uploads\/2013\/02\/cristian-dom%C3%ADnguez.jpg?w=560&amp;ssl=1 560w\" sizes=\"auto, (max-width: 300px) 100vw, 300px\" \/>BERISSO &#8211;<\/strong> Pedro Dom\u00ednguez, padre del fallecido, anunci\u00f3 que el pr\u00f3ximo martes a las 10.30 le entregar\u00e1n el cuerpo y que luego realizar\u00e1n la inhumaci\u00f3n en el cementerio de Berisso.<!--more--><\/p>\n<p>Dom\u00ednguez (30) fue detenido el 5 de febrero de 2005 por personal de la comisar\u00eda primera de Berisso, tras ser hallado en estado de ebriedad en la calle. El hombre fue conducido a la seccional y alojado en la celda de contraventores, donde, seg\u00fan la versi\u00f3n policial, se ahorc\u00f3 con su cintur\u00f3n.<\/p>\n<p>Una segunda autopsia determin\u00f3 que Dom\u00ednguez hab\u00eda sido estrangulado y que muri\u00f3 \u00aba causa de un s\u00edndrome asf\u00edctico compatible con la acci\u00f3n de terceros\u00bb.<\/p>\n<p>En septiembre del a\u00f1o pasado un ex polic\u00eda fue condenado a 14 a\u00f1os de prisi\u00f3n por el Tribunal Oral en lo Criminal 3 de La Plata al ser considerado autor de este crimen, mientras que otros dos efectivos recibieron condenas de 4 y 3 a\u00f1os de c\u00e1rcel.<\/p>\n<p>&nbsp;<\/p>\n<p>&nbsp;<\/p>\n<p>&nbsp;<\/p>\n<p>&nbsp;<\/p>\n<p>&nbsp;<\/p>\n<p>&nbsp;<\/p>\n<p>&nbsp;<\/p>\n<p>&nbsp;<\/p>\n<p>&nbsp;<\/p>\n<p>&nbsp;<\/p>\n<p>&nbsp;<\/p>\n<p>&nbsp;<\/p>\n<p>&nbsp;<\/p>\n<p>&nbsp;<\/p>\n<p>&nbsp;<\/p>\n<p>&nbsp;<\/p>\n<p>&nbsp;<\/p>\n<p>&nbsp;<\/p>\n<p>&nbsp;<\/p>\n<p>&nbsp;<\/p>\n<p>&nbsp;<\/p>\n<p>&nbsp;<\/p>\n","protected":false},"excerpt":{"rendered":"<p>BERISSO &#8211; Pedro Dom\u00ednguez, padre del fallecido, anunci\u00f3 que el pr\u00f3ximo martes a las 10.30 le entregar\u00e1n el cuerpo y que luego realizar\u00e1n la inhumaci\u00f3n en el cementerio de Berisso.<\/p>\n","protected":false},"author":4,"featured_media":0,"comment_status":"open","ping_status":"open","sticky":false,"template":"","format":"standard","meta":{"_jetpack_newsletter_access":"","_jetpack_dont_email_post_to_subs":false,"_jetpack_newsletter_tier_id":0,"_jetpack_memberships_contains_paywalled_content":false,"_jetpack_memberships_contains_paid_content":false,"footnotes":""},"categories":[1],"tags":[],"class_list":["post-14655","post","type-post","status-publish","format-standard","hentry","category-sociedad"],"jetpack_featured_media_url":"","jetpack_shortlink":"https:\/\/wp.me\/p2JWE0-3On","jetpack-related-posts":[{"id":14735,"url":"https:\/\/www.24baires.com\/?p=14735","url_meta":{"origin":14655,"position":0},"title":"Entregaron a su familia el cuerpo del detenido asesinado en 2005","author":"AF","date":"05\/02\/2013","format":false,"excerpt":"El joven fue asesinado por personal de la Comisar\u00eda 1\u00aa de Berisso. Su padre dijo que la demora sucedi\u00f3 \u201cpor los malos funcionarios que tenemos\u201d. Luego de 8 a\u00f1os de permanecer en la morgue policial, el cuerpo de Christian Dom\u00ednguez, asesinado por personal de la Polic\u00eda Bonaerense en la seccional\u2026","rel":"","context":"En \u00abSociedad\u00bb","block_context":{"text":"Sociedad","link":"https:\/\/www.24baires.com\/?cat=1"},"img":{"alt_text":"","src":"","width":0,"height":0},"classes":[]},{"id":61466,"url":"https:\/\/www.24baires.com\/?p=61466","url_meta":{"origin":14655,"position":1},"title":"Berisso: piden revisar la sentencia por el asesinato de Christian Dom\u00ednguez","author":"AF","date":"09\/02\/2015","format":false,"excerpt":"Christian Dom\u00ednguez ten\u00eda treinta a\u00f1os cuando fue asesinado en 2005 por miembros de la Comisar\u00eda 1\u00b0 de Berisso. Su familia todav\u00eda sigue en la b\u00fasqueda de justicia. A diez a\u00f1os de la muerte del joven, tres de los cuatros polic\u00edas imputados fueron condenados por homicidio simple y privaci\u00f3n ileg\u00edtima de\u2026","rel":"","context":"En \u00abJUDICIALES\u00bb","block_context":{"text":"JUDICIALES","link":"https:\/\/www.24baires.com\/?cat=68"},"img":{"alt_text":"ChristianDominguez_2r(1)","src":"https:\/\/i0.wp.com\/www.24baires.com\/wp-content\/uploads\/2015\/02\/ChristianDominguez_2r1.jpg?resize=350%2C200","width":350,"height":200,"srcset":"https:\/\/i0.wp.com\/www.24baires.com\/wp-content\/uploads\/2015\/02\/ChristianDominguez_2r1.jpg?resize=350%2C200 1x, https:\/\/i0.wp.com\/www.24baires.com\/wp-content\/uploads\/2015\/02\/ChristianDominguez_2r1.jpg?resize=525%2C300 1.5x"},"classes":[]},{"id":112166,"url":"https:\/\/www.24baires.com\/?p=112166","url_meta":{"origin":14655,"position":2},"title":"Berisso: tres nenes murieron intoxicados con mon\u00f3xido de carbono","author":"AF","date":"20\/09\/2019","format":false,"excerpt":"Los menores ten\u00edan 2, 4 y 6 a\u00f1os. Sus padres tambi\u00e9n fueron encontrados desmayados en el piso intoxicados al inhalar el gas. Tres ni\u00f1os murieron y sus padres fueron internados en estado delicado a ra\u00edz de una aparente intoxicaci\u00f3n por mon\u00f3xido de carbono en una vivienda de la ciudad de\u2026","rel":"","context":"En \u00abLocales\u00bb","block_context":{"text":"Locales","link":"https:\/\/www.24baires.com\/?cat=38"},"img":{"alt_text":"","src":"https:\/\/i0.wp.com\/www.24baires.com\/wp-content\/uploads\/2019\/09\/hospital-berisso.jpg?resize=350%2C200","width":350,"height":200,"srcset":"https:\/\/i0.wp.com\/www.24baires.com\/wp-content\/uploads\/2019\/09\/hospital-berisso.jpg?resize=350%2C200 1x, https:\/\/i0.wp.com\/www.24baires.com\/wp-content\/uploads\/2019\/09\/hospital-berisso.jpg?resize=525%2C300 1.5x"},"classes":[]},{"id":106566,"url":"https:\/\/www.24baires.com\/?p=106566","url_meta":{"origin":14655,"position":3},"title":"Reanudan la b\u00fasqueda de Gissella en Berisso","author":"GB","date":"28\/01\/2019","format":false,"excerpt":"El rastrillaje fue ordenado por la fiscal de la causa y cuenta con la presencia de 200 polic\u00edas. Tambi\u00e9n colaboran bomberos. La polic\u00eda bonaerense inici\u00f3 este lunes un nuevo rastrillaje en Berisso para dar con el paradero de Gissella Sol\u00eds Calle, la odont\u00f3loga de 47 a\u00f1os desaparecida desde el \u00faltimo\u2026","rel":"","context":"En \u00abSociedad\u00bb","block_context":{"text":"Sociedad","link":"https:\/\/www.24baires.com\/?cat=1"},"img":{"alt_text":"","src":"https:\/\/i0.wp.com\/www.24baires.com\/wp-content\/uploads\/2019\/01\/policia-cientifica.jpg?resize=350%2C200","width":350,"height":200,"srcset":"https:\/\/i0.wp.com\/www.24baires.com\/wp-content\/uploads\/2019\/01\/policia-cientifica.jpg?resize=350%2C200 1x, https:\/\/i0.wp.com\/www.24baires.com\/wp-content\/uploads\/2019\/01\/policia-cientifica.jpg?resize=525%2C300 1.5x"},"classes":[]},{"id":103162,"url":"https:\/\/www.24baires.com\/?p=103162","url_meta":{"origin":14655,"position":4},"title":"Berisso es el primer municipio en eliminar la Polic\u00eda Local","author":"AF","date":"04\/07\/2018","format":false,"excerpt":"La municipalidad de Berisso se convirti\u00f3 en la primera comuna de la provincia en fusionar la Polic\u00eda Local con la bonaerense, siguiendo los planes del Gobierno provincial para eliminar la fuerza creada durante la gesti\u00f3n de Daniel Scioli. El intendente de Berisso, Jorge Nedela, firm\u00f3 ayer un convenio con el\u2026","rel":"","context":"En \u00abLocales\u00bb","block_context":{"text":"Locales","link":"https:\/\/www.24baires.com\/?cat=38"},"img":{"alt_text":"","src":"https:\/\/i0.wp.com\/www.24baires.com\/wp-content\/uploads\/2015\/10\/policia-local-mdp.jpg?resize=350%2C200","width":350,"height":200,"srcset":"https:\/\/i0.wp.com\/www.24baires.com\/wp-content\/uploads\/2015\/10\/policia-local-mdp.jpg?resize=350%2C200 1x, https:\/\/i0.wp.com\/www.24baires.com\/wp-content\/uploads\/2015\/10\/policia-local-mdp.jpg?resize=525%2C300 1.5x"},"classes":[]},{"id":54540,"url":"https:\/\/www.24baires.com\/?p=54540","url_meta":{"origin":14655,"position":5},"title":"Adelina de Alaye present\u00f3 su libro en Ensenada","author":"GB","date":"30\/09\/2014","format":false,"excerpt":"\u200bLa Madre de Plaza de Mayo La Plata, Adelina Dematti de Alaye, presentar\u00e1 su libro \u201cLa marca de la infamia. Asesinatos, complicidad e inhumaciones en el cementerio de La Plata\u201d en el marco de la inauguraci\u00f3n del local del Movimiento San Mart\u00edn Ensenada. En su libro, Adelina de Alaye busca\u2026","rel":"","context":"En \u00abMemoria\u00bb","block_context":{"text":"Memoria","link":"https:\/\/www.24baires.com\/?cat=50"},"img":{"alt_text":"","src":"","width":0,"height":0},"classes":[]}],"jetpack_sharing_enabled":true,"jetpack_likes_enabled":true,"_links":{"self":[{"href":"https:\/\/www.24baires.com\/index.php?rest_route=\/wp\/v2\/posts\/14655","targetHints":{"allow":["GET"]}}],"collection":[{"href":"https:\/\/www.24baires.com\/index.php?rest_route=\/wp\/v2\/posts"}],"about":[{"href":"https:\/\/www.24baires.com\/index.php?rest_route=\/wp\/v2\/types\/post"}],"author":[{"embeddable":true,"href":"https:\/\/www.24baires.com\/index.php?rest_route=\/wp\/v2\/users\/4"}],"replies":[{"embeddable":true,"href":"https:\/\/www.24baires.com\/index.php?rest_route=%2Fwp%2Fv2%2Fcomments&post=14655"}],"version-history":[{"count":2,"href":"https:\/\/www.24baires.com\/index.php?rest_route=\/wp\/v2\/posts\/14655\/revisions"}],"predecessor-version":[{"id":14660,"href":"https:\/\/www.24baires.com\/index.php?rest_route=\/wp\/v2\/posts\/14655\/revisions\/14660"}],"wp:attachment":[{"href":"https:\/\/www.24baires.com\/index.php?rest_route=%2Fwp%2Fv2%2Fmedia&parent=14655"}],"wp:term":[{"taxonomy":"category","embeddable":true,"href":"https:\/\/www.24baires.com\/index.php?rest_route=%2Fwp%2Fv2%2Fcategories&post=14655"},{"taxonomy":"post_tag","embeddable":true,"href":"https:\/\/www.24baires.com\/index.php?rest_route=%2Fwp%2Fv2%2Ftags&post=14655"}],"curies":[{"name":"wp","href":"https:\/\/api.w.org\/{rel}","templated":true}]}}