{"id":14650,"date":"2013-02-04T17:25:38","date_gmt":"2013-02-04T20:25:38","guid":{"rendered":"http:\/\/www.24baires.com\/?p=14650"},"modified":"2013-02-04T17:10:57","modified_gmt":"2013-02-04T20:10:57","slug":"la-presidenta-presentara-el-plan-nacional-de-educacion-obligatoria-y-formacion-docente","status":"publish","type":"post","link":"https:\/\/www.24baires.com\/?p=14650","title":{"rendered":"La Presidenta presentar\u00e1 el Plan Nacional de Educaci\u00f3n Obligatoria y Formaci\u00f3n Docente"},"content":{"rendered":"<p><img data-recalc-dims=\"1\" loading=\"lazy\" decoding=\"async\" class=\"alignleft size-medium wp-image-8813\" alt=\"cristina \" src=\"https:\/\/i0.wp.com\/www.24baires.com\/wp-content\/uploads\/2012\/12\/cristina-marita-veron.jpg?resize=300%2C199\" width=\"300\" height=\"199\" srcset=\"https:\/\/i0.wp.com\/www.24baires.com\/wp-content\/uploads\/2012\/12\/cristina-marita-veron.jpg?resize=300%2C199&amp;ssl=1 300w, https:\/\/i0.wp.com\/www.24baires.com\/wp-content\/uploads\/2012\/12\/cristina-marita-veron.jpg?w=560&amp;ssl=1 560w\" sizes=\"auto, (max-width: 300px) 100vw, 300px\" \/>Se llevar\u00e1 a cabo el pr\u00f3ximo martes a las 18.30 en el Teatro Gran Rex como apertura de un encuentro nacional, y contar\u00e1 con la presencia de las autoridades que integran el Consejo Federal de Educaci\u00f3n. Cristina Fern\u00e1ndez de Kirchner encabezara el acto junto al ministro de educaci\u00f3n, Alberto Sileoni.<!--more--><\/p>\n<p>La presidenta Cristina Fern\u00e1ndez de Kirchner y el ministro de Educaci\u00f3n, Alberto Sileoni, presentar\u00e1n este martes el Plan Nacional de Educaci\u00f3n Obligatoria y Formaci\u00f3n Docente 2012-2016, se inform\u00f3 oficialmente.<\/p>\n<p>La conferencia inaugural estar\u00e1 a cargo del fil\u00f3sofo Jos\u00e9 Pablo Feinmann, inform\u00f3 la cartera educativa mediante un comunicado.<\/p>\n<p>El encuentro, que convocar\u00e1 a representantes pol\u00edticos y t\u00e9cnicos de todas las jurisdicciones, tiene por finalidad la presentaci\u00f3n del compendio de los objetivos y l\u00edneas de acci\u00f3n previstos para el quinquenio 2012-2016, para todos los niveles y modalidades del sistema educativo nacional.<\/p>\n<p>La segunda jornada de trabajo se llevar\u00e1 a cabo el mi\u00e9rcoles desde las 9.30 en el Espacio para la Memoria, Promoci\u00f3n y Defensa de los Derechos Humanos (ex ESMA), en avenida Del Libertador 8151.<\/p>\n<p>Los asistentes al encuentro participar\u00e1n en comisiones que planificar\u00e1n la labor anual en base al plan, definiendo el modo en que cada \u00e1rea nacional y jurisdiccional implementar\u00e1 las l\u00edneas de acci\u00f3n incluidas en ese documento.<\/p>\n<p>El Plan Nacional de Educaci\u00f3n Obligatoria y Formaci\u00f3n Docente 2012-2016 fue aprobado por unanimidad en la \u00faltima Asamblea Ordinaria del Consejo Federal de Educaci\u00f3n, realizado el pasado 5 de diciembre.<\/p>\n<p>&nbsp;<\/p>\n<p>&nbsp;<\/p>\n<p>&nbsp;<\/p>\n<p>&nbsp;<\/p>\n<p>&nbsp;<\/p>\n<p>&nbsp;<\/p>\n<p>&nbsp;<\/p>\n<p>&nbsp;<\/p>\n<p>&nbsp;<\/p>\n<p>&nbsp;<\/p>\n<p>&nbsp;<\/p>\n<p>&nbsp;<\/p>\n<p>&nbsp;<\/p>\n<p>&nbsp;<\/p>\n<p>&nbsp;<\/p>\n<p>&nbsp;<\/p>\n<p>&nbsp;<\/p>\n<p>&nbsp;<\/p>\n<p>&nbsp;<\/p>\n<p>&nbsp;<\/p>\n<p>&nbsp;<\/p>\n","protected":false},"excerpt":{"rendered":"<p>Se llevar\u00e1 a cabo el pr\u00f3ximo martes a las 18.30 en el Teatro Gran Rex como apertura de un encuentro nacional, y contar\u00e1 con la presencia de las autoridades que integran el Consejo Federal de Educaci\u00f3n. Cristina Fern\u00e1ndez de Kirchner encabezara el acto junto al ministro de educaci\u00f3n, Alberto Sileoni.<\/p>\n","protected":false},"author":4,"featured_media":0,"comment_status":"open","ping_status":"open","sticky":false,"template":"","format":"standard","meta":{"_jetpack_newsletter_access":"","_jetpack_dont_email_post_to_subs":false,"_jetpack_newsletter_tier_id":0,"_jetpack_memberships_contains_paywalled_content":false,"_jetpack_memberships_contains_paid_content":false,"footnotes":""},"categories":[1],"tags":[],"class_list":["post-14650","post","type-post","status-publish","format-standard","hentry","category-sociedad"],"jetpack_featured_media_url":"","jetpack_shortlink":"https:\/\/wp.me\/p2JWE0-3Oi","jetpack-related-posts":[{"id":14760,"url":"https:\/\/www.24baires.com\/?p=14760","url_meta":{"origin":14650,"position":0},"title":"La Presidenta present\u00f3 el Plan Nacional de Educaci\u00f3n Obligatoria","author":"Grupo Sierra","date":"05\/02\/2013","format":false,"excerpt":"La presidenta Cristina Fern\u00e1ndez de Kirchner destac\u00f3 que la educaci\u00f3n \u201ces una parte importante\" del proyecto pol\u00edtico que encabeza, en la presentaci\u00f3n oficial del Plan Quinquenal Docente. Adem\u00e1s remarc\u00f3 que el sistema educativo debe ser \"nacional, popular y obligatorio\".\u00a0 Cristina remarc\u00f3 que Plan Nacional de Educaci\u00f3n Obligatoria y Formaci\u00f3n Docente\u2026","rel":"","context":"En \u00abPol\u00edtica\u00bb","block_context":{"text":"Pol\u00edtica","link":"https:\/\/www.24baires.com\/?cat=51"},"img":{"alt_text":"cristina_pne","src":"https:\/\/i0.wp.com\/www.24baires.com\/wp-content\/uploads\/2013\/02\/cristina_pne.jpg?resize=350%2C200","width":350,"height":200,"srcset":"https:\/\/i0.wp.com\/www.24baires.com\/wp-content\/uploads\/2013\/02\/cristina_pne.jpg?resize=350%2C200 1x, https:\/\/i0.wp.com\/www.24baires.com\/wp-content\/uploads\/2013\/02\/cristina_pne.jpg?resize=525%2C300 1.5x"},"classes":[]},{"id":31653,"url":"https:\/\/www.24baires.com\/?p=31653","url_meta":{"origin":14650,"position":1},"title":"Sileoni asegur\u00f3 que \u00abla mejor herramienta contra la inseguridad\u00bb es la educaci\u00f3n","author":"AF","date":"11\/09\/2013","format":false,"excerpt":"El ministro de Educaci\u00f3n se refiri\u00f3 as\u00ed al ser consultado sobre la discusi\u00f3n que se da por estos d\u00edas sobre la baja de la edad de imputabilidad de los menores que delinquen. \"Entiendo tambi\u00e9n que la sociedad busque acciones directas, que evidentemente las hay, y los especialistas deber\u00e1n advertir cu\u00e1les\u2026","rel":"","context":"En \u00abSociedad\u00bb","block_context":{"text":"Sociedad","link":"https:\/\/www.24baires.com\/?cat=1"},"img":{"alt_text":"sileoni","src":"https:\/\/i0.wp.com\/www.24baires.com\/wp-content\/uploads\/2013\/02\/sileoni-300x171.jpg?resize=350%2C200","width":350,"height":200},"classes":[]},{"id":121252,"url":"https:\/\/www.24baires.com\/?p=121252","url_meta":{"origin":14650,"position":2},"title":"\u00abHay un gobierno que desprecia la educaci\u00f3n p\u00fablica\u00bb, enfatiz\u00f3 Sileoni","author":"GB","date":"22\/04\/2024","format":false,"excerpt":"El Director de Cultura y Educaci\u00f3n bonaerense habl\u00f3 en la previa de la movilizaci\u00f3n en defensa de la educaci\u00f3n p\u00fablica y apunto contra el desprecio por parte del Gobierno Nacional. A tres d\u00edas de la masiva movilizaci\u00f3n convocada por las universidades nacionales en defensa de la educaci\u00f3n p\u00fablica, Alberto Sileoni,\u2026","rel":"","context":"En \u00abPol\u00edtica\u00bb","block_context":{"text":"Pol\u00edtica","link":"https:\/\/www.24baires.com\/?cat=51"},"img":{"alt_text":"","src":"https:\/\/i0.wp.com\/www.24baires.com\/wp-content\/uploads\/2024\/04\/sileoni.jpg.webp?resize=350%2C200","width":350,"height":200,"srcset":"https:\/\/i0.wp.com\/www.24baires.com\/wp-content\/uploads\/2024\/04\/sileoni.jpg.webp?resize=350%2C200 1x, https:\/\/i0.wp.com\/www.24baires.com\/wp-content\/uploads\/2024\/04\/sileoni.jpg.webp?resize=525%2C300 1.5x, https:\/\/i0.wp.com\/www.24baires.com\/wp-content\/uploads\/2024\/04\/sileoni.jpg.webp?resize=700%2C400 2x"},"classes":[]},{"id":118794,"url":"https:\/\/www.24baires.com\/?p=118794","url_meta":{"origin":14650,"position":3},"title":"Kicillof inaugur\u00f3 el primer jard\u00edn maternal de gesti\u00f3n p\u00fablica de Salto","author":"GB","date":"28\/04\/2022","format":false,"excerpt":"El gobernador destac\u00f3 que \u201cla obra para la puesta en marcha de este jard\u00edn maternal se inici\u00f3 durante el gobierno de Cristina Fern\u00e1ndez de Kirchner y, como tantas otras que estaban a punto de terminarse, no se concluyeron\u201d. El gobernador de la provincia de Buenos Aires, Axel Kicillof, encabez\u00f3 esta\u2026","rel":"","context":"En \u00abMunicipios\u00bb","block_context":{"text":"Municipios","link":"https:\/\/www.24baires.com\/?cat=44"},"img":{"alt_text":"","src":"https:\/\/i0.wp.com\/www.24baires.com\/wp-content\/uploads\/2022\/04\/20220427163626__MG_8082-1-1024x681-1.jpg?resize=350%2C200","width":350,"height":200,"srcset":"https:\/\/i0.wp.com\/www.24baires.com\/wp-content\/uploads\/2022\/04\/20220427163626__MG_8082-1-1024x681-1.jpg?resize=350%2C200 1x, https:\/\/i0.wp.com\/www.24baires.com\/wp-content\/uploads\/2022\/04\/20220427163626__MG_8082-1-1024x681-1.jpg?resize=525%2C300 1.5x, https:\/\/i0.wp.com\/www.24baires.com\/wp-content\/uploads\/2022\/04\/20220427163626__MG_8082-1-1024x681-1.jpg?resize=700%2C400 2x"},"classes":[]},{"id":4540,"url":"https:\/\/www.24baires.com\/?p=4540","url_meta":{"origin":14650,"position":4},"title":"\u00abEl siglo XXI debe ser el siglo de \u2018mi hijo el ingeniero\u2019\u00bb augur\u00f3 Cristina","author":"Grupo Sierra","date":"05\/11\/2012","format":false,"excerpt":"Cristina lanz\u00f3 hoy un plan estrat\u00e9gico para la formaci\u00f3n t\u00e9cnica de alumnos secundarios y terciarios de todo el pa\u00eds. La provincia de Buenos Aires recibir\u00e1 para desarrollar el programa m\u00e1s de 11 millones de pesos. \"El compromiso de este proyecto pol\u00edtico con la educaci\u00f3n p\u00fablica es inquebrantable\", subray\u00f3 la Presidenta.\u2026","rel":"","context":"En \u00abPol\u00edtica\u00bb","block_context":{"text":"Pol\u00edtica","link":"https:\/\/www.24baires.com\/?cat=51"},"img":{"alt_text":"","src":"https:\/\/i0.wp.com\/www.24baires.com\/wp-content\/uploads\/2012\/11\/cristina-tecnopolis-.jpg?resize=350%2C200","width":350,"height":200,"srcset":"https:\/\/i0.wp.com\/www.24baires.com\/wp-content\/uploads\/2012\/11\/cristina-tecnopolis-.jpg?resize=350%2C200 1x, https:\/\/i0.wp.com\/www.24baires.com\/wp-content\/uploads\/2012\/11\/cristina-tecnopolis-.jpg?resize=525%2C300 1.5x"},"classes":[]},{"id":34340,"url":"https:\/\/www.24baires.com\/?p=34340","url_meta":{"origin":14650,"position":5},"title":"El 26 de febrero empezar\u00e1n las clases en todo el pa\u00eds","author":"GB","date":"29\/10\/2013","format":false,"excerpt":"El ministro de Educaci\u00f3n de la Naci\u00f3n, Alberto Sileoni -acompa\u00f1ado por los 24 titulares de las carteras educativas del pa\u00eds-, anunci\u00f3 que el ciclo lectivo 2014 comenzar\u00e1 el mi\u00e9rcoles 26 de febrero y concluir\u00e1 el 19 de diciembre. De esta manera se garantizan los 190 d\u00edas de clase establecidos por\u2026","rel":"","context":"En \u00abSociedad\u00bb","block_context":{"text":"Sociedad","link":"https:\/\/www.24baires.com\/?cat=1"},"img":{"alt_text":"clases","src":"https:\/\/i0.wp.com\/www.24baires.com\/wp-content\/uploads\/2013\/10\/clases-300x199.jpg?resize=350%2C200","width":350,"height":200},"classes":[]}],"jetpack_sharing_enabled":true,"jetpack_likes_enabled":true,"_links":{"self":[{"href":"https:\/\/www.24baires.com\/index.php?rest_route=\/wp\/v2\/posts\/14650","targetHints":{"allow":["GET"]}}],"collection":[{"href":"https:\/\/www.24baires.com\/index.php?rest_route=\/wp\/v2\/posts"}],"about":[{"href":"https:\/\/www.24baires.com\/index.php?rest_route=\/wp\/v2\/types\/post"}],"author":[{"embeddable":true,"href":"https:\/\/www.24baires.com\/index.php?rest_route=\/wp\/v2\/users\/4"}],"replies":[{"embeddable":true,"href":"https:\/\/www.24baires.com\/index.php?rest_route=%2Fwp%2Fv2%2Fcomments&post=14650"}],"version-history":[{"count":2,"href":"https:\/\/www.24baires.com\/index.php?rest_route=\/wp\/v2\/posts\/14650\/revisions"}],"predecessor-version":[{"id":14652,"href":"https:\/\/www.24baires.com\/index.php?rest_route=\/wp\/v2\/posts\/14650\/revisions\/14652"}],"wp:attachment":[{"href":"https:\/\/www.24baires.com\/index.php?rest_route=%2Fwp%2Fv2%2Fmedia&parent=14650"}],"wp:term":[{"taxonomy":"category","embeddable":true,"href":"https:\/\/www.24baires.com\/index.php?rest_route=%2Fwp%2Fv2%2Fcategories&post=14650"},{"taxonomy":"post_tag","embeddable":true,"href":"https:\/\/www.24baires.com\/index.php?rest_route=%2Fwp%2Fv2%2Ftags&post=14650"}],"curies":[{"name":"wp","href":"https:\/\/api.w.org\/{rel}","templated":true}]}}