{"id":14638,"date":"2013-02-04T15:30:58","date_gmt":"2013-02-04T18:30:58","guid":{"rendered":"http:\/\/www.24baires.com\/?p=14638"},"modified":"2013-02-04T16:24:44","modified_gmt":"2013-02-04T19:24:44","slug":"lincoln-se-sumo-a-la-lucha-contra-la-violencia-de-genero","status":"publish","type":"post","link":"https:\/\/www.24baires.com\/?p=14638","title":{"rendered":"Lincoln se sum\u00f3 a la lucha contra la Violencia de G\u00e9nero"},"content":{"rendered":"<p><img data-recalc-dims=\"1\" loading=\"lazy\" decoding=\"async\" class=\"alignleft size-medium wp-image-14639\" alt=\"no violencia lincoln\" src=\"https:\/\/i0.wp.com\/www.24baires.com\/wp-content\/uploads\/2013\/02\/no-violencia-lincoln.jpg?resize=300%2C204\" width=\"300\" height=\"204\" srcset=\"https:\/\/i0.wp.com\/www.24baires.com\/wp-content\/uploads\/2013\/02\/no-violencia-lincoln.jpg?resize=300%2C204&amp;ssl=1 300w, https:\/\/i0.wp.com\/www.24baires.com\/wp-content\/uploads\/2013\/02\/no-violencia-lincoln.jpg?w=560&amp;ssl=1 560w\" sizes=\"auto, (max-width: 300px) 100vw, 300px\" \/>El ministro de Desarrollo Social, Mart\u00edn Ferr\u00e9, puso en marcha la Mesa Local de Prevenci\u00f3n y Erradicaci\u00f3n de la Violencia Familiar en Lincoln, que posibilitar\u00e1 recibir denuncias y brindar ayuda y asesoramiento a las v\u00edctimas de maltrato y a su entorno.<!--more--><br \/>\nFerr\u00e9, quien estuvo acompa\u00f1ado por el intendente local, Jorge Fern\u00e1ndez, destac\u00f3 la conformaci\u00f3n de esa nueva estructura al sostener que \u201cla mejor forma de abordar esta problem\u00e1tica es con el compromiso de todas las \u00e1reas del Estado y de la ciudadan\u00eda. Despu\u00e9s de un arduo trabajo, logramos poner en marcha esta Mesa que no hace m\u00e1s que sumar la fuerza de los actores locales que hasta ahora estaban trabajando de manera desarticulada\u201d.<br \/>\nTras recordar que \u201cya tenemos mesas en 58 distritos\u201d, el titular de la cartera social afirm\u00f3 que para la gesti\u00f3n del gobernador Scioli \u201ces prioridad alentar una pol\u00edtica p\u00fablica activa que est\u00e9 dirigida al fortalecimiento de los derechos de la mujer y a la eliminaci\u00f3n de todo tipo o modalidad de violencia\u201d.<br \/>\nTras el acto de inauguraci\u00f3n \u2013en el que participaron adem\u00e1s el subsecretario de Pol\u00edticas Socioecon\u00f3micas, Ariel Notta y el presidente del Consejo Provincial de la Juventud, Carlos Rodr\u00edguez\u2014, Ferr\u00e9 y Fern\u00e1ndez entregaron kits l\u00fadicos para centros de jubilados y pensionados de Lincoln y participaron de juegos deportivos y recreativos destinados a chicos que concurren a UDIS y Envi\u00f3n.<br \/>\n\u201cFue un gran encuentro generacional, los mayores y los chicos fueron part\u00edcipes de una jornada de fiesta, con deportes y juegos. Esta tambi\u00e9n es una forma de mantener estimulados a los chicos, no s\u00f3lo para que apuesten a una vida sana, haciendo deportes y desarrollando tareas en grupo, sino tambi\u00e9n para que se relacionen con los mayores, quienes sin dudas pueden enriquecerlos a partir de sus experiencias\u201d, finaliz\u00f3 Ferr\u00e9.<\/p>\n","protected":false},"excerpt":{"rendered":"<p>El ministro de Desarrollo Social, Mart\u00edn Ferr\u00e9, puso en marcha la Mesa Local de Prevenci\u00f3n y Erradicaci\u00f3n de la Violencia Familiar en Lincoln, que posibilitar\u00e1 recibir denuncias y brindar ayuda y asesoramiento a las v\u00edctimas de maltrato y a su entorno.<\/p>\n","protected":false},"author":4,"featured_media":0,"comment_status":"open","ping_status":"open","sticky":false,"template":"","format":"standard","meta":{"_jetpack_newsletter_access":"","_jetpack_dont_email_post_to_subs":false,"_jetpack_newsletter_tier_id":0,"_jetpack_memberships_contains_paywalled_content":false,"_jetpack_memberships_contains_paid_content":false,"footnotes":""},"categories":[1],"tags":[],"class_list":["post-14638","post","type-post","status-publish","format-standard","hentry","category-sociedad"],"jetpack_featured_media_url":"","jetpack_shortlink":"https:\/\/wp.me\/p2JWE0-3O6","jetpack-related-posts":[{"id":29122,"url":"https:\/\/www.24baires.com\/?p=29122","url_meta":{"origin":14638,"position":0},"title":"M\u00e1s de la mitad de los distritos de la Provincia cuentan con mesas contra la violencia familiar","author":"AF","date":"29\/07\/2013","format":false,"excerpt":"M\u00e1s de la mitad de los municipios del territorio bonaerense contar\u00e1n este a\u00f1o con una Mesa Local contra la Violencia Familiar, estructuras distritales que tienen por finalidad prevenir y abordar esta problem\u00e1tica en cada uno de los distritos. El ministro de Desarrollo Social, Mart\u00edn Ferr\u00e9, destac\u00f3 la importancia de estos\u2026","rel":"","context":"En \u00abMunicipios\u00bb","block_context":{"text":"Municipios","link":"https:\/\/www.24baires.com\/?cat=44"},"img":{"alt_text":"violencia de g\u00e9nero","src":"https:\/\/i0.wp.com\/www.24baires.com\/wp-content\/uploads\/2013\/01\/violencia-de-g%C3%A9nero.jpg?resize=350%2C200","width":350,"height":200},"classes":[]},{"id":31710,"url":"https:\/\/www.24baires.com\/?p=31710","url_meta":{"origin":14638,"position":1},"title":"La Provincia brindar\u00e1 ayuda econ\u00f3mica a v\u00edctimas de violencia dom\u00e9stica","author":"AF","date":"12\/09\/2013","format":false,"excerpt":"El ministro de Desarrollo Social, Mart\u00edn Ferr\u00e9, acord\u00f3 con el Defensor del Pueblo de la Provincia, Carlos Bonicatto, la puesta en marcha del Programa ANDANDO que prev\u00e9 el otorgamiento de una ayuda econ\u00f3mica mensual a v\u00edctimas de la violencia familiar. Desde la cartera de Desarrollo, durante el encuentro, los funcionarios\u2026","rel":"","context":"En \u00abProvincia\u00bb","block_context":{"text":"Provincia","link":"https:\/\/www.24baires.com\/?cat=40"},"img":{"alt_text":"","src":"","width":0,"height":0},"classes":[]},{"id":7327,"url":"https:\/\/www.24baires.com\/?p=7327","url_meta":{"origin":14638,"position":2},"title":"Concejales del FpV denuncian desinter\u00e9s del Ejecutivo por el tema de la violencia familiar","author":"Grupo Sierra","date":"30\/11\/2012","format":false,"excerpt":"TANDIL - Los ediles del Bloque PJ-FPV, Eduardo Ferrer y Graciela Ubach denunciaron que est\u00e1 \u201ccajoneado\u201d desde hace un a\u00f1o un proyecto de ordenanza referido a la creaci\u00f3n de una Mesa Local para la Prevenci\u00f3n y Atenci\u00f3n de la Violencia Familiar. \u201cDesinter\u00e9s, inanici\u00f3n, temor a que se los cuestione sobre\u2026","rel":"","context":"En \u00abMunicipios\u00bb","block_context":{"text":"Municipios","link":"https:\/\/www.24baires.com\/?cat=44"},"img":{"alt_text":"","src":"https:\/\/i0.wp.com\/www.24baires.com\/wp-content\/uploads\/2012\/11\/ferrer-cjal-tandil-300x203.jpg?resize=350%2C200","width":350,"height":200},"classes":[]},{"id":12078,"url":"https:\/\/www.24baires.com\/?p=12078","url_meta":{"origin":14638,"position":3},"title":"Las agresiones en la pareja encabezan las denuncias por violencia familiar en la Provincia","author":"Grupo Sierra","date":"13\/01\/2013","format":false,"excerpt":"Las denuncias por distintos tipos de violencia en la pareja constituyeron m\u00e1s del 75% de los llamados realizados a la l\u00ednea gratuita 0800-666-5065 que el Ministerio de Desarrollo Social de la Provincia pone a disposici\u00f3n de las v\u00edctimas de maltrato familiar. El ministro de Desarrollo Social, Mart\u00edn Ferr\u00e9, sostuvo que\u2026","rel":"","context":"En \u00abSociedad\u00bb","block_context":{"text":"Sociedad","link":"https:\/\/www.24baires.com\/?cat=1"},"img":{"alt_text":"","src":"","width":0,"height":0},"classes":[]},{"id":35686,"url":"https:\/\/www.24baires.com\/?p=35686","url_meta":{"origin":14638,"position":4},"title":"Aumentan las denuncias por violencia familiar en el territorio bonaerense","author":"Grupo Sierra","date":"24\/11\/2013","format":false,"excerpt":"Las denuncias por casos de maltrato familiar crecieron en lo que va del a\u00f1o un 17% con respecto al mismo per\u00edodo de 2012, de acuerdo a las llamadas recibidas en la l\u00ednea gratuita 0800-666-5065 que el ministerio de Desarrollo Social de la Provincia pone a disposici\u00f3n de las v\u00edctimas de\u2026","rel":"","context":"En \u00abProvincia\u00bb","block_context":{"text":"Provincia","link":"https:\/\/www.24baires.com\/?cat=40"},"img":{"alt_text":"","src":"","width":0,"height":0},"classes":[]},{"id":43620,"url":"https:\/\/www.24baires.com\/?p=43620","url_meta":{"origin":14638,"position":5},"title":"C\u00f3mo afect\u00f3 el paro a las ciudades bonaerenses","author":"Grupo Sierra","date":"10\/04\/2014","format":false,"excerpt":"Distintas repercusiones tiene el paro convocado a nivel nacional, con las respuestas por parte de las agrupaciones locales de la provincia de Buenos Aires. El detalle en las principales ciudades. Desde la UTA se\u00f1alaron que el acatamiento al paro en La Plata fue de casi el 90% y aclararon que\u2026","rel":"","context":"En \u00abLocales\u00bb","block_context":{"text":"Locales","link":"https:\/\/www.24baires.com\/?cat=38"},"img":{"alt_text":"paro mar del plata","src":"https:\/\/i0.wp.com\/www.24baires.com\/wp-content\/uploads\/2014\/04\/paro-mar-del-plata.jpg?resize=350%2C200","width":350,"height":200,"srcset":"https:\/\/i0.wp.com\/www.24baires.com\/wp-content\/uploads\/2014\/04\/paro-mar-del-plata.jpg?resize=350%2C200 1x, https:\/\/i0.wp.com\/www.24baires.com\/wp-content\/uploads\/2014\/04\/paro-mar-del-plata.jpg?resize=525%2C300 1.5x"},"classes":[]}],"jetpack_sharing_enabled":true,"jetpack_likes_enabled":true,"_links":{"self":[{"href":"https:\/\/www.24baires.com\/index.php?rest_route=\/wp\/v2\/posts\/14638","targetHints":{"allow":["GET"]}}],"collection":[{"href":"https:\/\/www.24baires.com\/index.php?rest_route=\/wp\/v2\/posts"}],"about":[{"href":"https:\/\/www.24baires.com\/index.php?rest_route=\/wp\/v2\/types\/post"}],"author":[{"embeddable":true,"href":"https:\/\/www.24baires.com\/index.php?rest_route=\/wp\/v2\/users\/4"}],"replies":[{"embeddable":true,"href":"https:\/\/www.24baires.com\/index.php?rest_route=%2Fwp%2Fv2%2Fcomments&post=14638"}],"version-history":[{"count":2,"href":"https:\/\/www.24baires.com\/index.php?rest_route=\/wp\/v2\/posts\/14638\/revisions"}],"predecessor-version":[{"id":14641,"href":"https:\/\/www.24baires.com\/index.php?rest_route=\/wp\/v2\/posts\/14638\/revisions\/14641"}],"wp:attachment":[{"href":"https:\/\/www.24baires.com\/index.php?rest_route=%2Fwp%2Fv2%2Fmedia&parent=14638"}],"wp:term":[{"taxonomy":"category","embeddable":true,"href":"https:\/\/www.24baires.com\/index.php?rest_route=%2Fwp%2Fv2%2Fcategories&post=14638"},{"taxonomy":"post_tag","embeddable":true,"href":"https:\/\/www.24baires.com\/index.php?rest_route=%2Fwp%2Fv2%2Ftags&post=14638"}],"curies":[{"name":"wp","href":"https:\/\/api.w.org\/{rel}","templated":true}]}}