{"id":14614,"date":"2013-02-04T13:04:18","date_gmt":"2013-02-04T16:04:18","guid":{"rendered":"http:\/\/www.24baires.com\/?p=14614"},"modified":"2013-02-04T13:04:18","modified_gmt":"2013-02-04T16:04:18","slug":"repudio-por-los-insultos-a-kicillof-mientras-viajaba-con-su-familia","status":"publish","type":"post","link":"https:\/\/www.24baires.com\/?p=14614","title":{"rendered":"Repudio por los insultos a Kicillof mientras viajaba con su familia"},"content":{"rendered":"<div class=\"alignleft\"><object width=\"280\" height=\"210\" classid=\"clsid:d27cdb6e-ae6d-11cf-96b8-444553540000\" codebase=\"http:\/\/download.macromedia.com\/pub\/shockwave\/cabs\/flash\/swflash.cab#version=6,0,40,0\"><param name=\"allowFullScreen\" value=\"true\" \/><param name=\"allowscriptaccess\" value=\"always\" \/><param name=\"src\" value=\"http:\/\/www.youtube.com\/v\/54c-2JszUAM?version=3&amp;hl=es_ES;rel=0;showinfo=0;controls=0\" \/><param name=\"allowfullscreen\" value=\"true\" \/><\/object><\/div>\n<p>El gobernador de la Provincia de Buenos Aires, Daniel Scioli, conden\u00f3 hoy el abucheo que sufri\u00f3 el vicepresidente Amado Boudou en Santa Fe y el escrache al viceministro de Econom\u00eda, Axel Kicillof, en un Buqueb\u00fas.<!--more--><br \/>\nScioli dijo que\u00a0 \u00abno puede pasar que la gente se empiece a enojar con la pol\u00edtica\u00bb y pidi\u00f3 \u00abcontribuir a la armon\u00eda\u00bb. Adem\u00e1s, manifest\u00f3 su repudio a los insultos del c\u00f3mico y dirigente del PRO Miguel De Sel a la presidenta Cristina Fern\u00e1ndez y sostuvo: \u00abTodos tenemos que respetarnos\u00bb.<\/p>\n<p>Por su parte, el presidente del bloque del Frente para la Victoria en Diputados, Agust\u00edn Rossi, asegur\u00f3 que el abucheo a Boudou \u201cde espont\u00e1neo no tuvo nada\u201d y afirm\u00f3: \u201cYo estuve en el acto del Bicentenario de la Batalla de San Lorenzo y eso de espont\u00e1neo no tuvo nada. Eso estuvo armado por los adherentes al intendente, que es un dirigente radical, y por el gobernador de la provincia, sin ninguna duda\u201d.<\/p>\n<p>En di\u00e1logo con Radio 10, Rossi, agreg\u00f3: \u00abDe hecho, cuando est\u00e1bamos siendo trasladados al acto, yo le advert\u00ed al Vicepresidente esto que iba a pasar, porque ten\u00edamos informaci\u00f3n. Usaron la Batalla del Bicentenario para hacer lo que hicieron\u201d.<\/p>\n<p>Ayer, Kicillof fue eschachado por pasajeros que volv\u00edan de Colonia en Buquebus, que lo identificaron y comenzaron a agredirlo verbalmente hasta que el funcionario, que estaba junto a su mujer y sus peque\u00f1os hijos, debi\u00f3 refugiarse en la cabina del capit\u00e1n. Boudou, en tanto, fue abucheado durante un acto oficial que realizaba junto al gobernador, Antonio Bonfatti, en la ciudad santafesina de San Lorenzo.<\/p>\n<p>&nbsp;<\/p>\n<p>&nbsp;<\/p>\n<p>&nbsp;<\/p>\n<p>&nbsp;<\/p>\n<p>&nbsp;<\/p>\n<p>&nbsp;<\/p>\n<p>&nbsp;<\/p>\n<p>&nbsp;<\/p>\n<p>&nbsp;<\/p>\n<p>&nbsp;<\/p>\n<p>&nbsp;<\/p>\n<p>&nbsp;<\/p>\n<p>&nbsp;<\/p>\n<p>&nbsp;<\/p>\n<p>&nbsp;<\/p>\n<p>&nbsp;<\/p>\n<p>&nbsp;<\/p>\n<p>&nbsp;<\/p>\n<p>&nbsp;<\/p>\n<p>&nbsp;<\/p>\n<p>&nbsp;<\/p>\n<p>&nbsp;<\/p>\n<p>&nbsp;<\/p>\n<p>&nbsp;<\/p>\n<p>&nbsp;<\/p>\n<p>&nbsp;<\/p>\n<p>&nbsp;<\/p>\n<p>&nbsp;<\/p>\n<p>&nbsp;<\/p>\n<p>&nbsp;<\/p>\n<p>&nbsp;<\/p>\n<p>&nbsp;<\/p>\n<div class=\"alignleft\"><\/div>\n","protected":false},"excerpt":{"rendered":"<p>El gobernador de la Provincia de Buenos Aires, Daniel Scioli, conden\u00f3 hoy el abucheo que sufri\u00f3 el vicepresidente Amado Boudou en Santa Fe y el escrache al viceministro de Econom\u00eda, Axel Kicillof, en un Buqueb\u00fas.<\/p>\n","protected":false},"author":4,"featured_media":0,"comment_status":"open","ping_status":"open","sticky":false,"template":"","format":"standard","meta":{"_jetpack_newsletter_access":"","_jetpack_dont_email_post_to_subs":false,"_jetpack_newsletter_tier_id":0,"_jetpack_memberships_contains_paywalled_content":false,"_jetpack_memberships_contains_paid_content":false,"footnotes":""},"categories":[1],"tags":[],"class_list":["post-14614","post","type-post","status-publish","format-standard","hentry","category-sociedad"],"jetpack_featured_media_url":"","jetpack_shortlink":"https:\/\/wp.me\/p2JWE0-3NI","jetpack-related-posts":[{"id":120034,"url":"https:\/\/www.24baires.com\/?p=120034","url_meta":{"origin":14614,"position":0},"title":"Con una agenda industrial, Axel Kicillof llega a Brasil","author":"GB","date":"24\/04\/2023","format":false,"excerpt":"El gobernador de la provincia de Buenos Aires, Axel Kicillof, estar\u00e1 hoy y ma\u00f1ana en la ciudad de S\u00e3o Paulo. Como hab\u00eda anticipado INFOCIELO, el gobernador de la provincia de Buenos Aires, Axel Kicillof, comienza su semana en Brasil. El mandatario estar\u00e1 en S\u00e3o Paulo, la ciudad m\u00e1s poblada del\u2026","rel":"","context":"En \u00abEconom\u00eda\u00bb","block_context":{"text":"Econom\u00eda","link":"https:\/\/www.24baires.com\/?cat=45"},"img":{"alt_text":"","src":"https:\/\/i0.wp.com\/www.24baires.com\/wp-content\/uploads\/2023\/04\/kicillof-brasil.webp?resize=350%2C200","width":350,"height":200,"srcset":"https:\/\/i0.wp.com\/www.24baires.com\/wp-content\/uploads\/2023\/04\/kicillof-brasil.webp?resize=350%2C200 1x, https:\/\/i0.wp.com\/www.24baires.com\/wp-content\/uploads\/2023\/04\/kicillof-brasil.webp?resize=525%2C300 1.5x, https:\/\/i0.wp.com\/www.24baires.com\/wp-content\/uploads\/2023\/04\/kicillof-brasil.webp?resize=700%2C400 2x"},"classes":[]},{"id":94496,"url":"https:\/\/www.24baires.com\/?p=94496","url_meta":{"origin":14614,"position":1},"title":"\u00abSi Macri dec\u00eda la verdad gan\u00e1bamos nosotros\u00bb, asegur\u00f3 Kicillof","author":"AF","date":"14\/05\/2017","format":false,"excerpt":"El ex ministro de Econom\u00eda carg\u00f3 contra el gobierno nacional y habl\u00f3 de Daniel Scioli. El hombre que fue clave en el manejo de la econom\u00eda durante los gobiernos de Cristina Fern\u00e1ndez, Axel Kicillof, dispar\u00f3 munici\u00f3n gruesa a la gesti\u00f3n de Mauricio Macri en la Casa Rosada. \"Lo que est\u00e1\u2026","rel":"","context":"En \u00abPol\u00edtica\u00bb","block_context":{"text":"Pol\u00edtica","link":"https:\/\/www.24baires.com\/?cat=51"},"img":{"alt_text":"","src":"https:\/\/i0.wp.com\/www.24baires.com\/wp-content\/uploads\/2015\/04\/kicillof-onu.jpg?resize=350%2C200","width":350,"height":200,"srcset":"https:\/\/i0.wp.com\/www.24baires.com\/wp-content\/uploads\/2015\/04\/kicillof-onu.jpg?resize=350%2C200 1x, https:\/\/i0.wp.com\/www.24baires.com\/wp-content\/uploads\/2015\/04\/kicillof-onu.jpg?resize=525%2C300 1.5x"},"classes":[]},{"id":54336,"url":"https:\/\/www.24baires.com\/?p=54336","url_meta":{"origin":14614,"position":2},"title":"Kicillof y Scioli recorrieron obras hidr\u00e1ulicas en La Plata","author":"GB","date":"26\/09\/2014","format":false,"excerpt":"A casi 18 meses de la tr\u00e1gica inundaci\u00f3n que afect\u00f3 a la Ciudad, y en un total hermetismo, el Ministro de Econom\u00eda de la naci\u00f3n, Axel Kicillof, realiz\u00f3 una recorrida junto al gobernador Daniel Scioli y el intendente Bruera de las tareas que se vienen ejecutando en el Arroyo P\u00e9rez\u2026","rel":"","context":"En \u00abMunicipios\u00bb","block_context":{"text":"Municipios","link":"https:\/\/www.24baires.com\/?cat=44"},"img":{"alt_text":"scioli k","src":"https:\/\/i0.wp.com\/www.24baires.com\/wp-content\/uploads\/2014\/09\/scioli-k.jpg?resize=350%2C200","width":350,"height":200,"srcset":"https:\/\/i0.wp.com\/www.24baires.com\/wp-content\/uploads\/2014\/09\/scioli-k.jpg?resize=350%2C200 1x, https:\/\/i0.wp.com\/www.24baires.com\/wp-content\/uploads\/2014\/09\/scioli-k.jpg?resize=525%2C300 1.5x"},"classes":[]},{"id":101122,"url":"https:\/\/www.24baires.com\/?p=101122","url_meta":{"origin":14614,"position":3},"title":"Indagar\u00e1n a Scioli por irregularidades en la construcci\u00f3n de las UPA 24","author":"AF","date":"17\/03\/2018","format":false,"excerpt":"El ex gobernador Daniel Scioli y quien fuera su ministro de Salud, Alejandro Collia, fueron imputados y citados a prestar declaraci\u00f3n indagatoria en el marco de una causa que investiga presuntas irregularidades en la adjudicaci\u00f3n de ocho Unidades de Pronta Atenci\u00f3n (UPA 24) para las que se destinaron m\u00e1s de\u2026","rel":"","context":"En \u00abJUDICIALES\u00bb","block_context":{"text":"JUDICIALES","link":"https:\/\/www.24baires.com\/?cat=68"},"img":{"alt_text":"","src":"https:\/\/i0.wp.com\/www.24baires.com\/wp-content\/uploads\/2014\/05\/Daniel-Scioli.jpg?resize=350%2C200","width":350,"height":200,"srcset":"https:\/\/i0.wp.com\/www.24baires.com\/wp-content\/uploads\/2014\/05\/Daniel-Scioli.jpg?resize=350%2C200 1x, https:\/\/i0.wp.com\/www.24baires.com\/wp-content\/uploads\/2014\/05\/Daniel-Scioli.jpg?resize=525%2C300 1.5x"},"classes":[]},{"id":71006,"url":"https:\/\/www.24baires.com\/?p=71006","url_meta":{"origin":14614,"position":4},"title":"\u00abEl \u00fanico modelo para seguir creciendo es votar a la f\u00f3rmula de Scioli y Zannini\u00bb","author":"GB","date":"22\/08\/2015","format":false,"excerpt":"El ministro de Econom\u00eda y primer candidato a diputado nacional por la ciudad , Axel Kicillof, durante el plenario de la militancia del kirchnerismo porte\u00f1o ante 5 mil militantes. El ministro de Econom\u00eda y primer candidato a diputado nacional por la ciudad de Buenos Aires, Axel Kicillof, asegur\u00f3 hoy que\u2026","rel":"","context":"En \u00abEconom\u00eda\u00bb","block_context":{"text":"Econom\u00eda","link":"https:\/\/www.24baires.com\/?cat=45"},"img":{"alt_text":"kicillof onu","src":"https:\/\/i0.wp.com\/www.24baires.com\/wp-content\/uploads\/2015\/04\/kicillof-onu.jpg?resize=350%2C200","width":350,"height":200,"srcset":"https:\/\/i0.wp.com\/www.24baires.com\/wp-content\/uploads\/2015\/04\/kicillof-onu.jpg?resize=350%2C200 1x, https:\/\/i0.wp.com\/www.24baires.com\/wp-content\/uploads\/2015\/04\/kicillof-onu.jpg?resize=525%2C300 1.5x"},"classes":[]},{"id":37549,"url":"https:\/\/www.24baires.com\/?p=37549","url_meta":{"origin":14614,"position":5},"title":"La deuda a refinanciar es de 4.600 millones","author":"Grupo Sierra","date":"28\/12\/2013","format":false,"excerpt":"A cambio, deber\u00e1 cumplir metas trimestrales de reducci\u00f3n de trabajo en negro y mortalidad infantil. Daniel Scioli se levant\u00f3 de la silla, rode\u00f3 el estrado y lleg\u00f3 hasta el centro del sal\u00f3n, donde se encontraba el libro de actas preparado para la ocasi\u00f3n. El Gobernador estamp\u00f3 su firma y antes\u2026","rel":"","context":"En \u00abProvincia\u00bb","block_context":{"text":"Provincia","link":"https:\/\/www.24baires.com\/?cat=40"},"img":{"alt_text":"capitanich scioli","src":"https:\/\/i0.wp.com\/www.24baires.com\/wp-content\/uploads\/2013\/12\/capitanich-scioli-300x165.jpg?resize=350%2C200","width":350,"height":200},"classes":[]}],"jetpack_sharing_enabled":true,"jetpack_likes_enabled":true,"_links":{"self":[{"href":"https:\/\/www.24baires.com\/index.php?rest_route=\/wp\/v2\/posts\/14614","targetHints":{"allow":["GET"]}}],"collection":[{"href":"https:\/\/www.24baires.com\/index.php?rest_route=\/wp\/v2\/posts"}],"about":[{"href":"https:\/\/www.24baires.com\/index.php?rest_route=\/wp\/v2\/types\/post"}],"author":[{"embeddable":true,"href":"https:\/\/www.24baires.com\/index.php?rest_route=\/wp\/v2\/users\/4"}],"replies":[{"embeddable":true,"href":"https:\/\/www.24baires.com\/index.php?rest_route=%2Fwp%2Fv2%2Fcomments&post=14614"}],"version-history":[{"count":2,"href":"https:\/\/www.24baires.com\/index.php?rest_route=\/wp\/v2\/posts\/14614\/revisions"}],"predecessor-version":[{"id":14619,"href":"https:\/\/www.24baires.com\/index.php?rest_route=\/wp\/v2\/posts\/14614\/revisions\/14619"}],"wp:attachment":[{"href":"https:\/\/www.24baires.com\/index.php?rest_route=%2Fwp%2Fv2%2Fmedia&parent=14614"}],"wp:term":[{"taxonomy":"category","embeddable":true,"href":"https:\/\/www.24baires.com\/index.php?rest_route=%2Fwp%2Fv2%2Fcategories&post=14614"},{"taxonomy":"post_tag","embeddable":true,"href":"https:\/\/www.24baires.com\/index.php?rest_route=%2Fwp%2Fv2%2Ftags&post=14614"}],"curies":[{"name":"wp","href":"https:\/\/api.w.org\/{rel}","templated":true}]}}