{"id":1460,"date":"2012-10-08T21:50:17","date_gmt":"2012-10-09T00:50:17","guid":{"rendered":"http:\/\/www.24baires.com\/?p=1460"},"modified":"2012-10-08T21:50:17","modified_gmt":"2012-10-09T00:50:17","slug":"se-debatira-en-bahia-blanca-la-reforma-del-codigo-civil-y-del-comercial","status":"publish","type":"post","link":"https:\/\/www.24baires.com\/?p=1460","title":{"rendered":"Se debatir\u00e1 en Bah\u00eda Blanca la reforma del C\u00f3digo Civil y del Comercial"},"content":{"rendered":"<p>Se trata de la octava audiencia p\u00fablica que llevar\u00e1 adelante la Comisi\u00f3n Bicameral para la Reforma, Actualizaci\u00f3n y Unificaci\u00f3n de los C\u00f3digos Civil y Comercial de la Naci\u00f3n. La convocatoria es para el jueves pr\u00f3ximo en el Teatro Municipal de Bah\u00eda Blanca.<!--more--><\/p>\n<p>La agenda de audiencias p\u00fablicas que se realizan el marco del debate de la reforma y la unificaci\u00f3n de los C\u00f3digos Civil y Comercial, continuar\u00e1 el jueves en la ciudad bonaerense de Bah\u00eda Blanca.<\/p>\n<p>La Comisi\u00f3n Bicameral del Congreso Nacional encabezar\u00e1 la actividad a partir de las 11 en el Teatro Municipal, ubicado en Alsina 425 de esa localidad.<\/p>\n<p>Se trata de la octava audiencia p\u00fablica en el marco de este debate, en el que est\u00e1 previsto el desarrollo de otras tres audiencias, una de ellas en La Rioja, otra en la capital puntana y una tercera en el partido bonaerense de La Matanza, en la localidad de San Justo.<\/p>\n<p>La semana pasada, juristas, docentes, alumnos y representantes de organizaciones sociales y de pueblos originarios coincidieron en destacar, en una audiencia p\u00fablica realizada en la capital cordobesa, la importancia de avanzar con la modificaci\u00f3n y la unificaci\u00f3n de los c\u00f3digos Civil y Comercial de la Naci\u00f3n.<\/p>\n<p>En tanto, las anteriores audiencias p\u00fablicas, que comenzaron con una realizada el 23 de agosto pasado, en el Sal\u00f3n Azul del Senado, se desarrollaron en las ciudades de San Miguel de Tucum\u00e1n, Rosario, La Plata, Neuqu\u00e9n y Corrientes.<\/p>\n<p>Con la convocatoria para este jueves en la ciudad de Bah\u00eda Blanca, y de otras tres jornadas de audiencias para la semana pr\u00f3xima (15 de octubre, en La Rioja; 16 de octubre, en San Luis; y 17 de octubre en San Justo) la Comisi\u00f3n Bicameral seguir\u00e1 con el cronograma delineado dos meses atr\u00e1s, en el inicio del debate.<\/p>\n<p>Por medio de una resoluci\u00f3n aprobada en el Congreso a principios de julio pasado fue creada la Comisi\u00f3n Bicameral para la Reforma, Actualizaci\u00f3n y Unificaci\u00f3n de los C\u00f3digos Civil y Comercial de la Naci\u00f3n con el objeto de analizar el proyecto de reforma enviado por el Poder Ejecutivo Nacional.<\/p>\n","protected":false},"excerpt":{"rendered":"<p>Se trata de la octava audiencia p\u00fablica que llevar\u00e1 adelante la Comisi\u00f3n Bicameral para la Reforma, Actualizaci\u00f3n y Unificaci\u00f3n de los C\u00f3digos Civil y Comercial de la Naci\u00f3n. La convocatoria es para el jueves pr\u00f3ximo en el Teatro Municipal de Bah\u00eda Blanca.<\/p>\n","protected":false},"author":4,"featured_media":0,"comment_status":"open","ping_status":"open","sticky":false,"template":"","format":"standard","meta":{"_jetpack_newsletter_access":"","_jetpack_dont_email_post_to_subs":false,"_jetpack_newsletter_tier_id":0,"_jetpack_memberships_contains_paywalled_content":false,"_jetpack_memberships_contains_paid_content":false,"footnotes":""},"categories":[1],"tags":[],"class_list":["post-1460","post","type-post","status-publish","format-standard","hentry","category-sociedad"],"jetpack_featured_media_url":"","jetpack_shortlink":"https:\/\/wp.me\/p2JWE0-ny","jetpack-related-posts":[{"id":2375,"url":"https:\/\/www.24baires.com\/?p=2375","url_meta":{"origin":1460,"position":0},"title":"Cierran en La Matanza las audiencias p\u00fablicas por la reforma del C\u00f3digo Civil y del Comercial","author":"AF","date":"16\/10\/2012","format":false,"excerpt":"El Intendente Municipal, Fernando Espinoza, junto al Presidente de la Honorable C\u00e1mara de Diputados, Juli\u00e1n Dom\u00ednguez, invitan al cierre de las audiencias p\u00fablicas por la Reforma de los C\u00f3digos Civil y Comercial, que se realizar\u00e1 el mi\u00e9rcoles 17 de octubre, a las 10.30 hs, en la Universidad Nacional de La\u2026","rel":"","context":"En \u00abSociedad\u00bb","block_context":{"text":"Sociedad","link":"https:\/\/www.24baires.com\/?cat=1"},"img":{"alt_text":"","src":"","width":0,"height":0},"classes":[]},{"id":5748,"url":"https:\/\/www.24baires.com\/?p=5748","url_meta":{"origin":1460,"position":1},"title":"Juli\u00e1n Dom\u00ednguez: \u00abSimplificar la adopci\u00f3n debe ser una causa nacional\u00bb","author":"Grupo Sierra","date":"16\/11\/2012","format":false,"excerpt":"El presidente de la C\u00e1mara de Diputados de la Naci\u00f3n, Juli\u00e1n Dom\u00ednguez, asegur\u00f3 esta tarde que \"la adopci\u00f3n tiene que ser una gran causa nacional, hay que generar la mayor simplificaci\u00f3n posible en esta materia\", al inaugurar la audiencia p\u00fablica por la reforma de los C\u00f3digos Civil y Comercial realizada\u2026","rel":"","context":"En \u00abSociedad\u00bb","block_context":{"text":"Sociedad","link":"https:\/\/www.24baires.com\/?cat=1"},"img":{"alt_text":"","src":"https:\/\/i0.wp.com\/www.24baires.com\/wp-content\/uploads\/2012\/11\/dominguez-adopcion1-300x202.jpg?resize=350%2C200","width":350,"height":200},"classes":[]},{"id":35468,"url":"https:\/\/www.24baires.com\/?p=35468","url_meta":{"origin":1460,"position":2},"title":"Emitieron dictamen favorable a la reforma del C\u00f3digo Civil","author":"AF","date":"20\/11\/2013","format":false,"excerpt":"El proyecto de unificaci\u00f3n y reforma de los C\u00f3digos Civil y Comercial recibi\u00f3 dictamen durante la tercera audiencia de la bicameral, por lo que qued\u00f3 en condiciones de ser debatida el pr\u00f3ximo mi\u00e9rcoles por el Senado. El jefe del bloque de senadores kirchneristas, Miguel Pichetto, valor\u00f3 el \"arduo trabajo\" para\u2026","rel":"","context":"En \u00abJUDICIALES\u00bb","block_context":{"text":"JUDICIALES","link":"https:\/\/www.24baires.com\/?cat=68"},"img":{"alt_text":"alak codigo","src":"https:\/\/i0.wp.com\/www.24baires.com\/wp-content\/uploads\/2013\/11\/alak-codigo.jpg?resize=350%2C200","width":350,"height":200,"srcset":"https:\/\/i0.wp.com\/www.24baires.com\/wp-content\/uploads\/2013\/11\/alak-codigo.jpg?resize=350%2C200 1x, https:\/\/i0.wp.com\/www.24baires.com\/wp-content\/uploads\/2013\/11\/alak-codigo.jpg?resize=525%2C300 1.5x"},"classes":[]},{"id":4224,"url":"https:\/\/www.24baires.com\/?p=4224","url_meta":{"origin":1460,"position":3},"title":"El debate de la reforma de los c\u00f3digos pas\u00f3 por Mar de Aj\u00f3","author":"Grupo Sierra","date":"02\/11\/2012","format":false,"excerpt":"Se celebr\u00f3 en esa localidad de la costa atl\u00e1ntica una nueva audiencia p\u00fablica, con la presencia entre otros del titular de la C\u00e1mara de Diputados, Juli\u00e1n Dom\u00ednguez, quien sostuvo que \u201ccomo dirigentes de la generaci\u00f3n del bicentenario somos los \u00fanicos responsables de la construcci\u00f3n de los nuevos derechos\u201d. El presidente\u2026","rel":"","context":"En \u00abPol\u00edtica\u00bb","block_context":{"text":"Pol\u00edtica","link":"https:\/\/www.24baires.com\/?cat=51"},"img":{"alt_text":"","src":"https:\/\/i0.wp.com\/www.24baires.com\/wp-content\/uploads\/2012\/11\/landau_dominguez_camano.jpg?resize=350%2C200","width":350,"height":200},"classes":[]},{"id":2461,"url":"https:\/\/www.24baires.com\/?p=2461","url_meta":{"origin":1460,"position":4},"title":"Se celebr\u00f3 en La Matanza la \u00faltima audiencia p\u00fablica para la unificaci\u00f3n de los C\u00f3digos","author":"AF","date":"17\/10\/2012","format":false,"excerpt":"El Presidente de la C\u00e1mara de Diputados de la Naci\u00f3n, Dr. Juli\u00e1n Dom\u00ednguez, y la Comisi\u00f3n Bicameral del Congreso Nacional que lleva a cabo las Audiencias P\u00fablicas en todo el pa\u00eds para reformar, actualizar y unificar el c\u00f3digo Civil y Comercial, se hicieron presentes en la Universidad Nacional de La\u2026","rel":"","context":"En \u00abSociedad\u00bb","block_context":{"text":"Sociedad","link":"https:\/\/www.24baires.com\/?cat=1"},"img":{"alt_text":"","src":"","width":0,"height":0},"classes":[]},{"id":728,"url":"https:\/\/www.24baires.com\/?p=728","url_meta":{"origin":1460,"position":5},"title":"\u201cLa decisi\u00f3n y la voluntad de su pueblo har\u00e1n realidad la autonom\u00eda de Huanguel\u00e9n\u201d","author":"Grupo Sierra","date":"30\/09\/2012","format":false,"excerpt":"El presidente de la C\u00e1mara de Diputados de la Naci\u00f3n, Juli\u00e1n Dom\u00ednguez, particip\u00f3 esta tarde del acto central por el \u201creclamo de autonom\u00eda\u201d de la comunidad de Huanguel\u00e9n, que tuvo lugar en el marco de los festejos por el centenario de la localidad bonaerense. \u201cLa decisi\u00f3n y la voluntad de\u2026","rel":"","context":"En \u00abLocales\u00bb","block_context":{"text":"Locales","link":"https:\/\/www.24baires.com\/?cat=38"},"img":{"alt_text":"","src":"https:\/\/i0.wp.com\/www.24baires.com\/wp-content\/uploads\/2012\/09\/Dom%C3%ADnguez-Huanguel%C3%A9n.jpg?resize=350%2C200","width":350,"height":200,"srcset":"https:\/\/i0.wp.com\/www.24baires.com\/wp-content\/uploads\/2012\/09\/Dom%C3%ADnguez-Huanguel%C3%A9n.jpg?resize=350%2C200 1x, https:\/\/i0.wp.com\/www.24baires.com\/wp-content\/uploads\/2012\/09\/Dom%C3%ADnguez-Huanguel%C3%A9n.jpg?resize=525%2C300 1.5x"},"classes":[]}],"jetpack_sharing_enabled":true,"jetpack_likes_enabled":true,"_links":{"self":[{"href":"https:\/\/www.24baires.com\/index.php?rest_route=\/wp\/v2\/posts\/1460","targetHints":{"allow":["GET"]}}],"collection":[{"href":"https:\/\/www.24baires.com\/index.php?rest_route=\/wp\/v2\/posts"}],"about":[{"href":"https:\/\/www.24baires.com\/index.php?rest_route=\/wp\/v2\/types\/post"}],"author":[{"embeddable":true,"href":"https:\/\/www.24baires.com\/index.php?rest_route=\/wp\/v2\/users\/4"}],"replies":[{"embeddable":true,"href":"https:\/\/www.24baires.com\/index.php?rest_route=%2Fwp%2Fv2%2Fcomments&post=1460"}],"version-history":[{"count":0,"href":"https:\/\/www.24baires.com\/index.php?rest_route=\/wp\/v2\/posts\/1460\/revisions"}],"wp:attachment":[{"href":"https:\/\/www.24baires.com\/index.php?rest_route=%2Fwp%2Fv2%2Fmedia&parent=1460"}],"wp:term":[{"taxonomy":"category","embeddable":true,"href":"https:\/\/www.24baires.com\/index.php?rest_route=%2Fwp%2Fv2%2Fcategories&post=1460"},{"taxonomy":"post_tag","embeddable":true,"href":"https:\/\/www.24baires.com\/index.php?rest_route=%2Fwp%2Fv2%2Ftags&post=1460"}],"curies":[{"name":"wp","href":"https:\/\/api.w.org\/{rel}","templated":true}]}}