{"id":14537,"date":"2013-02-03T20:14:35","date_gmt":"2013-02-03T23:14:35","guid":{"rendered":"http:\/\/www.24baires.com\/?p=14537"},"modified":"2013-02-03T20:14:35","modified_gmt":"2013-02-03T23:14:35","slug":"tambien-aumentaron-los-casos-de-violencia-contra-adultos-mayores-en-la-provincia","status":"publish","type":"post","link":"https:\/\/www.24baires.com\/?p=14537","title":{"rendered":"Tambi\u00e9n aumentaron los casos de violencia contra adultos mayores en la Provincia"},"content":{"rendered":"<p><img data-recalc-dims=\"1\" loading=\"lazy\" decoding=\"async\" class=\"alignleft size-medium wp-image-14538\" alt=\"maltratoterceraedad\" src=\"https:\/\/i0.wp.com\/www.24baires.com\/wp-content\/uploads\/2013\/02\/maltratoterceraedad.jpg?resize=300%2C188\" width=\"300\" height=\"188\" srcset=\"https:\/\/i0.wp.com\/www.24baires.com\/wp-content\/uploads\/2013\/02\/maltratoterceraedad.jpg?resize=300%2C188&amp;ssl=1 300w, https:\/\/i0.wp.com\/www.24baires.com\/wp-content\/uploads\/2013\/02\/maltratoterceraedad.jpg?w=560&amp;ssl=1 560w\" sizes=\"auto, (max-width: 300px) 100vw, 300px\" \/>Seg\u00fan un informe del Ministerio de Desarrollo Social, las denuncias durante el 2012 indican un incremento de las agresiones psicol\u00f3gicas, como discriminaci\u00f3n, humillaciones, insultos y amenazas, seguidas de los maltratos f\u00edsicos y la violencia econ\u00f3mica, como la retenci\u00f3n de sueldos o jubilaciones.<!--more--><\/p>\n<p>Las denuncias por distintos tipos de violencia dom\u00e9stica contra adultos mayores constituyeron durante el a\u00f1o pasado casi el 20% del total de los llamados realizados a la l\u00ednea gratuita 0800-666-5065 que el Ministerio de Desarrollo Social de la Provincia tiene a disposici\u00f3n de las v\u00edctimas de maltrato familiar.<\/p>\n<p>\u201cHemos percibido un aumento de los casos de violencia f\u00edsica y psicol\u00f3gica hacia personas mayores de 65 a\u00f1os, un sector de la sociedad que est\u00e1 experimentando un crecimiento demogr\u00e1fico desde hace a\u00f1os\u201d, explic\u00f3 el titular de esa cartera, Mart\u00edn Ferr\u00e9.<\/p>\n<p>Adem\u00e1s, destac\u00f3 que esta situaci\u00f3n \u00abafecta la calidad de vida y vulnera los derechos de la tercera edad por lo que estamos realizando acciones interdisciplinarias de modo tal de generar canales de prevenci\u00f3n y de atenci\u00f3n\u201d.<\/p>\n<p>De acuerdo con el informe elaborado por la Subsecretar\u00eda de Pol\u00edticas Sociales, \u00abdurante 2012 se recibieron 1.144 llamados a la l\u00ednea gratuita 0800-666-5065 contra la violencia familiar. De ese total, el 19% estaba vinculado a adultos mayores\u00bb.<\/p>\n<p>El principal motivo de denuncias fueron las agresiones psicol\u00f3gicas, como discriminaci\u00f3n, humillaciones, insultos y amenazas, seguidas de los maltratos f\u00edsicos y la violencia econ\u00f3mica, como la retenci\u00f3n de sueldos o jubilaciones.<\/p>\n<p>\u201cMuchos adultos mayores son v\u00edctimas de malos tratos, abusos, falta de cuidados o aprovechamientos y esta es una problem\u00e1tica grave que no siempre se hace visible\u00bb, asegur\u00f3 Ferr\u00e9.<\/p>\n<p>El ministro pidi\u00f3 que en esta problem\u00e1tica \u00abhaya voces y no silencios, necesitamos que la v\u00edctima o sus allegados hagan las denuncias necesarias porque esa es la forma de poder intervenir para prevenir o generar redes de atenci\u00f3n\u201d.<\/p>\n<p>&nbsp;<\/p>\n<p>&nbsp;<\/p>\n<p>&nbsp;<\/p>\n<p>&nbsp;<\/p>\n<p>&nbsp;<\/p>\n<p>&nbsp;<\/p>\n<p>&nbsp;<\/p>\n<p>&nbsp;<\/p>\n<p>&nbsp;<\/p>\n<p>&nbsp;<\/p>\n<p>&nbsp;<\/p>\n<p>&nbsp;<\/p>\n<p>&nbsp;<\/p>\n<p>&nbsp;<\/p>\n<p>&nbsp;<\/p>\n<p>&nbsp;<\/p>\n<p>&nbsp;<\/p>\n<p>&nbsp;<\/p>\n<p>&nbsp;<\/p>\n<p>&nbsp;<\/p>\n<p>&nbsp;<\/p>\n<p>&nbsp;<\/p>\n","protected":false},"excerpt":{"rendered":"<p>Seg\u00fan un informe del Ministerio de Desarrollo Social, las denuncias durante el 2012 indican un incremento de las agresiones psicol\u00f3gicas, como discriminaci\u00f3n, humillaciones, insultos y amenazas, seguidas de los maltratos f\u00edsicos y la violencia econ\u00f3mica, como la retenci\u00f3n de sueldos o jubilaciones.<\/p>\n","protected":false},"author":11,"featured_media":0,"comment_status":"open","ping_status":"open","sticky":false,"template":"","format":"standard","meta":{"_jetpack_newsletter_access":"","_jetpack_dont_email_post_to_subs":false,"_jetpack_newsletter_tier_id":0,"_jetpack_memberships_contains_paywalled_content":false,"_jetpack_memberships_contains_paid_content":false,"footnotes":""},"categories":[1],"tags":[],"class_list":["post-14537","post","type-post","status-publish","format-standard","hentry","category-sociedad"],"jetpack_featured_media_url":"","jetpack_shortlink":"https:\/\/wp.me\/p2JWE0-3Mt","jetpack-related-posts":[{"id":26063,"url":"https:\/\/www.24baires.com\/?p=26063","url_meta":{"origin":14537,"position":0},"title":"En la Provincia el 16% de los adultos mayores denuncian maltrato por violencia familiar","author":"Grupo Sierra","date":"15\/06\/2013","format":false,"excerpt":"De acuerdo con el Ministerio de Desarrollo Social, el 16 por ciento de las llamadas por violencia familiar a la l\u00ednea gratuita de la provincia de Buenos Aires tienen como v\u00edctimas a personas de m\u00e1s de 65 a\u00f1os. \u201cEl maltrato contra las personas de edad no s\u00f3lo es un avasallamiento\u2026","rel":"","context":"En \u00abSociedad\u00bb","block_context":{"text":"Sociedad","link":"https:\/\/www.24baires.com\/?cat=1"},"img":{"alt_text":"","src":"","width":0,"height":0},"classes":[]},{"id":6741,"url":"https:\/\/www.24baires.com\/?p=6741","url_meta":{"origin":14537,"position":1},"title":"9 de cada 10 denuncias a un 0800 son por violencia psicol\u00f3gica y f\u00edsica de g\u00e9nero","author":"Grupo Sierra","date":"25\/11\/2012","format":false,"excerpt":"El Ministerio de Desarrollo Social de la provincia de Buenos Aires inform\u00f3 que 9 de cada 10 denuncias recibidas en la l\u00ednea de asistencia telef\u00f3nica gratuita 0800-666-5065 refieren a estos tipos de violencia. Tambi\u00e9n preocupan la violencia econ\u00f3mica, amenazas de muerte y abandono de persona. La violencia psicol\u00f3gica y la\u2026","rel":"","context":"En \u00abSociedad\u00bb","block_context":{"text":"Sociedad","link":"https:\/\/www.24baires.com\/?cat=1"},"img":{"alt_text":"","src":"","width":0,"height":0},"classes":[]},{"id":37976,"url":"https:\/\/www.24baires.com\/?p=37976","url_meta":{"origin":14537,"position":2},"title":"Crece el maltrato psicol\u00f3gico en las denuncias por violencia familiar","author":"Grupo Sierra","date":"06\/01\/2014","format":false,"excerpt":"Las denuncias en el hogar encabezaron las llamadas recibidas el a\u00f1o pasado al 0800-666-5065, la l\u00ednea telef\u00f3nica gratuita que el ministerio de Desarrollo Social de la Provincia pone a disposici\u00f3n de las v\u00edctimas de violencia dom\u00e9stica. \u201cLa denuncia es lo que hace la diferencia entre la vida y la muerte,\u2026","rel":"","context":"En \u00abSociedad\u00bb","block_context":{"text":"Sociedad","link":"https:\/\/www.24baires.com\/?cat=1"},"img":{"alt_text":"violencia g\u00e9nero","src":"https:\/\/i0.wp.com\/www.24baires.com\/wp-content\/uploads\/2012\/10\/violencia-g%C3%A9nero.jpg?resize=350%2C200","width":350,"height":200,"srcset":"https:\/\/i0.wp.com\/www.24baires.com\/wp-content\/uploads\/2012\/10\/violencia-g%C3%A9nero.jpg?resize=350%2C200 1x, https:\/\/i0.wp.com\/www.24baires.com\/wp-content\/uploads\/2012\/10\/violencia-g%C3%A9nero.jpg?resize=525%2C300 1.5x"},"classes":[]},{"id":25461,"url":"https:\/\/www.24baires.com\/?p=25461","url_meta":{"origin":14537,"position":3},"title":"El maltrato emocional y f\u00edsico, est\u00e1 al tope de las denuncias sobre violencia dom\u00e9stica en la Provincia","author":"Grupo Sierra","date":"09\/06\/2013","format":false,"excerpt":"Las denuncias por casos de violencia psicol\u00f3gica y f\u00edsica constituyeron, en lo que va del a\u00f1o, el 90 por ciento de los llamados a la l\u00ednea telef\u00f3nica gratuita 0800-666-5065 habilitada por el ministerio de Desarrollo Social para atender casos de violencia dom\u00e9stica en la provincia de Buenos Aires. \u201cLas v\u00edctimas\u2026","rel":"","context":"En \u00abProvincia\u00bb","block_context":{"text":"Provincia","link":"https:\/\/www.24baires.com\/?cat=40"},"img":{"alt_text":"","src":"","width":0,"height":0},"classes":[]},{"id":35686,"url":"https:\/\/www.24baires.com\/?p=35686","url_meta":{"origin":14537,"position":4},"title":"Aumentan las denuncias por violencia familiar en el territorio bonaerense","author":"Grupo Sierra","date":"24\/11\/2013","format":false,"excerpt":"Las denuncias por casos de maltrato familiar crecieron en lo que va del a\u00f1o un 17% con respecto al mismo per\u00edodo de 2012, de acuerdo a las llamadas recibidas en la l\u00ednea gratuita 0800-666-5065 que el ministerio de Desarrollo Social de la Provincia pone a disposici\u00f3n de las v\u00edctimas de\u2026","rel":"","context":"En \u00abProvincia\u00bb","block_context":{"text":"Provincia","link":"https:\/\/www.24baires.com\/?cat=40"},"img":{"alt_text":"","src":"","width":0,"height":0},"classes":[]},{"id":12078,"url":"https:\/\/www.24baires.com\/?p=12078","url_meta":{"origin":14537,"position":5},"title":"Las agresiones en la pareja encabezan las denuncias por violencia familiar en la Provincia","author":"Grupo Sierra","date":"13\/01\/2013","format":false,"excerpt":"Las denuncias por distintos tipos de violencia en la pareja constituyeron m\u00e1s del 75% de los llamados realizados a la l\u00ednea gratuita 0800-666-5065 que el Ministerio de Desarrollo Social de la Provincia pone a disposici\u00f3n de las v\u00edctimas de maltrato familiar. El ministro de Desarrollo Social, Mart\u00edn Ferr\u00e9, sostuvo que\u2026","rel":"","context":"En \u00abSociedad\u00bb","block_context":{"text":"Sociedad","link":"https:\/\/www.24baires.com\/?cat=1"},"img":{"alt_text":"","src":"","width":0,"height":0},"classes":[]}],"jetpack_sharing_enabled":true,"jetpack_likes_enabled":true,"_links":{"self":[{"href":"https:\/\/www.24baires.com\/index.php?rest_route=\/wp\/v2\/posts\/14537","targetHints":{"allow":["GET"]}}],"collection":[{"href":"https:\/\/www.24baires.com\/index.php?rest_route=\/wp\/v2\/posts"}],"about":[{"href":"https:\/\/www.24baires.com\/index.php?rest_route=\/wp\/v2\/types\/post"}],"author":[{"embeddable":true,"href":"https:\/\/www.24baires.com\/index.php?rest_route=\/wp\/v2\/users\/11"}],"replies":[{"embeddable":true,"href":"https:\/\/www.24baires.com\/index.php?rest_route=%2Fwp%2Fv2%2Fcomments&post=14537"}],"version-history":[{"count":3,"href":"https:\/\/www.24baires.com\/index.php?rest_route=\/wp\/v2\/posts\/14537\/revisions"}],"predecessor-version":[{"id":14541,"href":"https:\/\/www.24baires.com\/index.php?rest_route=\/wp\/v2\/posts\/14537\/revisions\/14541"}],"wp:attachment":[{"href":"https:\/\/www.24baires.com\/index.php?rest_route=%2Fwp%2Fv2%2Fmedia&parent=14537"}],"wp:term":[{"taxonomy":"category","embeddable":true,"href":"https:\/\/www.24baires.com\/index.php?rest_route=%2Fwp%2Fv2%2Fcategories&post=14537"},{"taxonomy":"post_tag","embeddable":true,"href":"https:\/\/www.24baires.com\/index.php?rest_route=%2Fwp%2Fv2%2Ftags&post=14537"}],"curies":[{"name":"wp","href":"https:\/\/api.w.org\/{rel}","templated":true}]}}