{"id":14534,"date":"2013-02-03T20:02:55","date_gmt":"2013-02-03T23:02:55","guid":{"rendered":"http:\/\/www.24baires.com\/?p=14534"},"modified":"2013-02-03T20:02:55","modified_gmt":"2013-02-03T23:02:55","slug":"un-chico-de-11-anos-esta-en-coma-despues-de-haber-chocado-con-su-cuatriciclo","status":"publish","type":"post","link":"https:\/\/www.24baires.com\/?p=14534","title":{"rendered":"Un chico de 11 a\u00f1os est\u00e1 en coma despu\u00e9s de haber chocado con su cuatriciclo"},"content":{"rendered":"<p><strong>PINAMAR.-<\/strong> El doctor Alberto Linguido, director del Hospital de Pinamar, confirm\u00f3 que debido a un accidente que sufri\u00f3 un ni\u00f1o de 11 a\u00f1os con un cuatriciclo, fue trasladado al Hospital Interzonal de Mar del Plata donde se encuentra en coma. \u201cEstaba circulando junto con su padre y todav\u00eda no se sabe si se cayeron o colisionaron con otro veh\u00edculo, pero lo lamentable es que su estado de salud es muy delicado\u201d, dijo.<!--more--><\/p>\n<p>En este marco, Linguido manifest\u00f3 que \u201cen Pinamar es com\u00fan este tipo de episodios y son m\u00e1s los accidentes de cuatriciclos que de motos\u201d, y a\u00f1adi\u00f3 que \u201chay una cultura de este veh\u00edculo pero lamentablemente no se toman las medidas de seguridad necesarias e incluso los padres le permiten a sus hijos menores de edad conducirlos, lo que muchas veces trae graves consecuencias\u201d.<\/p>\n<p>Por \u00faltimo, el director del Hospital de Pinamar resalt\u00f3 que \u201ces tan compleja la situaci\u00f3n que las autoridades van a tener que encontrar una manera de regular el uso y control de los cuatriciclos para no tener que lamentar m\u00e1s accidentes como el que sufri\u00f3 este ni\u00f1o de tan s\u00f3lo 11 a\u00f1os\u201d.<\/p>\n<p>&nbsp;<\/p>\n<p>&nbsp;<\/p>\n<p>&nbsp;<\/p>\n<p>&nbsp;<\/p>\n<p>&nbsp;<\/p>\n<p>&nbsp;<\/p>\n","protected":false},"excerpt":{"rendered":"<p>PINAMAR.- El doctor Alberto Linguido, director del Hospital de Pinamar, confirm\u00f3 que debido a un accidente que sufri\u00f3 un ni\u00f1o de 11 a\u00f1os con un cuatriciclo, fue trasladado al Hospital Interzonal de Mar del Plata donde se encuentra en coma. \u201cEstaba circulando junto con su padre y todav\u00eda no se sabe si se cayeron o colisionaron con otro veh\u00edculo, pero [&#8230;]<\/p>\n","protected":false},"author":11,"featured_media":0,"comment_status":"open","ping_status":"open","sticky":false,"template":"","format":"standard","meta":{"_jetpack_newsletter_access":"","_jetpack_dont_email_post_to_subs":false,"_jetpack_newsletter_tier_id":0,"_jetpack_memberships_contains_paywalled_content":false,"_jetpack_memberships_contains_paid_content":false,"footnotes":""},"categories":[1],"tags":[],"class_list":["post-14534","post","type-post","status-publish","format-standard","hentry","category-sociedad"],"jetpack_featured_media_url":"","jetpack_shortlink":"https:\/\/wp.me\/p2JWE0-3Mq","jetpack-related-posts":[{"id":100086,"url":"https:\/\/www.24baires.com\/?p=100086","url_meta":{"origin":14534,"position":0},"title":"Otra tragedia: muri\u00f3 un nene de 7 a\u00f1os en un choque de cuatriciclos","author":"GB","date":"22\/01\/2018","format":false,"excerpt":"La tragedia ocurri\u00f3 este domingo por la tarde a unos 15 kil\u00f3metros del norte de Pinamar. El nene estaba de vacaciones con el pap\u00e1, que hab\u00eda salido a caminar con su pareja. Un nene de 7 a\u00f1os muri\u00f3 cuando el cuatriciclo en el que viajaba choc\u00f3 contra otro pero de\u2026","rel":"","context":"En \u00abSociedad\u00bb","block_context":{"text":"Sociedad","link":"https:\/\/www.24baires.com\/?cat=1"},"img":{"alt_text":"","src":"https:\/\/i0.wp.com\/www.24baires.com\/wp-content\/uploads\/2018\/01\/cuatriciclo.jpg?resize=350%2C200","width":350,"height":200,"srcset":"https:\/\/i0.wp.com\/www.24baires.com\/wp-content\/uploads\/2018\/01\/cuatriciclo.jpg?resize=350%2C200 1x, https:\/\/i0.wp.com\/www.24baires.com\/wp-content\/uploads\/2018\/01\/cuatriciclo.jpg?resize=525%2C300 1.5x"},"classes":[]},{"id":100127,"url":"https:\/\/www.24baires.com\/?p=100127","url_meta":{"origin":14534,"position":1},"title":"Pinamar: otro accidente de cuatriciclos que involucra a un menor","author":"AF","date":"23\/01\/2018","format":false,"excerpt":"Un chico de 12 a\u00f1os volc\u00f3 con su cuatriciclo en las playas de Caril\u00f3 y fue trasladado de urgencia con p\u00e9rdida de conocimiento al Hospital de Pinamar, donde evolucionaba favorablemente, informaron fuentes del Same local. Juan Garc\u00eda, coordinador del centro de emergencias, dijo que \"el paciente ingres\u00f3 por la guardia\u2026","rel":"","context":"En \u00abSociedad\u00bb","block_context":{"text":"Sociedad","link":"https:\/\/www.24baires.com\/?cat=1"},"img":{"alt_text":"","src":"https:\/\/i0.wp.com\/www.24baires.com\/wp-content\/uploads\/2014\/01\/cuatriciclos.jpg?resize=350%2C200","width":350,"height":200,"srcset":"https:\/\/i0.wp.com\/www.24baires.com\/wp-content\/uploads\/2014\/01\/cuatriciclos.jpg?resize=350%2C200 1x, https:\/\/i0.wp.com\/www.24baires.com\/wp-content\/uploads\/2014\/01\/cuatriciclos.jpg?resize=525%2C300 1.5x"},"classes":[]},{"id":122828,"url":"https:\/\/www.24baires.com\/?p=122828","url_meta":{"origin":14534,"position":2},"title":"Senadores piden prohibir por Ley los veh\u00edculos motorizados en las playas de la Provincia","author":"GB","date":"21\/01\/2026","format":false,"excerpt":"Tras los recientes accidentes en Pinamar y Villa Gesell, la Legislatura activ\u00f3 el debate por el uso de veh\u00edculos en la arena. Un proyecto busca prohibir su circulaci\u00f3n para reforzar la seguridad y proteger el ambiente costero. Luego de la gran cantidad de accidentes e imprudencias durante esta temporada de\u2026","rel":"","context":"En \u00abProvincia\u00bb","block_context":{"text":"Provincia","link":"https:\/\/www.24baires.com\/?cat=40"},"img":{"alt_text":"","src":"https:\/\/i0.wp.com\/www.24baires.com\/wp-content\/uploads\/2026\/01\/cuatriciclo.jpg?resize=350%2C200","width":350,"height":200,"srcset":"https:\/\/i0.wp.com\/www.24baires.com\/wp-content\/uploads\/2026\/01\/cuatriciclo.jpg?resize=350%2C200 1x, https:\/\/i0.wp.com\/www.24baires.com\/wp-content\/uploads\/2026\/01\/cuatriciclo.jpg?resize=525%2C300 1.5x, https:\/\/i0.wp.com\/www.24baires.com\/wp-content\/uploads\/2026\/01\/cuatriciclo.jpg?resize=700%2C400 2x"},"classes":[]},{"id":103866,"url":"https:\/\/www.24baires.com\/?p=103866","url_meta":{"origin":14534,"position":3},"title":"Exigir\u00e1n una licencia especial para cuatriciclos y se crear\u00e1n circuitos especiales","author":"GB","date":"14\/08\/2018","format":false,"excerpt":"El gobierno bonaerense aplicar\u00e1 este verano una nueva reglamentaci\u00f3n para el uso de cuatriciclos, con el establecimiento de circuitos especiales para su circulaci\u00f3n y la obligatoriedad de obtener un carnet especial para poder manejarlos. La nueva normativa, que el Ejecutivo planea aplicar este verano, comenz\u00f3 a ser evaluada por la\u2026","rel":"","context":"En \u00abProvincia\u00bb","block_context":{"text":"Provincia","link":"https:\/\/www.24baires.com\/?cat=40"},"img":{"alt_text":"","src":"https:\/\/i0.wp.com\/www.24baires.com\/wp-content\/uploads\/2014\/01\/cuatriciclos.jpg?resize=350%2C200","width":350,"height":200,"srcset":"https:\/\/i0.wp.com\/www.24baires.com\/wp-content\/uploads\/2014\/01\/cuatriciclos.jpg?resize=350%2C200 1x, https:\/\/i0.wp.com\/www.24baires.com\/wp-content\/uploads\/2014\/01\/cuatriciclos.jpg?resize=525%2C300 1.5x"},"classes":[]},{"id":39490,"url":"https:\/\/www.24baires.com\/?p=39490","url_meta":{"origin":14534,"position":4},"title":"La muerte de un chico por uso de cuatriciclos genera controversia en Pinamar","author":"Grupo Sierra","date":"30\/01\/2014","format":false,"excerpt":"La Agencia Nacional de Seguridad Vial inform\u00f3 que en la zona de m\u00e9danos de Pinamar, denominada \"La Frontera\", donde se accident\u00f3 el ni\u00f1o de 11 a\u00f1os, se impidi\u00f3 en lo que va de enero el ingreso de m\u00e1s de 800 menores conduciendo esos veh\u00edculos. Seg\u00fan el comunicado de la ANSV,\u2026","rel":"","context":"En \u00abLocales\u00bb","block_context":{"text":"Locales","link":"https:\/\/www.24baires.com\/?cat=38"},"img":{"alt_text":"cuatriciclos","src":"https:\/\/i0.wp.com\/www.24baires.com\/wp-content\/uploads\/2014\/01\/cuatriciclos.jpg?resize=350%2C200","width":350,"height":200,"srcset":"https:\/\/i0.wp.com\/www.24baires.com\/wp-content\/uploads\/2014\/01\/cuatriciclos.jpg?resize=350%2C200 1x, https:\/\/i0.wp.com\/www.24baires.com\/wp-content\/uploads\/2014\/01\/cuatriciclos.jpg?resize=525%2C300 1.5x"},"classes":[]},{"id":99323,"url":"https:\/\/www.24baires.com\/?p=99323","url_meta":{"origin":14534,"position":5},"title":"Pinamar: un joven marplatense muri\u00f3 mientras conduc\u00eda un cuatriciclo","author":"AF","date":"11\/12\/2017","format":false,"excerpt":"Un joven marplatense muri\u00f3 en Pinamar al accidentarse cuando manejaba un cuatriciclo en un sector de m\u00e9danos a la altura del kil\u00f3metro 385 de la ruta 11. El hecho se registr\u00f3 ayer, cuando la v\u00edctima, identificada como Roberto Hern\u00e1n Mauro (de 28 a\u00f1os) se hab\u00eda dirigido al lugar con unos\u2026","rel":"","context":"En \u00abLocales\u00bb","block_context":{"text":"Locales","link":"https:\/\/www.24baires.com\/?cat=38"},"img":{"alt_text":"","src":"https:\/\/i0.wp.com\/www.24baires.com\/wp-content\/uploads\/2014\/01\/cuatriciclos.jpg?resize=350%2C200","width":350,"height":200,"srcset":"https:\/\/i0.wp.com\/www.24baires.com\/wp-content\/uploads\/2014\/01\/cuatriciclos.jpg?resize=350%2C200 1x, https:\/\/i0.wp.com\/www.24baires.com\/wp-content\/uploads\/2014\/01\/cuatriciclos.jpg?resize=525%2C300 1.5x"},"classes":[]}],"jetpack_sharing_enabled":true,"jetpack_likes_enabled":true,"_links":{"self":[{"href":"https:\/\/www.24baires.com\/index.php?rest_route=\/wp\/v2\/posts\/14534","targetHints":{"allow":["GET"]}}],"collection":[{"href":"https:\/\/www.24baires.com\/index.php?rest_route=\/wp\/v2\/posts"}],"about":[{"href":"https:\/\/www.24baires.com\/index.php?rest_route=\/wp\/v2\/types\/post"}],"author":[{"embeddable":true,"href":"https:\/\/www.24baires.com\/index.php?rest_route=\/wp\/v2\/users\/11"}],"replies":[{"embeddable":true,"href":"https:\/\/www.24baires.com\/index.php?rest_route=%2Fwp%2Fv2%2Fcomments&post=14534"}],"version-history":[{"count":2,"href":"https:\/\/www.24baires.com\/index.php?rest_route=\/wp\/v2\/posts\/14534\/revisions"}],"predecessor-version":[{"id":14536,"href":"https:\/\/www.24baires.com\/index.php?rest_route=\/wp\/v2\/posts\/14534\/revisions\/14536"}],"wp:attachment":[{"href":"https:\/\/www.24baires.com\/index.php?rest_route=%2Fwp%2Fv2%2Fmedia&parent=14534"}],"wp:term":[{"taxonomy":"category","embeddable":true,"href":"https:\/\/www.24baires.com\/index.php?rest_route=%2Fwp%2Fv2%2Fcategories&post=14534"},{"taxonomy":"post_tag","embeddable":true,"href":"https:\/\/www.24baires.com\/index.php?rest_route=%2Fwp%2Fv2%2Ftags&post=14534"}],"curies":[{"name":"wp","href":"https:\/\/api.w.org\/{rel}","templated":true}]}}