{"id":14488,"date":"2013-02-03T12:03:33","date_gmt":"2013-02-03T15:03:33","guid":{"rendered":"http:\/\/www.24baires.com\/?p=14488"},"modified":"2013-02-03T12:03:33","modified_gmt":"2013-02-03T15:03:33","slug":"en-la-ribera-de-quilmes-una-multitud-rindio-culto-a-iemanja","status":"publish","type":"post","link":"https:\/\/www.24baires.com\/?p=14488","title":{"rendered":"En la ribera de Quilmes una multitud rindi\u00f3 culto a Iemanj\u00e1"},"content":{"rendered":"<p><img data-recalc-dims=\"1\" loading=\"lazy\" decoding=\"async\" class=\"aligncenter size-full wp-image-14489\" alt=\"yemanja\" src=\"https:\/\/i0.wp.com\/www.24baires.com\/wp-content\/uploads\/2013\/02\/yemanja.jpg?resize=560%2C369\" width=\"560\" height=\"369\" srcset=\"https:\/\/i0.wp.com\/www.24baires.com\/wp-content\/uploads\/2013\/02\/yemanja.jpg?w=560&amp;ssl=1 560w, https:\/\/i0.wp.com\/www.24baires.com\/wp-content\/uploads\/2013\/02\/yemanja.jpg?resize=300%2C197&amp;ssl=1 300w\" sizes=\"auto, (max-width: 560px) 100vw, 560px\" \/><\/p>\n<p>Miles de personas se dieron cita para celebrar a Iemanj\u00e1, la deidad yoruba de la fertilidad y los mares a la que los fieles de cultos africanistas rindieron homenaje con coloridos ritos, incluyendo el \u201cdespacho\u201d de barcazas.<!--more--><\/p>\n<p>\u201cSe siente mucha emoci\u00f3n, mucho amor al entrar al r\u00edo llevando nuestra barcaza\u201d, asegura Mai Umbanda Perla de Xaban\u00e1 reci\u00e9n arribada desde aguas profundas y caminando de espaldas en se\u00f1al de respeto a Iemanj\u00e1.<\/p>\n<p>Est\u00e1 empapada hasta el cuello y temblando de fr\u00edo despu\u00e9s de haberse introducido en aguas contaminadas, pero sonr\u00ede cuando asegura que \u201cnada de eso importa\u201d.<\/p>\n<p>\u201cSi bien el r\u00edo es dominio de mai Oxum en el africanismo, venimos pidi\u00e9ndole licencia para que nuestra ofrenda llegue al mar, que es de Iemanj\u00e1. Si la mai lo recibe, lo toma y lo sumerge en sus aguas. Cuando la mai no lo recibe, lo devuelve\u201d, explica la mujer, una de las mayores autoridades del templo Umbanda Caboclo Roso de Lan\u00fas Este.<\/p>\n<p>El R\u00edo de la Plata se present\u00f3 hoy especialmente picado y el oleaje pegaba con fuerzas sobre los muros de contenci\u00f3n.<\/p>\n<p>Cada templo estuvo representado por un grupo de feligreses reunidos en rueda, quienes se prepararon para el \u201cdespacho\u201d realizando \u201csesiones de umbanda\u201d, una especie de representaci\u00f3n del accionar de orix\u00e1s (deidades yorubas) a trav\u00e9s de la danza y al son de sheker\u00e9s (especie de maraca) y atabaques (tambores).<\/p>\n<p>\u00abIemanj\u00e1, rainha das ondas, sereia do mar\/ Iemanj\u00e1, rainha das ondas sereia do mar\u00bb, el himno a la diosa se escucchaba repetir por intervalos en la costanera Quilme\u00f1a, desde el viejo anfiteatro hasta el Destacamento Policial de la Ribera.<\/p>\n<p>Pero no todos los practicantes de religiones africanistas que llegaron al lugar lo hicieron en calidad de miembros de un templo en particular y acompa\u00f1ando a su pai o mai.<\/p>\n<p>Susana Rodr\u00edguez, sus cinco hijos y su nieta de 4 meses, por ejemplo, fueron por su cuenta desde Temperley. Llegaron poco despu\u00e9s del mediod\u00eda y ah\u00ed nom\u00e1s se pusieron a armar su barcaza de fibrof\u00e1cil pintada de color celeste, como manda la tradici\u00f3n.<\/p>\n<p>\u201cNosotros no pertenecemos a ninguna Iglesia, as\u00ed como hay cat\u00f3licos que son creyentes pero no van a misa\u201d, explica Susana.<\/p>\n<p>Sobre un colch\u00f3n de pochoclos, los hijos de Susana van colocando flores, frutas, anillos, cadenitas, espejos y velas en el interior del barquito, todos elementos asociados a esta deidad sincretizada con la advocaci\u00f3n Stella Maris de la Virgen Mar\u00eda cat\u00f3lica<\/p>\n<p>En el medio de la barcaza insertar\u00e1n luego el m\u00e1stil con sus velas de tafeta celeste, del que pender\u00e1 tambi\u00e9n una cinta celeste con todas sus peticiones por escrito.<\/p>\n<p>\u201cQuiero tener mi casa propia\u201d, se puede leer, entre otras cosas, en la hilera superior de la cinta, destinada a las cosas que piden les traiga la orix\u00e1; \u201cquiero olvidar lo malo que me ocurri\u00f3 y vivir una vida nueva\u201d, dice justo abajo, en el espacio reservado para las cosas que Iemanj\u00e1 debe eliminar de sus vidas.<\/p>\n<p>La ofrenda m\u00e1s valiosa para ellos es sin duda la canastita forrada en cintas y tules donde van los souvenires del cumplea\u00f1os n\u00famero 15 de Maira, una de las hijas de Susana que padece epilepsia y a la que \u201ccre\u00edamos que no le \u00edbamos a poder festejar el cumplea\u00f1os\u201d.<\/p>\n<p>La celebraci\u00f3n de Iemanj\u00e1 coincidi\u00f3 este a\u00f1o con el 200\u00ba aniversario del decreto a trav\u00e9s del cual la Asamblea del a\u00f1o XIII estableci\u00f3 la \u201cLibertad de Vientres\u201d, es decir, la condici\u00f3n de libres para todos los hijos de esclavas nacidos luego del 31 de enero de 1813.<\/p>\n<p>\u201cLas coincidencias que tenemos en la religi\u00f3n no son casuales, est\u00e1n predestinadas a serlo\u201d, asegura Juan Brito durante un alto en el armado de su barcaza.<\/p>\n<p>Junto al despliegue religioso, floreci\u00f3 la actividad comercial a partir de numerosos puestos de venta donde se pod\u00eda conseguir todo tipo de elementos relacionados con la celebraci\u00f3n: barcos de fibrof\u00e1cil, flores, velas, trajes, im\u00e1genes, perfumes, miel, pochoclos, copas, abanicos, gu\u00edas (collares de canutillos), etc.<\/p>\n<p>\u201cTodo esto que estoy vendiendo lo hacemos con mi familia en mi casa y todo lo que recaudo es para mi templo de Berazategui\u201d, asegur\u00f3 la mai Marisel.<\/p>\n<p>Una de las instituciones m\u00e1s importantes que nuclean a los centros religiosos africanistas es la Agrupaci\u00f3n Social, Cultural y Religiosa Africanista y Umbandista (ASRAU), que tuvo a su cargo el armado de una de las barcazas m\u00e1s grandes y sac\u00f3 en procesi\u00f3n una imagen de Iemanj\u00e1.<\/p>\n<p>\u201cCasi 16 millones de negros tuvieron que morir como esclavos en Am\u00e9rica para que hoy disfrutemos los blancos de esta religi\u00f3n\u201d, reflexion\u00f3 Santiago Allegue, presiente de la organizaci\u00f3n.<\/p>\n<p>Allegue volvi\u00f3 a aclarar que la pr\u00e1ctica del umbanda no est\u00e1 ligada al sacrificio de animales, recalc\u00f3 que se trata de una religi\u00f3n \u00abespiritual\u00bb y afirm\u00f3 que la discriminaci\u00f3n de la que son objetos se explica s\u00f3lo en el \u00abmiedo a lo que no se conoce\u00bb.<\/p>\n<p>&nbsp;<\/p>\n<p>&nbsp;<\/p>\n<p>&nbsp;<\/p>\n<p>&nbsp;<\/p>\n<p>&nbsp;<\/p>\n<p>&nbsp;<\/p>\n","protected":false},"excerpt":{"rendered":"<p>Miles de personas se dieron cita para celebrar a Iemanj\u00e1, la deidad yoruba de la fertilidad y los mares a la que los fieles de cultos africanistas rindieron homenaje con coloridos ritos, incluyendo el \u201cdespacho\u201d de barcazas.<\/p>\n","protected":false},"author":11,"featured_media":0,"comment_status":"open","ping_status":"open","sticky":false,"template":"","format":"standard","meta":{"_jetpack_newsletter_access":"","_jetpack_dont_email_post_to_subs":false,"_jetpack_newsletter_tier_id":0,"_jetpack_memberships_contains_paywalled_content":false,"_jetpack_memberships_contains_paid_content":false,"footnotes":""},"categories":[1],"tags":[],"class_list":["post-14488","post","type-post","status-publish","format-standard","hentry","category-sociedad"],"jetpack_featured_media_url":"","jetpack_shortlink":"https:\/\/wp.me\/p2JWE0-3LG","jetpack-related-posts":[{"id":64892,"url":"https:\/\/www.24baires.com\/?p=64892","url_meta":{"origin":14488,"position":0},"title":"\u00abAspiramos a crear la mayor cantidad posible de propietarios\u00bb","author":"GB","date":"25\/04\/2015","format":false,"excerpt":"Lo asegur\u00f3 el vicepresidente de la Agencia Administradora de Bienes del Estado (ABE) y del comit\u00e9 ejecutivo de Procrear, Mart\u00edn Reibel Maier. El vicepresidente de la Agencia Administradora de Bienes del Estado (ABE) y del comit\u00e9 ejecutivo de Procrear, Mart\u00edn Reibel Maier, dijo este s\u00e1basdo que con los cr\u00e9ditos hipotecarios\u2026","rel":"","context":"En \u00abPol\u00edtica\u00bb","block_context":{"text":"Pol\u00edtica","link":"https:\/\/www.24baires.com\/?cat=51"},"img":{"alt_text":"procrear anses","src":"https:\/\/i0.wp.com\/www.24baires.com\/wp-content\/uploads\/2015\/01\/procrear-anses.jpg?resize=350%2C200","width":350,"height":200,"srcset":"https:\/\/i0.wp.com\/www.24baires.com\/wp-content\/uploads\/2015\/01\/procrear-anses.jpg?resize=350%2C200 1x, https:\/\/i0.wp.com\/www.24baires.com\/wp-content\/uploads\/2015\/01\/procrear-anses.jpg?resize=525%2C300 1.5x"},"classes":[]},{"id":66380,"url":"https:\/\/www.24baires.com\/?p=66380","url_meta":{"origin":14488,"position":1},"title":"Desde Mercedes Benz reconocen que el sector \u00abgana buena plata\u00bb","author":"AF","date":"22\/05\/2015","format":false,"excerpt":"Su presidente en Argentina, Joachim Maier, tambi\u00e9n asegur\u00f3 que \"para la industria automotriz los \u00faltimos diez a\u00f1os fueron muy exitosos\" y admiti\u00f3 que \"la competitividad de nuestra empresa s\u00f3lo ser\u00e1 posible si el pa\u00eds sigue el mismo camino\". El presidente de Mercedes-Benz Argentina, Joachim Maier, asegur\u00f3 que \"para la industria\u2026","rel":"","context":"En \u00abEconom\u00eda\u00bb","block_context":{"text":"Econom\u00eda","link":"https:\/\/www.24baires.com\/?cat=45"},"img":{"alt_text":"f\u00e1brica auto","src":"https:\/\/i0.wp.com\/www.24baires.com\/wp-content\/uploads\/2014\/07\/f%C3%A1brica-auto.jpg?resize=350%2C200","width":350,"height":200,"srcset":"https:\/\/i0.wp.com\/www.24baires.com\/wp-content\/uploads\/2014\/07\/f%C3%A1brica-auto.jpg?resize=350%2C200 1x, https:\/\/i0.wp.com\/www.24baires.com\/wp-content\/uploads\/2014\/07\/f%C3%A1brica-auto.jpg?resize=525%2C300 1.5x"},"classes":[]},{"id":93769,"url":"https:\/\/www.24baires.com\/?p=93769","url_meta":{"origin":14488,"position":2},"title":"Echaron a la funcionaria que se burl\u00f3 de la muerte de Micaela Garc\u00eda","author":"GB","date":"11\/04\/2017","format":false,"excerpt":"Fuentes del Ministerio de Modernizaci\u00f3n informaron a El Destape que Maia Ferrua fue despedida, luego de burlarse de Micaela por militar en Movimiento Evita. El Ministerio de Modernizaci\u00f3n despidi\u00f3 a Maia Ferrua, la abogada que trabajaba para el Estado y public\u00f3 en sus redes sociales un repudiable posteo donde se\u2026","rel":"","context":"En \u00abPol\u00edtica\u00bb","block_context":{"text":"Pol\u00edtica","link":"https:\/\/www.24baires.com\/?cat=51"},"img":{"alt_text":"","src":"https:\/\/i0.wp.com\/www.24baires.com\/wp-content\/uploads\/2017\/04\/funcionaria-cambiemos.jpg?resize=350%2C200","width":350,"height":200,"srcset":"https:\/\/i0.wp.com\/www.24baires.com\/wp-content\/uploads\/2017\/04\/funcionaria-cambiemos.jpg?resize=350%2C200 1x, https:\/\/i0.wp.com\/www.24baires.com\/wp-content\/uploads\/2017\/04\/funcionaria-cambiemos.jpg?resize=525%2C300 1.5x"},"classes":[]},{"id":50469,"url":"https:\/\/www.24baires.com\/?p=50469","url_meta":{"origin":14488,"position":3},"title":"Monte Chingolo: las tres nenas esclavizadas dorm\u00edan a la intemperie","author":"AF","date":"24\/07\/2014","format":false,"excerpt":"El fiscal Jorge Grieco precis\u00f3 que en estos d\u00edas declaran testigos y el fin de semana lo har\u00e1n las chicas de 12 y 13 a\u00f1os, rescatadas por un polic\u00eda en Monte Chingolo. Se conocieron m\u00e1s detalles del cautiverio y el horror que sufrieron las tres nenas \u2013de 4, 12 y\u2026","rel":"","context":"En \u00abSociedad\u00bb","block_context":{"text":"Sociedad","link":"https:\/\/www.24baires.com\/?cat=1"},"img":{"alt_text":"monte chingolo","src":"https:\/\/i0.wp.com\/www.24baires.com\/wp-content\/uploads\/2014\/07\/monte-chingolo.jpg?resize=350%2C200","width":350,"height":200,"srcset":"https:\/\/i0.wp.com\/www.24baires.com\/wp-content\/uploads\/2014\/07\/monte-chingolo.jpg?resize=350%2C200 1x, https:\/\/i0.wp.com\/www.24baires.com\/wp-content\/uploads\/2014\/07\/monte-chingolo.jpg?resize=525%2C300 1.5x"},"classes":[]},{"id":37930,"url":"https:\/\/www.24baires.com\/?p=37930","url_meta":{"origin":14488,"position":4},"title":"Primera bola en el Casino de Mar del Plata: \u00abColorado el 34\u00bb","author":"Grupo Sierra","date":"04\/01\/2014","format":false,"excerpt":"La primera bola de la temporada en la ruleta del Casino de Mar del Plata cay\u00f3 en \"colorado el 34\", `la cabeza` seg\u00fan los sue\u00f1os de la quiniela. La tradicional ceremonia de la `primera bola` se realiz\u00f3 esta noche en el Casino marplatense con la presencia del ministro de Turismo\u2026","rel":"","context":"En \u00abSociedad\u00bb","block_context":{"text":"Sociedad","link":"https:\/\/www.24baires.com\/?cat=1"},"img":{"alt_text":"","src":"","width":0,"height":0},"classes":[]},{"id":50541,"url":"https:\/\/www.24baires.com\/?p=50541","url_meta":{"origin":14488,"position":5},"title":"La varelense Camila Cinalli, campeona mundial de taekwondo","author":"Grupo Sierra","date":"25\/07\/2014","format":false,"excerpt":"La joven del barrio El Roc\u00edo se encuentra compitiendo en el Campeonato Mundial Italia 2014 y se impuso en la categor\u00eda de hasta 55 kilogramos. En la final venci\u00f3 a su compatriota Sabrina Mai. El torneo comenz\u00f3 el pasado mi\u00e9rcoles 23, en el cual participan 160 competidores en de la\u2026","rel":"","context":"En \u00abDeportes\u00bb","block_context":{"text":"Deportes","link":"https:\/\/www.24baires.com\/?cat=12"},"img":{"alt_text":"Camila Cinalli taekwondo","src":"https:\/\/i0.wp.com\/www.24baires.com\/wp-content\/uploads\/2014\/07\/Camila-Cinalli-taekwondo.jpg?resize=350%2C200","width":350,"height":200,"srcset":"https:\/\/i0.wp.com\/www.24baires.com\/wp-content\/uploads\/2014\/07\/Camila-Cinalli-taekwondo.jpg?resize=350%2C200 1x, https:\/\/i0.wp.com\/www.24baires.com\/wp-content\/uploads\/2014\/07\/Camila-Cinalli-taekwondo.jpg?resize=525%2C300 1.5x"},"classes":[]}],"jetpack_sharing_enabled":true,"jetpack_likes_enabled":true,"_links":{"self":[{"href":"https:\/\/www.24baires.com\/index.php?rest_route=\/wp\/v2\/posts\/14488","targetHints":{"allow":["GET"]}}],"collection":[{"href":"https:\/\/www.24baires.com\/index.php?rest_route=\/wp\/v2\/posts"}],"about":[{"href":"https:\/\/www.24baires.com\/index.php?rest_route=\/wp\/v2\/types\/post"}],"author":[{"embeddable":true,"href":"https:\/\/www.24baires.com\/index.php?rest_route=\/wp\/v2\/users\/11"}],"replies":[{"embeddable":true,"href":"https:\/\/www.24baires.com\/index.php?rest_route=%2Fwp%2Fv2%2Fcomments&post=14488"}],"version-history":[{"count":2,"href":"https:\/\/www.24baires.com\/index.php?rest_route=\/wp\/v2\/posts\/14488\/revisions"}],"predecessor-version":[{"id":14491,"href":"https:\/\/www.24baires.com\/index.php?rest_route=\/wp\/v2\/posts\/14488\/revisions\/14491"}],"wp:attachment":[{"href":"https:\/\/www.24baires.com\/index.php?rest_route=%2Fwp%2Fv2%2Fmedia&parent=14488"}],"wp:term":[{"taxonomy":"category","embeddable":true,"href":"https:\/\/www.24baires.com\/index.php?rest_route=%2Fwp%2Fv2%2Fcategories&post=14488"},{"taxonomy":"post_tag","embeddable":true,"href":"https:\/\/www.24baires.com\/index.php?rest_route=%2Fwp%2Fv2%2Ftags&post=14488"}],"curies":[{"name":"wp","href":"https:\/\/api.w.org\/{rel}","templated":true}]}}