{"id":1447,"date":"2012-10-08T14:47:15","date_gmt":"2012-10-08T17:47:15","guid":{"rendered":"http:\/\/www.24baires.com\/?p=1447"},"modified":"2012-10-08T14:47:15","modified_gmt":"2012-10-08T17:47:15","slug":"inauguraron-la-6a-olimpiada-internacional-de-ciencias-de-la-tierra-en-olavarria","status":"publish","type":"post","link":"https:\/\/www.24baires.com\/?p=1447","title":{"rendered":"Inauguraron la 6\u00aa Olimp\u00edada Internacional de Ciencias de la Tierra en Olavarr\u00eda"},"content":{"rendered":"<p><img data-recalc-dims=\"1\" loading=\"lazy\" decoding=\"async\" class=\"alignleft size-medium wp-image-1448\" title=\"olimpiada\" src=\"https:\/\/i0.wp.com\/www.24baires.com\/wp-content\/uploads\/2012\/10\/olimpiada.jpg?resize=300%2C225\" alt=\"\" width=\"300\" height=\"225\" srcset=\"https:\/\/i0.wp.com\/www.24baires.com\/wp-content\/uploads\/2012\/10\/olimpiada.jpg?resize=300%2C225&amp;ssl=1 300w, https:\/\/i0.wp.com\/www.24baires.com\/wp-content\/uploads\/2012\/10\/olimpiada.jpg?w=550&amp;ssl=1 550w\" sizes=\"auto, (max-width: 300px) 100vw, 300px\" \/>Con un acto en el Teatro municipal se realiz\u00f3 este lunes la apertura del in\u00e9dito evento para Latinoam\u00e9rica con sede en Olavarr\u00eda. Participan delegaciones de estudiantes secundarios de veinte pa\u00edses. La olimp\u00edada se desarrollar\u00e1 entre el 8 y el 12 de octubre y desde el martes comenzar\u00e1n ex\u00e1menes en el Colegio Rosario de dicha ciudad.<br \/>\n<!--more--><\/p>\n<p>Hoy lunes se llev\u00f3 a cabo en el Teatro Municipal de Olavarr\u00eda la apertura de la 6\u00aa Olimp\u00edada Internacional de Ciencias de la Tierra, que re\u00fane a estudiantes de nivel secundario de unos veinte pa\u00edses.<\/p>\n<p>El evento, que se llevar\u00e1 a cabo desde hoy hasta el viernes 12 de octubre, es el primero de este tipo que se realiza en Latinoam\u00e9rica y Olavarr\u00eda fue elegida como la sede por el Comit\u00e9 Asesor de las Olimp\u00edadas Internacionales de Ciencias de la Tierra.<\/p>\n<p>En el acto de apertura estuvieron presentes autoridades municipales, encabezadas por el intendente municipal Jos\u00e9 Eseverri, instituciones educativas, colectividades de inmigrantes y las delegaciones de los pa\u00edses participantes: Alemania, Australia, Austria, Brasil, Corea, Espa\u00f1a, Estados Unidos, Francia, India, Indonesia, Italia, Jap\u00f3n, Kuwait, Rumania, Rusia, Tailandia, Taiw\u00e1n y Ucrania, Bangladesh, Chile, Nepal, Camboya, Ceil\u00e1n, Nigeria y Bolivia.<\/p>\n<p>Se destac\u00f3 el arribo a la ciudad del Presidente del Comit\u00e9 Asesor de las Olimp\u00edadas Internacionales de Ciencias de la Tierra y figura fundamental en el establecimiento de las mismas, el Profesor Moo Young Song, de Corea, junto a la docente Sylke Hlawatsh, de Alemania, quien preside el Comit\u00e9 Ejecutivo de la Organizaci\u00f3n Internacional para la Educaci\u00f3n en Geociencias.<\/p>\n<p>Desde este martes comenzar\u00e1n las actividades grupales y propias de las Olimp\u00edadas con ex\u00e1menes te\u00f3ricos y pr\u00e1cticos que se llevaran a cabo en el colegio Nuestra Se\u00f1ora del Rosario.<\/p>\n<p>La Olimp\u00edada Internacional eval\u00faa los conocimientos de los estudiantes en Geolog\u00eda, Geof\u00edsica, Meteorolog\u00eda, Oceanograf\u00eda, Ciencias Ambientales, y algunos conceptos b\u00e1sicos sobre Astronom\u00eda.<\/p>\n","protected":false},"excerpt":{"rendered":"<p>Con un acto en el Teatro municipal se realiz\u00f3 este lunes la apertura del in\u00e9dito evento para Latinoam\u00e9rica con sede en Olavarr\u00eda. Participan delegaciones de estudiantes secundarios de veinte pa\u00edses. La olimp\u00edada se desarrollar\u00e1 entre el 8 y el 12 de octubre y desde el martes comenzar\u00e1n ex\u00e1menes en el Colegio Rosario de dicha ciudad.<\/p>\n","protected":false},"author":4,"featured_media":0,"comment_status":"open","ping_status":"open","sticky":false,"template":"","format":"standard","meta":{"_jetpack_newsletter_access":"","_jetpack_dont_email_post_to_subs":false,"_jetpack_newsletter_tier_id":0,"_jetpack_memberships_contains_paywalled_content":false,"_jetpack_memberships_contains_paid_content":false,"footnotes":""},"categories":[1],"tags":[],"class_list":["post-1447","post","type-post","status-publish","format-standard","hentry","category-sociedad"],"jetpack_featured_media_url":"","jetpack_shortlink":"https:\/\/wp.me\/p2JWE0-nl","jetpack-related-posts":[{"id":38357,"url":"https:\/\/www.24baires.com\/?p=38357","url_meta":{"origin":1447,"position":0},"title":"La Sociedad Rural confirm\u00f3 que Olavarr\u00eda ser\u00e1 sede de importantes eventos","author":"GB","date":"12\/01\/2014","format":false,"excerpt":"Dos eventos de jerarqu\u00eda nacional se sumar\u00e1n este a\u00f1o a la cl\u00e1sica Exposici\u00f3n de la entidad del distrito que gestiona Jos\u00e9 Eseverri. Se trata de La Naci\u00f3n Ganadera, que se realizar\u00e1 por segunda vez, y la Exposici\u00f3n Nacional de Primavera de Pedigree Angus, que debutar\u00e1 en el municipio. La primera\u2026","rel":"","context":"En \u00abLocales\u00bb","block_context":{"text":"Locales","link":"https:\/\/www.24baires.com\/?cat=38"},"img":{"alt_text":"olavarria soc rural","src":"https:\/\/i0.wp.com\/www.24baires.com\/wp-content\/uploads\/2014\/01\/olavarria-soc-rural-300x178.jpg?resize=350%2C200","width":350,"height":200},"classes":[]},{"id":4424,"url":"https:\/\/www.24baires.com\/?p=4424","url_meta":{"origin":1447,"position":1},"title":"Olavarr\u00eda: por falta de docentes, en 2013 abrir\u00edan profesorado de Geograf\u00eda y de Historia","author":"AF","date":"04\/11\/2012","format":false,"excerpt":"El Consejo Regional de Directores pidi\u00f3 que el Profesorado en Ciencias Sociales se dicte en el Instituto de Formaci\u00f3n Docente 22. Necesidad, disponibilidad e inter\u00e9s son las variables que juegan a favor para que se apruebe la solicitud. De dos a\u00f1os a esta parte faltan en Olavarr\u00eda profesores de las\u2026","rel":"","context":"En \u00abLocales\u00bb","block_context":{"text":"Locales","link":"https:\/\/www.24baires.com\/?cat=38"},"img":{"alt_text":"","src":"","width":0,"height":0},"classes":[]},{"id":49851,"url":"https:\/\/www.24baires.com\/?p=49851","url_meta":{"origin":1447,"position":2},"title":"Ponen en marcha un nuevo centro del Conicet en Tandil","author":"GB","date":"14\/07\/2014","format":false,"excerpt":"El acto formal se realizar\u00e1 el pr\u00f3ximo viernes 18 y contar\u00e1 con la inauguraci\u00f3n de las obras hechas en el Centro Cient\u00edfico Tecnol\u00f3gico (CCT). La entidad funcionar\u00e1 a modo de enlace entre la Unicen y el Conicet, con el objetivo de \u201cfortalecer la vinculaci\u00f3n tecnol\u00f3gica con el corredor productivo Tandil\u2026","rel":"","context":"En \u00abMunicipios\u00bb","block_context":{"text":"Municipios","link":"https:\/\/www.24baires.com\/?cat=44"},"img":{"alt_text":"conice","src":"https:\/\/i0.wp.com\/www.24baires.com\/wp-content\/uploads\/2014\/07\/conice.jpg?resize=350%2C200","width":350,"height":200,"srcset":"https:\/\/i0.wp.com\/www.24baires.com\/wp-content\/uploads\/2014\/07\/conice.jpg?resize=350%2C200 1x, https:\/\/i0.wp.com\/www.24baires.com\/wp-content\/uploads\/2014\/07\/conice.jpg?resize=525%2C300 1.5x"},"classes":[]},{"id":120594,"url":"https:\/\/www.24baires.com\/?p=120594","url_meta":{"origin":1447,"position":3},"title":"Intendente del PRO se tom\u00f3 licencia en medio de protestas por su gesti\u00f3n","author":"GB","date":"27\/10\/2023","format":false,"excerpt":"OLAVARR\u00cdA-Al un\u00edsono que protestantes se movilizaban, el intendente comenz\u00f3 la licencia de una gesti\u00f3n plagada de cr\u00edticas por presunta corrupci\u00f3n. El Concejo Deliberante de Olavarr\u00eda aprob\u00f3 la solicitud de licencia presentada por el intendente Ezequiel Galli, quien a partir del 10. Esta medida comenzar\u00e1 a aplicarse a partir del mi\u00e9rcoles\u2026","rel":"","context":"En \u00abMunicipios\u00bb","block_context":{"text":"Municipios","link":"https:\/\/www.24baires.com\/?cat=44"},"img":{"alt_text":"","src":"https:\/\/i0.wp.com\/www.24baires.com\/wp-content\/uploads\/2020\/07\/galli.jpg?resize=350%2C200","width":350,"height":200,"srcset":"https:\/\/i0.wp.com\/www.24baires.com\/wp-content\/uploads\/2020\/07\/galli.jpg?resize=350%2C200 1x, https:\/\/i0.wp.com\/www.24baires.com\/wp-content\/uploads\/2020\/07\/galli.jpg?resize=525%2C300 1.5x, https:\/\/i0.wp.com\/www.24baires.com\/wp-content\/uploads\/2020\/07\/galli.jpg?resize=700%2C400 2x"},"classes":[]},{"id":101955,"url":"https:\/\/www.24baires.com\/?p=101955","url_meta":{"origin":1447,"position":4},"title":"Para Vidal, \u00abla emergencia tarifaria no tiene un impacto real\u00bb","author":"GB","date":"04\/05\/2018","format":false,"excerpt":"La gobernadora Mar\u00eda Eugenia Vidal recorri\u00f3 hoy los distritos de Saladillo, General Alvear y Olavarr\u00eda. En el marco de esta \u00faltima visita apunt\u00f3 contra los referentes de la oposici\u00f3n a quienes acus\u00f3 de hacer \"demagogia\" con el tema tarifas. \"Las alternativas y la propuestas que trae la oposici\u00f3n en ning\u00fan\u2026","rel":"","context":"En \u00abProvincia\u00bb","block_context":{"text":"Provincia","link":"https:\/\/www.24baires.com\/?cat=40"},"img":{"alt_text":"","src":"https:\/\/i0.wp.com\/www.24baires.com\/wp-content\/uploads\/2018\/03\/vidal-1.jpg?resize=350%2C200","width":350,"height":200,"srcset":"https:\/\/i0.wp.com\/www.24baires.com\/wp-content\/uploads\/2018\/03\/vidal-1.jpg?resize=350%2C200 1x, https:\/\/i0.wp.com\/www.24baires.com\/wp-content\/uploads\/2018\/03\/vidal-1.jpg?resize=525%2C300 1.5x"},"classes":[]},{"id":115485,"url":"https:\/\/www.24baires.com\/?p=115485","url_meta":{"origin":1447,"position":5},"title":"Olavarr\u00eda: aseguran que la situaci\u00f3n esta controlada y vuelven a fase 4","author":"GB","date":"29\/06\/2020","format":false,"excerpt":"El brote sum\u00f3 144 contagios y 3 fallecidos, pero en las \u00faltimas horas parece haber disminuido la circulaci\u00f3n comunitaria del virus, por lo que se retomaran algunas actividades. El intendente de Olavarr\u00eda, Ezequiel Galli, brind\u00f3 una conferencia de prensa para anunciar que ese distrito pasar\u00e1 a la fase 4 del\u2026","rel":"","context":"En \u00abMunicipios\u00bb","block_context":{"text":"Municipios","link":"https:\/\/www.24baires.com\/?cat=44"},"img":{"alt_text":"","src":"https:\/\/i0.wp.com\/www.24baires.com\/wp-content\/uploads\/2020\/06\/galli.jpg?resize=350%2C200","width":350,"height":200,"srcset":"https:\/\/i0.wp.com\/www.24baires.com\/wp-content\/uploads\/2020\/06\/galli.jpg?resize=350%2C200 1x, https:\/\/i0.wp.com\/www.24baires.com\/wp-content\/uploads\/2020\/06\/galli.jpg?resize=525%2C300 1.5x"},"classes":[]}],"jetpack_sharing_enabled":true,"jetpack_likes_enabled":true,"_links":{"self":[{"href":"https:\/\/www.24baires.com\/index.php?rest_route=\/wp\/v2\/posts\/1447","targetHints":{"allow":["GET"]}}],"collection":[{"href":"https:\/\/www.24baires.com\/index.php?rest_route=\/wp\/v2\/posts"}],"about":[{"href":"https:\/\/www.24baires.com\/index.php?rest_route=\/wp\/v2\/types\/post"}],"author":[{"embeddable":true,"href":"https:\/\/www.24baires.com\/index.php?rest_route=\/wp\/v2\/users\/4"}],"replies":[{"embeddable":true,"href":"https:\/\/www.24baires.com\/index.php?rest_route=%2Fwp%2Fv2%2Fcomments&post=1447"}],"version-history":[{"count":0,"href":"https:\/\/www.24baires.com\/index.php?rest_route=\/wp\/v2\/posts\/1447\/revisions"}],"wp:attachment":[{"href":"https:\/\/www.24baires.com\/index.php?rest_route=%2Fwp%2Fv2%2Fmedia&parent=1447"}],"wp:term":[{"taxonomy":"category","embeddable":true,"href":"https:\/\/www.24baires.com\/index.php?rest_route=%2Fwp%2Fv2%2Fcategories&post=1447"},{"taxonomy":"post_tag","embeddable":true,"href":"https:\/\/www.24baires.com\/index.php?rest_route=%2Fwp%2Fv2%2Ftags&post=1447"}],"curies":[{"name":"wp","href":"https:\/\/api.w.org\/{rel}","templated":true}]}}