{"id":14467,"date":"2013-02-02T21:41:18","date_gmt":"2013-02-03T00:41:18","guid":{"rendered":"http:\/\/www.24baires.com\/?p=14467"},"modified":"2013-02-02T21:41:54","modified_gmt":"2013-02-03T00:41:54","slug":"esperan-una-ocupacion-hotelera-del-80-por-ciento-en-los-municipios-de-la-costa","status":"publish","type":"post","link":"https:\/\/www.24baires.com\/?p=14467","title":{"rendered":"Esperan una ocupaci\u00f3n hotelera del 80 por ciento en los Municipios de la Costa"},"content":{"rendered":"<p style=\"text-align: center;\"><img data-recalc-dims=\"1\" loading=\"lazy\" decoding=\"async\" class=\"aligncenter  wp-image-14468\" alt=\"playa costa atlantica\" src=\"https:\/\/i0.wp.com\/www.24baires.com\/wp-content\/uploads\/2013\/02\/playa-costa-atlantica.jpg?resize=560%2C375\" width=\"560\" height=\"375\" \/><\/p>\n<p>Un relevamiento realizado entre representantes del comercio, hoteleros y operadores tur\u00edsticos del <strong>Municipio de La Costa, Pinamar y Villa Gesell<\/strong> expresaron que la primera quincena de febrero marca una ocupaci\u00f3n hotelera y de reservas de entre un 75 y un 80 por ciento. \u00abTuvimos que convencer a los propietarios de que fueran m\u00e1s razonables con los precios\u201d, dijeron.<!--more--><\/p>\n<p>La primera quincena de febrero marca una ocupaci\u00f3n hotelera y de reservas de entre un 75 y un 80% en los partidos del Municipio de La Costa, Pinamar y Villa Gesell, seg\u00fan los primeros datos relevados por representantes del comercio, hoteleros y operadores tur\u00edsticos de esta zona del litoral atl\u00e1ntico bonaerense.<\/p>\n<p>Gabriel Centric, titular de la Hoster\u00eda Tequendama en Villa Gesell y adem\u00e1s presidente de la Uni\u00f3n de Comercio e Industria (UCI), indic\u00f3 que para el hotelero, el segundo mes del a\u00f1o \u00abdefinitivamente ser\u00e1 bueno\u00bb.<\/p>\n<p>\u00abLa primera quincena de febrero puede llegar a tener un 75 a 80% de ocupaci\u00f3n hotelera formal, un n\u00famero similar al de enero, por lo que se palpita una finalizaci\u00f3n de temporada positiva\u00bb, destac\u00f3 Centric.<\/p>\n<p>Contra lo que muchos sectores planteaban con respecto a que los n\u00fameros de febrero no ser\u00edan buenos, los primeros datos del mes auguran una quincena donde, incluso, el consumo puede superar al del mes de enero.<\/p>\n<p>Los distintos representantes del comercio y de los hoteles admiten no obstante que enero fue un mes \u00abat\u00edpico\u00bb ya que los per\u00edodos de estad\u00eda \u00abse acortaron\u00bb respecto de a\u00f1os anteriores.<\/p>\n<p>Seg\u00fan coinciden todos los operadores tur\u00edsticos, febrero se inici\u00f3 con un alto nivel de reservas para la primera quincena y con un p\u00fablico m\u00e1s familiar que el de enero, lo que presagia una suba del consumo per c\u00e1pita.<\/p>\n<p>En Pinamar, por ejemplo, donde enero hab\u00eda comenzado flojo por los altos precios de los alquileres de las viviendas en general, se fue dando un reacomodamiento que ya est\u00e1 mostrando resultados, seg\u00fan indican operadores del lugar.<\/p>\n<p>\u00abTuvimos que convencer a los propietarios de que fueran m\u00e1s razonables con los precios y hoy ya se ven los resultados. Hay casi tantas reservas para esta quincena como para la primera de enero\u00bb, asegur\u00f3 Carlos Ventura, de una inmobiliaria pinamarense.<\/p>\n<p>Es que el cambio paradigm\u00e1tico que se dio en el turismo estival a partir de los fines de semana largos o puentes instaurados por el gobierno nacional, hizo que las vacaciones se fraccionaran en cortos per\u00edodos pero durante el a\u00f1o, y as\u00ed mejor\u00f3 el nivel de ingreso de los distintos centros tur\u00edsticos, situaci\u00f3n que parece verificarse tambi\u00e9n en el mes de febrero a entender de los operadores del sector.<\/p>\n<p>En las ciudades tur\u00edsticas los comerciantes parecen haber advertido este cambio y est\u00e1n ofreciendo en febrero, rebajas de precios incluidos, paquetes de menos d\u00edas y con m\u00e1s servicios lo que de inmediato repercuti\u00f3 en el nivel de reservas.<\/p>\n<p>\u00abTradicionalmente febrero atrae muchos menos visitantes que enero, pero esto se est\u00e1 revirtiendo este a\u00f1o para lo que colabora, por ejemplo, el feriado de carnaval del 11 y 12 de febrero\u00bb, se\u00f1al\u00f3 Roberto Mendioz comerciante del municipio de La Costa.<\/p>\n<p>Por su parte Carlos C\u00e1ceres, veterano operador de la misma zona cuyo intendente es Juan Pablo de Jes\u00fas, dijo que \u00absomos conscientes de que fuimos el \u00e1rea costera que m\u00e1s trabaj\u00f3 en enero, pero vemos que el nivel de reservas se mantiene en la primera quincena de este mes, algo que antes no pasaba\u00bb.<\/p>\n<p>En consecuencia reci\u00e9n iniciado el segundo mes del a\u00f1o, el movimiento tur\u00edstico augura \u00abbuenos resultados\u00bb en toda la costa bonaerense, con un a\u00f1adido no menor, ya que las previsiones del clima se\u00f1alan que el mes ser\u00e1 mucho m\u00e1s estable que lo que fue enero.<\/p>\n<p>&nbsp;<\/p>\n<p>&nbsp;<\/p>\n<p>&nbsp;<\/p>\n<p>&nbsp;<\/p>\n<p>&nbsp;<\/p>\n<p>&nbsp;<\/p>\n","protected":false},"excerpt":{"rendered":"<p>Un relevamiento realizado entre representantes del comercio, hoteleros y operadores tur\u00edsticos del Municipio de La Costa, Pinamar y Villa Gesell expresaron que la primera quincena de febrero marca una ocupaci\u00f3n hotelera y de reservas de entre un 75 y un 80 por ciento. \u00abTuvimos que convencer a los propietarios de que fueran m\u00e1s razonables con los precios\u201d, dijeron.<\/p>\n","protected":false},"author":11,"featured_media":0,"comment_status":"open","ping_status":"open","sticky":false,"template":"","format":"standard","meta":{"_jetpack_newsletter_access":"","_jetpack_dont_email_post_to_subs":false,"_jetpack_newsletter_tier_id":0,"_jetpack_memberships_contains_paywalled_content":false,"_jetpack_memberships_contains_paid_content":false,"footnotes":""},"categories":[1],"tags":[],"class_list":["post-14467","post","type-post","status-publish","format-standard","hentry","category-sociedad"],"jetpack_featured_media_url":"","jetpack_shortlink":"https:\/\/wp.me\/p2JWE0-3Ll","jetpack-related-posts":[{"id":12836,"url":"https:\/\/www.24baires.com\/?p=12836","url_meta":{"origin":14467,"position":0},"title":"Prev\u00e9n en un 70 por ciento la ocupaci\u00f3n hotelera en la segunda quincena de enero","author":"Grupo Sierra","date":"19\/01\/2013","format":false,"excerpt":"Seg\u00fan un relevamiento realizado por la Federaci\u00f3n Empresaria Hotelera Gastron\u00f3mica, durante la segunda mitad de enero, la ocupaci\u00f3n rondar\u00e1 esa cifra. En tanto, aseguraron que algunas localidades de la costa bonaerense, Cuyo y el Noreste registran niveles de reservas superiores a ese promedio. La Federaci\u00f3n Empresaria Hotelera Gastron\u00f3mica de la\u2026","rel":"","context":"En \u00abSociedad\u00bb","block_context":{"text":"Sociedad","link":"https:\/\/www.24baires.com\/?cat=1"},"img":{"alt_text":"playa mdp","src":"https:\/\/i0.wp.com\/www.24baires.com\/wp-content\/uploads\/2013\/01\/playa-mdp.jpg?resize=350%2C200","width":350,"height":200,"srcset":"https:\/\/i0.wp.com\/www.24baires.com\/wp-content\/uploads\/2013\/01\/playa-mdp.jpg?resize=350%2C200 1x, https:\/\/i0.wp.com\/www.24baires.com\/wp-content\/uploads\/2013\/01\/playa-mdp.jpg?resize=525%2C300 1.5x"},"classes":[]},{"id":11317,"url":"https:\/\/www.24baires.com\/?p=11317","url_meta":{"origin":14467,"position":1},"title":"Llega a m\u00e1s del 60 por ciento la ocupaci\u00f3n hotelera en la Costa","author":"Grupo Sierra","date":"05\/01\/2013","format":false,"excerpt":"As\u00ed lo inform\u00f3 la secretar\u00eda de Turismo de la provincia de Buenos Aires, detallando que hubo un 64 por ciento turistas en distintos alberges y hoteles de la Costa Atl\u00e1ntica en la primera semana de enero. Para el primer fin de semana del mes \"el 55 por ciento de las\u2026","rel":"","context":"En \u00abSociedad\u00bb","block_context":{"text":"Sociedad","link":"https:\/\/www.24baires.com\/?cat=1"},"img":{"alt_text":"","src":"","width":0,"height":0},"classes":[]},{"id":60214,"url":"https:\/\/www.24baires.com\/?p=60214","url_meta":{"origin":14467,"position":2},"title":"M\u00e1s de tres millones de turistas visitaron la Costa Atl\u00e1ntica","author":"Grupo Sierra","date":"16\/01\/2015","format":false,"excerpt":"El dato surge de un informe de la Secretar\u00eda de Turismo de la Naci\u00f3n que consigna un nivel de ocupaci\u00f3n hotelera en los principales destinos que promedia el 75%, con picos como Pinamar, cercanos al 85%. M\u00e1s de tres millones de turistas visitaron la costa bonaerense durante la primera quincena\u2026","rel":"","context":"En \u00abTurismo\u00bb","block_context":{"text":"Turismo","link":"https:\/\/www.24baires.com\/?cat=69"},"img":{"alt_text":"mardel_playa2_10769","src":"https:\/\/i0.wp.com\/www.24baires.com\/wp-content\/uploads\/2013\/11\/mardel_playa2_10769.jpg?resize=350%2C200","width":350,"height":200,"srcset":"https:\/\/i0.wp.com\/www.24baires.com\/wp-content\/uploads\/2013\/11\/mardel_playa2_10769.jpg?resize=350%2C200 1x, https:\/\/i0.wp.com\/www.24baires.com\/wp-content\/uploads\/2013\/11\/mardel_playa2_10769.jpg?resize=525%2C300 1.5x"},"classes":[]},{"id":119559,"url":"https:\/\/www.24baires.com\/?p=119559","url_meta":{"origin":14467,"position":3},"title":"El fin de semana largo registr\u00f3 un 80% de ocupaci\u00f3n hotelera en la Provincia","author":"GB","date":"18\/11\/2022","format":false,"excerpt":"El aumento de la temperatura comienza a movilizar el turismo costero de la Provincia por lo que, este fin de semana largo, las reservas para hospedajes dispararon. Con el comienzo del calor veraniego en la Provincia de Buenos Aires, este fin de semana se registr\u00f3 un nivel de reservas de\u2026","rel":"","context":"En \u00abProvincia\u00bb","block_context":{"text":"Provincia","link":"https:\/\/www.24baires.com\/?cat=40"},"img":{"alt_text":"","src":"https:\/\/i0.wp.com\/www.24baires.com\/wp-content\/uploads\/2020\/05\/mar-del-plata.jpg?resize=350%2C200","width":350,"height":200,"srcset":"https:\/\/i0.wp.com\/www.24baires.com\/wp-content\/uploads\/2020\/05\/mar-del-plata.jpg?resize=350%2C200 1x, https:\/\/i0.wp.com\/www.24baires.com\/wp-content\/uploads\/2020\/05\/mar-del-plata.jpg?resize=525%2C300 1.5x, https:\/\/i0.wp.com\/www.24baires.com\/wp-content\/uploads\/2020\/05\/mar-del-plata.jpg?resize=700%2C400 2x"},"classes":[]},{"id":61066,"url":"https:\/\/www.24baires.com\/?p=61066","url_meta":{"origin":14467,"position":4},"title":"En la Costa, las reservas para febrero ya superan el 70%","author":"AF","date":"31\/01\/2015","format":false,"excerpt":"Los principales destinos tur\u00edsticos de la provincia de Buenos Aires, Mar del Plata, Villa Gesell y Necochea, registran para el primer fin de semana del mes un nivel de reservas promedio que alcanza el 70% de las plazas hoteleras, seg\u00fan inform\u00f3 la Secretar\u00eda de Turismo bonaerense. En Pinamar trepan al\u2026","rel":"","context":"En \u00abLocales\u00bb","block_context":{"text":"Locales","link":"https:\/\/www.24baires.com\/?cat=38"},"img":{"alt_text":"mar del plata playa","src":"https:\/\/i0.wp.com\/www.24baires.com\/wp-content\/uploads\/2015\/01\/mar-del-plata-playa.jpg?resize=350%2C200","width":350,"height":200,"srcset":"https:\/\/i0.wp.com\/www.24baires.com\/wp-content\/uploads\/2015\/01\/mar-del-plata-playa.jpg?resize=350%2C200 1x, https:\/\/i0.wp.com\/www.24baires.com\/wp-content\/uploads\/2015\/01\/mar-del-plata-playa.jpg?resize=525%2C300 1.5x"},"classes":[]},{"id":10827,"url":"https:\/\/www.24baires.com\/?p=10827","url_meta":{"origin":14467,"position":5},"title":"Para la primera quincena del a\u00f1o se espera una ocupaci\u00f3n superior al 69% en centros tur\u00edsticos","author":"AF","date":"30\/12\/2012","format":false,"excerpt":"La ocupaci\u00f3n para la primera quincena de enero super\u00f3 el 69% en los principales centros tur\u00edsticos de la costa, del litoral y del centro del pa\u00eds, report\u00f3 la Federaci\u00f3n Empresaria Hotelera Gastron\u00f3mica de la Rep\u00fablica Argentina (FEHGRA). \"Se trata de datos preliminares, dado que muchos argentinos viajan despu\u00e9s de celebrar\u2026","rel":"","context":"En \u00abSociedad\u00bb","block_context":{"text":"Sociedad","link":"https:\/\/www.24baires.com\/?cat=1"},"img":{"alt_text":"costa","src":"https:\/\/i0.wp.com\/www.24baires.com\/wp-content\/uploads\/2012\/11\/costa-300x166.jpg?resize=350%2C200","width":350,"height":200},"classes":[]}],"jetpack_sharing_enabled":true,"jetpack_likes_enabled":true,"_links":{"self":[{"href":"https:\/\/www.24baires.com\/index.php?rest_route=\/wp\/v2\/posts\/14467","targetHints":{"allow":["GET"]}}],"collection":[{"href":"https:\/\/www.24baires.com\/index.php?rest_route=\/wp\/v2\/posts"}],"about":[{"href":"https:\/\/www.24baires.com\/index.php?rest_route=\/wp\/v2\/types\/post"}],"author":[{"embeddable":true,"href":"https:\/\/www.24baires.com\/index.php?rest_route=\/wp\/v2\/users\/11"}],"replies":[{"embeddable":true,"href":"https:\/\/www.24baires.com\/index.php?rest_route=%2Fwp%2Fv2%2Fcomments&post=14467"}],"version-history":[{"count":4,"href":"https:\/\/www.24baires.com\/index.php?rest_route=\/wp\/v2\/posts\/14467\/revisions"}],"predecessor-version":[{"id":14472,"href":"https:\/\/www.24baires.com\/index.php?rest_route=\/wp\/v2\/posts\/14467\/revisions\/14472"}],"wp:attachment":[{"href":"https:\/\/www.24baires.com\/index.php?rest_route=%2Fwp%2Fv2%2Fmedia&parent=14467"}],"wp:term":[{"taxonomy":"category","embeddable":true,"href":"https:\/\/www.24baires.com\/index.php?rest_route=%2Fwp%2Fv2%2Fcategories&post=14467"},{"taxonomy":"post_tag","embeddable":true,"href":"https:\/\/www.24baires.com\/index.php?rest_route=%2Fwp%2Fv2%2Ftags&post=14467"}],"curies":[{"name":"wp","href":"https:\/\/api.w.org\/{rel}","templated":true}]}}