{"id":14432,"date":"2013-02-02T17:53:04","date_gmt":"2013-02-02T20:53:04","guid":{"rendered":"http:\/\/www.24baires.com\/?p=14432"},"modified":"2013-02-02T17:53:04","modified_gmt":"2013-02-02T20:53:04","slug":"realizan-jornadas-solidarias-para-recordar-los-crimenes-de-jose-leon-suarez","status":"publish","type":"post","link":"https:\/\/www.24baires.com\/?p=14432","title":{"rendered":"Realizan jornadas solidarias para recordar los cr\u00edmenes de Jos\u00e9 Le\u00f3n Su\u00e1rez"},"content":{"rendered":"<p><img data-recalc-dims=\"1\" loading=\"lazy\" decoding=\"async\" class=\"alignleft size-medium wp-image-14433\" alt=\"la c\u00e1rcova\" src=\"https:\/\/i0.wp.com\/www.24baires.com\/wp-content\/uploads\/2013\/02\/la-c%C3%A1rcova.jpg?resize=300%2C199\" width=\"300\" height=\"199\" srcset=\"https:\/\/i0.wp.com\/www.24baires.com\/wp-content\/uploads\/2013\/02\/la-c%C3%A1rcova.jpg?resize=300%2C199&amp;ssl=1 300w, https:\/\/i0.wp.com\/www.24baires.com\/wp-content\/uploads\/2013\/02\/la-c%C3%A1rcova.jpg?w=320&amp;ssl=1 320w\" sizes=\"auto, (max-width: 300px) 100vw, 300px\" \/>Ser\u00e1n dos jornadas en el barrio La C\u00e1rcova en el marco del segundo aniversario de los asesinatos de Franco Almir\u00f3n y Mauricio Ramos a manos de la polic\u00eda bonaerense.<!--more--><br \/>\nEl espacio pol\u00edtico Unidos y Organizados inici\u00f3 hoy la primera de dos jornadas solidarias en el barrio La C\u00e1rcova de la localidad de Jos\u00e9 Le\u00f3n Su\u00e1rez, en el marco del segundo aniversario de los asesinatos de Franco Almir\u00f3n y Mauricio Ramos a manos de la Polic\u00eda Bonaerense.<\/p>\n<p>Cerca de medio millar de militantes de las distintas agrupaciones que componen este espacio comenzaron hoy desde temprano \u00aba limpiar y zanjear calles, tanto las que cortan vertical como horizontalmente la totalidad del barrio\u00bb, entre otras actividades coordinadas con instituciones de ese lugar, inform\u00f3 Juli\u00e1n R\u00edos, vecino y referente local del Movimiento Evita.<\/p>\n<p>De esta manera los militantes del Movimiento Evita, La C\u00e1mpora, Frente Transversal, Kolina, Corriente Mart\u00edn Fierro, Peronismo Militante, Nuevo Encuentro y 26 de julio, entre otros, recuerdan a Franco Almir\u00f3n y a Mauricio Ramos, dos j\u00f3venes que ten\u00edan 16 y 17 a\u00f1os cuando fueron asesinados por la Polic\u00eda Bonaerense el 3 de febrero de 2011 luego de que se descarrilara un tren a la vera del barrio.<\/p>\n<p>El diputado nacional Leonardo Grosso, asegur\u00f3 que \u00abel episodio para nosotros no fue confuso, algunos medios dijeron que hubo una banda organizada que disparaba contra el tren e intent\u00f3 descarrilarlo y nada de eso fue comprobado por la justicia\u00bb.<\/p>\n<p>\u00abDe hecho en la etapa de instrucci\u00f3n lo que queda claro es que la polic\u00eda dispar\u00f3 gases lacrim\u00f3genos primero para que los pibes corran y despu\u00e9s los asesin\u00f3 brutalmente por la espalda\u00bb, resalt\u00f3.<br \/>\nEn di\u00e1logo con T\u00e9lam, Grosso relat\u00f3 que \u00abel sobreviviente del hecho Joaqu\u00edn Romero tambi\u00e9n ten\u00eda tiros que hab\u00edan entrado por la espalda, y de cara al juicio oral que comienza decidimos hacer estas jornadas, porque creemos que la mejor manera de recordar a los pibes que ya no est\u00e1n y acompa\u00f1ar a Joaqu\u00edn, es mejorando el barrio\u00bb.<\/p>\n<p>Grosso record\u00f3 que \u00abtras el descarrilamiento del tren, los vecinos se acercaron a ver qu\u00e9 pasaba y la polic\u00eda vino en un operativo inusual en el que participaron dos comisarias y una subcomisar\u00eda, y la Polic\u00eda Bonaerense 2 entr\u00f3 disparando sobre una muchedumbre\u00bb.<\/p>\n<p>\u00abLos pibes esperaban ah\u00ed para ir a cartonear al Ceamse porque ellos trabajaban tratando de ayudar a su familia para mejorar los ingresos de la casa\u00bb, destac\u00f3 Grosso, tambi\u00e9n referente del Movimiento Evita.<\/p>\n<p>Por otra parte, resalt\u00f3 que \u00abhasta el momento hay dos detenidos, uno de la Polic\u00eda Bonaerense y otro de la Bonaerense 2, uno de ellos se autoinculp\u00f3, mientras que el otro fue detectado a trav\u00e9s de rondas de reconocimiento\u00bb.<\/p>\n<p>Joaqu\u00edn Romero, amigo de Franco y Mauricio, quien estuvo junto con ellos ese 3 de febrero y sobrevivi\u00f3 luego de recibir dos disparos en la espalda, relat\u00f3 que \u00abquiero que se haga justicia porque nosotros ese d\u00eda s\u00f3lo estabamos mirando\u00bb.<\/p>\n<p>Joaqu\u00edn, que hoy est\u00e1 participando activamente de la jornada y trabaja en la subsecretar\u00eda de Derechos Humanos de la Municipalidad de San Mart\u00edn, cont\u00f3 que producto del schok de ese episodio su mujer perdi\u00f3 un embarazo, y que por \u00abtodo el sufrimiento que me trajo esa fecha necesito que se haga justicia\u00bb.<\/p>\n<p>Hasta ma\u00f1ana, las jornadas contin\u00faan con la pintura de murales en las paredes que rodean un espacio central del barrio, denominado \u00abLa Canchita\u00bb, donde tambi\u00e9n hay gazebos que ofrecen la oportunidad de que se actualizen los tr\u00e1mites relacionados por ejemplo, a los DNI, a trav\u00e9s del programa Acceso a la Justicia, entre otros.<\/p>\n<p>A su vez, se est\u00e1n dictando talleres de salud y violencia institucional; mientras que por la noche los j\u00f3venes militantes dormir\u00e1n en la Escuela del barrio, la N\u00ba 51, y ma\u00f1ana continuar\u00e1n con las actividades hasta las 15 horas, cuando se realice el cierre de las jornadas en el que se espera que se hagan presentes diputados nacionales, provinciales, dirigentes pol\u00edticos y organizaciones sociales y de Derechos Humanos.<\/p>\n<p>&nbsp;<\/p>\n<p>&nbsp;<\/p>\n<p>&nbsp;<\/p>\n<p>&nbsp;<\/p>\n<p>&nbsp;<\/p>\n<p>&nbsp;<\/p>\n<p>&nbsp;<\/p>\n<p>&nbsp;<\/p>\n<p>&nbsp;<\/p>\n<p>&nbsp;<\/p>\n<p>&nbsp;<\/p>\n<p>&nbsp;<\/p>\n<p>&nbsp;<\/p>\n<p>&nbsp;<\/p>\n<p>&nbsp;<\/p>\n<p>&nbsp;<\/p>\n<p>&nbsp;<\/p>\n<p>&nbsp;<\/p>\n<p>&nbsp;<\/p>\n<p>&nbsp;<\/p>\n<p>&nbsp;<\/p>\n<p>&nbsp;<\/p>\n<p>&nbsp;<\/p>\n","protected":false},"excerpt":{"rendered":"<p>Ser\u00e1n dos jornadas en el barrio La C\u00e1rcova en el marco del segundo aniversario de los asesinatos de Franco Almir\u00f3n y Mauricio Ramos a manos de la polic\u00eda bonaerense.<\/p>\n","protected":false},"author":4,"featured_media":0,"comment_status":"open","ping_status":"open","sticky":false,"template":"","format":"standard","meta":{"_jetpack_newsletter_access":"","_jetpack_dont_email_post_to_subs":false,"_jetpack_newsletter_tier_id":0,"_jetpack_memberships_contains_paywalled_content":false,"_jetpack_memberships_contains_paid_content":false,"footnotes":""},"categories":[1],"tags":[],"class_list":["post-14432","post","type-post","status-publish","format-standard","hentry","category-sociedad"],"jetpack_featured_media_url":"","jetpack_shortlink":"https:\/\/wp.me\/p2JWE0-3KM","jetpack-related-posts":[{"id":40816,"url":"https:\/\/www.24baires.com\/?p=40816","url_meta":{"origin":14432,"position":0},"title":"Cr\u00edmenes de La C\u00e1rcova: \u201csigo so\u00f1ando con el ruido met\u00e1lico de las balas\u00bb","author":"GB","date":"20\/02\/2014","format":false,"excerpt":"SAN MART\u00cdN-La fiscal\u00eda asegur\u00f3 que buscar\u00e1 probar que un efectivo de la Polic\u00eda Bonaerense es \"culpable\" de haber matado a dos j\u00f3venes en el a\u00f1o 2011 en el marco de una represi\u00f3n tras un descarrilamiento de un tren en Jos\u00e9 Le\u00f3n Su\u00e1rez. Tambi\u00e9n intentar\u00e1n probar que \"otro bale\u00f3\" a un\u2026","rel":"","context":"En \u00abJUDICIALES\u00bb","block_context":{"text":"JUDICIALES","link":"https:\/\/www.24baires.com\/?cat=68"},"img":{"alt_text":"juicio por la carcova","src":"https:\/\/i0.wp.com\/www.24baires.com\/wp-content\/uploads\/2014\/02\/juicio-por-la-carcova.jpg?resize=350%2C200","width":350,"height":200,"srcset":"https:\/\/i0.wp.com\/www.24baires.com\/wp-content\/uploads\/2014\/02\/juicio-por-la-carcova.jpg?resize=350%2C200 1x, https:\/\/i0.wp.com\/www.24baires.com\/wp-content\/uploads\/2014\/02\/juicio-por-la-carcova.jpg?resize=525%2C300 1.5x"},"classes":[]},{"id":39791,"url":"https:\/\/www.24baires.com\/?p=39791","url_meta":{"origin":14432,"position":1},"title":"Se cumplen tres a\u00f1os de la Masacre de Jos\u00e9 Le\u00f3n Su\u00e1rez II","author":"Grupo Sierra","date":"04\/02\/2014","format":false,"excerpt":"Realizar\u00e1n una movilizaci\u00f3n y una misa para recordar a Mauricio Ramos y Franco Almir\u00f3n, de 17 y 16 a\u00f1os, asesinados por la Bonaerense en 2011. El 20 de febrero empieza el juicio y ser\u00e1 muy importante el testimonio de Joaqu\u00edn Romero, que sobrevivi\u00f3 a la balacera. Por las calles de\u2026","rel":"","context":"En \u00abMemoria\u00bb","block_context":{"text":"Memoria","link":"https:\/\/www.24baires.com\/?cat=50"},"img":{"alt_text":"masacre","src":"https:\/\/i0.wp.com\/www.24baires.com\/wp-content\/uploads\/2014\/02\/masacre.jpg?resize=350%2C200","width":350,"height":200,"srcset":"https:\/\/i0.wp.com\/www.24baires.com\/wp-content\/uploads\/2014\/02\/masacre.jpg?resize=350%2C200 1x, https:\/\/i0.wp.com\/www.24baires.com\/wp-content\/uploads\/2014\/02\/masacre.jpg?resize=525%2C300 1.5x"},"classes":[]},{"id":26698,"url":"https:\/\/www.24baires.com\/?p=26698","url_meta":{"origin":14432,"position":2},"title":"Miles de militantes realizaron jornadas solidarias en m\u00e1s de 80 localidades de la Provincia","author":"Grupo Sierra","date":"23\/06\/2013","format":false,"excerpt":"Junto a los vecinos, militantes de Unidos y Organizados llevaron adelante este fin de semana tareas de reacondicionamiento de plazas y espacios p\u00fablicos, desmalezamiento, zanjeo, pintura y refacci\u00f3n de escuelas, instituciones comunitarias y viviendas. Tambi\u00e9n se pintaron murales alusivos a la matanza de Jos\u00e9 Le\u00f3n Su\u00e1rez. En una nueva edici\u00f3n\u2026","rel":"","context":"En \u00abSociedad\u00bb","block_context":{"text":"Sociedad","link":"https:\/\/www.24baires.com\/?cat=1"},"img":{"alt_text":"","src":"","width":0,"height":0},"classes":[]},{"id":39942,"url":"https:\/\/www.24baires.com\/?p=39942","url_meta":{"origin":14432,"position":3},"title":"La otra cara de la \u00abMasacre de Jos\u00e9 Le\u00f3n Su\u00e1rez II\u00bb","author":"Grupo Sierra","date":"06\/02\/2014","format":false,"excerpt":"A tres a\u00f1os del asesinato de Mauricio Ramos y Franco Almir\u00f3n, se suman las voces de aquellos que piden justicia, pero desde el otro lado. Los familiares del polic\u00eda Gustavo Sebasti\u00e1n Rey reclaman, no s\u00f3lo por los j\u00f3venes fallecidos, sino tambi\u00e9n por la detenci\u00f3n del efectivo, que aseguran \"es injusta\".\u2026","rel":"","context":"En \u00abJUDICIALES\u00bb","block_context":{"text":"JUDICIALES","link":"https:\/\/www.24baires.com\/?cat=68"},"img":{"alt_text":"","src":"","width":0,"height":0},"classes":[]},{"id":34409,"url":"https:\/\/www.24baires.com\/?p=34409","url_meta":{"origin":14432,"position":4},"title":"San Mart\u00edn: con una pueblada, vecinos acusan complicidad entre narcos y la Bonaerense","author":"AF","date":"31\/10\/2013","format":false,"excerpt":"Los incidentes se produjeron en esa seccional en medio de la protesta encabezada por los familiares de un joven asesinado, y acusan complicidad entre narcos y efectivos de la Bonaerense. Incendiaron motos, un colectivo y varios patrulleros. El padre del chico asesinado acus\u00f3 a los polic\u00edas de proteger a los\u2026","rel":"","context":"En \u00abLocales\u00bb","block_context":{"text":"Locales","link":"https:\/\/www.24baires.com\/?cat=38"},"img":{"alt_text":"","src":"","width":0,"height":0},"classes":[]},{"id":34612,"url":"https:\/\/www.24baires.com\/?p=34612","url_meta":{"origin":14432,"position":5},"title":"San Mart\u00edn: sigue la violencia narco y aseguran que Katopodis ech\u00f3 a Gendarmer\u00eda","author":"AF","date":"04\/11\/2013","format":false,"excerpt":"Allegados a la familia del Enzo Ledesma, confirm\u00f3 que los narcotraficantes volvieron a atacar a otro menor que particip\u00f3 de la pueblada del pasado mi\u00e9rcoles. Denuncian desidia del intendente y complicidades narco policiales. Los vecinos \u201cse refugiados en sus casas\u201d. Marchar\u00e1n a la Municipalidad la semana pr\u00f3xima. Lejos de aclarar\u2026","rel":"","context":"En \u00abLocales\u00bb","block_context":{"text":"Locales","link":"https:\/\/www.24baires.com\/?cat=38"},"img":{"alt_text":"katopodis massa","src":"https:\/\/i0.wp.com\/www.24baires.com\/wp-content\/uploads\/2013\/11\/katopodis-massa.jpg?resize=350%2C200","width":350,"height":200,"srcset":"https:\/\/i0.wp.com\/www.24baires.com\/wp-content\/uploads\/2013\/11\/katopodis-massa.jpg?resize=350%2C200 1x, https:\/\/i0.wp.com\/www.24baires.com\/wp-content\/uploads\/2013\/11\/katopodis-massa.jpg?resize=525%2C300 1.5x"},"classes":[]}],"jetpack_sharing_enabled":true,"jetpack_likes_enabled":true,"_links":{"self":[{"href":"https:\/\/www.24baires.com\/index.php?rest_route=\/wp\/v2\/posts\/14432","targetHints":{"allow":["GET"]}}],"collection":[{"href":"https:\/\/www.24baires.com\/index.php?rest_route=\/wp\/v2\/posts"}],"about":[{"href":"https:\/\/www.24baires.com\/index.php?rest_route=\/wp\/v2\/types\/post"}],"author":[{"embeddable":true,"href":"https:\/\/www.24baires.com\/index.php?rest_route=\/wp\/v2\/users\/4"}],"replies":[{"embeddable":true,"href":"https:\/\/www.24baires.com\/index.php?rest_route=%2Fwp%2Fv2%2Fcomments&post=14432"}],"version-history":[{"count":1,"href":"https:\/\/www.24baires.com\/index.php?rest_route=\/wp\/v2\/posts\/14432\/revisions"}],"predecessor-version":[{"id":14434,"href":"https:\/\/www.24baires.com\/index.php?rest_route=\/wp\/v2\/posts\/14432\/revisions\/14434"}],"wp:attachment":[{"href":"https:\/\/www.24baires.com\/index.php?rest_route=%2Fwp%2Fv2%2Fmedia&parent=14432"}],"wp:term":[{"taxonomy":"category","embeddable":true,"href":"https:\/\/www.24baires.com\/index.php?rest_route=%2Fwp%2Fv2%2Fcategories&post=14432"},{"taxonomy":"post_tag","embeddable":true,"href":"https:\/\/www.24baires.com\/index.php?rest_route=%2Fwp%2Fv2%2Ftags&post=14432"}],"curies":[{"name":"wp","href":"https:\/\/api.w.org\/{rel}","templated":true}]}}