{"id":14389,"date":"2013-02-02T12:00:05","date_gmt":"2013-02-02T15:00:05","guid":{"rendered":"http:\/\/www.24baires.com\/?p=14389"},"modified":"2013-02-02T12:47:16","modified_gmt":"2013-02-02T15:47:16","slug":"la-ley-de-muerte-digna-fue-promulgada-en-la-provincia","status":"publish","type":"post","link":"https:\/\/www.24baires.com\/?p=14389","title":{"rendered":"La Ley de Muerte Digna fue promulgada en la Provincia"},"content":{"rendered":"<p><img data-recalc-dims=\"1\" loading=\"lazy\" decoding=\"async\" class=\"alignleft size-medium wp-image-14390\" alt=\"manos\" src=\"https:\/\/i0.wp.com\/www.24baires.com\/wp-content\/uploads\/2013\/02\/manos.jpg?resize=300%2C187\" width=\"300\" height=\"187\" srcset=\"https:\/\/i0.wp.com\/www.24baires.com\/wp-content\/uploads\/2013\/02\/manos.jpg?resize=300%2C187&amp;ssl=1 300w, https:\/\/i0.wp.com\/www.24baires.com\/wp-content\/uploads\/2013\/02\/manos.jpg?w=480&amp;ssl=1 480w\" sizes=\"auto, (max-width: 300px) 100vw, 300px\" \/>El gobernador Daniel Scioli promulg\u00f3 la Ley de Muerte Digna que permitir\u00e1 a los enfermos terminales rechazar tratamientos que no sirvan para mejorar su estado de salud. La normativa impulsada por el diputado Marcelo Feli\u00fa (FpV-PJ) y aprobada por unanimidad en ambas c\u00e1maras, tendr\u00e1 al ministerio de Salud de la Provincia como autoridad de aplicaci\u00f3n.<!--more--><\/p>\n<p>Mediante el decreto N\u00b0 43 de 2013 qued\u00f3 plenamente vigente en todo el territorio provincial esta iniciativa (ley 14.464) que hab\u00eda sido aprobada en conjunto con la adhesi\u00f3n a la modificaci\u00f3n de la ley nacional sobre Derechos del Paciente, sancionada recientemente por el Congreso Nacional.<\/p>\n<p>Presentada en septiembre de 2011, esta ley obtuvo la unanimidad de todas las bancadas, tanto en la c\u00e1mara baja como en el Senado, donde recibi\u00f3 la sanci\u00f3n definitiva a fines de 2012.<\/p>\n<p>Al respecto, el ministro de Salud, Alejandro Collia, dijo que \u201cse avanza en la creaci\u00f3n de un protocolo de atenci\u00f3n para implementar la nueva normativa en todos los hospitales de la Provincia\u201d, y celebr\u00f3 que \u201cla Provincia ya cuente con una herramienta legal que protege la autonom\u00eda de voluntad del paciente y que resguarda al equipo de salud\u201d.<\/p>\n<p>Por su parte, el diputado Marcelo Feli\u00fa, titular de la Comisi\u00f3n de Asuntos Constitucionales y Justicia de la c\u00e1mara baja, resalt\u00f3 que es fundamental dejar en claro que la norma \u00abno obliga a nadie, sino que s\u00f3lo permite una libre elecci\u00f3n\u00bb, y destac\u00f3 que \u00absi alguien decide algo distinto a lo que esta ley habilita, est\u00e1 en todo su derecho y se le garantiza esa elecci\u00f3n\u00bb.<\/p>\n<p>El derecho incorporado establece que \u00abel paciente que presente una enfermedad irreversible, incurable o se encuentre en estado terminal, o haya sufrido lesiones que lo coloquen en igual situaci\u00f3n, informado en forma fehaciente, tiene el derecho a manifestar su voluntad en cuanto al rechazo de procedimientos quir\u00fargicos, de reanimaci\u00f3n artificial o al retiro de medidas de soporte vital cuando sean extraordinarias o desproporcionadas en relaci\u00f3n con la perspectiva de mejor\u00eda, o produzcan un sufrimiento desmesurado\u201d.<\/p>\n<p>Asimismo, considera v\u00e1lida la manifestaci\u00f3n de voluntad de toda persona capaz, realizada en instrumento p\u00fablico y ante un escribano de registro o juez competente en la que manifieste su voluntad en cuanto al rechazo de procedimientos quir\u00fargicos y\/o de reanimaci\u00f3n artificial, en caso de que en un futuro le acontecieran los supuestos descriptos.<\/p>\n<p>&nbsp;<\/p>\n<p>&nbsp;<\/p>\n<p>&nbsp;<\/p>\n<p>&nbsp;<\/p>\n<p>&nbsp;<\/p>\n<p>&nbsp;<\/p>\n<p>&nbsp;<\/p>\n<p>&nbsp;<\/p>\n<p>&nbsp;<\/p>\n<p>&nbsp;<\/p>\n<p>&nbsp;<\/p>\n<p>&nbsp;<\/p>\n<p>&nbsp;<\/p>\n<p>&nbsp;<\/p>\n<p>&nbsp;<\/p>\n<p>&nbsp;<\/p>\n<p>&nbsp;<\/p>\n<p>&nbsp;<\/p>\n<p>&nbsp;<\/p>\n<p>&nbsp;<\/p>\n<p>&nbsp;<\/p>\n<p>&nbsp;<\/p>\n<p>&nbsp;<\/p>\n<p>&nbsp;<\/p>\n","protected":false},"excerpt":{"rendered":"<p>El gobernador Daniel Scioli promulg\u00f3 la Ley de Muerte Digna que permitir\u00e1 a los enfermos terminales rechazar tratamientos que no sirvan para mejorar su estado de salud. La normativa impulsada por el diputado Marcelo Feli\u00fa (FpV-PJ) y aprobada por unanimidad en ambas c\u00e1maras, tendr\u00e1 al ministerio de Salud de la Provincia como autoridad de aplicaci\u00f3n.<\/p>\n","protected":false},"author":4,"featured_media":0,"comment_status":"open","ping_status":"open","sticky":false,"template":"","format":"standard","meta":{"_jetpack_newsletter_access":"","_jetpack_dont_email_post_to_subs":false,"_jetpack_newsletter_tier_id":0,"_jetpack_memberships_contains_paywalled_content":false,"_jetpack_memberships_contains_paid_content":false,"footnotes":""},"categories":[1],"tags":[],"class_list":["post-14389","post","type-post","status-publish","format-standard","hentry","category-sociedad"],"jetpack_featured_media_url":"","jetpack_shortlink":"https:\/\/wp.me\/p2JWE0-3K5","jetpack-related-posts":[{"id":119583,"url":"https:\/\/www.24baires.com\/?p=119583","url_meta":{"origin":14389,"position":0},"title":"Diputados dio media sanci\u00f3n al proyecto de ley de Alcohol Cero al volante","author":"GB","date":"25\/11\/2022","format":false,"excerpt":"Ahora pasar\u00e1 al Senado nacional y en caso de ser aprobado esperar\u00e1 la promulgaci\u00f3n por parte del Ejecutivo. En Mar del Plata y otros casi 50 municipios del pa\u00eds ya rige este l\u00edmite m\u00e1ximo para los conductores. C\u00e1mara de Diputados de la Naci\u00f3n dio media sanci\u00f3n al proyecto de ley\u2026","rel":"","context":"En \u00abSociedad\u00bb","block_context":{"text":"Sociedad","link":"https:\/\/www.24baires.com\/?cat=1"},"img":{"alt_text":"","src":"https:\/\/i0.wp.com\/www.24baires.com\/wp-content\/uploads\/2013\/09\/control-alcoholemia.jpg?resize=350%2C200","width":350,"height":200,"srcset":"https:\/\/i0.wp.com\/www.24baires.com\/wp-content\/uploads\/2013\/09\/control-alcoholemia.jpg?resize=350%2C200 1x, https:\/\/i0.wp.com\/www.24baires.com\/wp-content\/uploads\/2013\/09\/control-alcoholemia.jpg?resize=525%2C300 1.5x, https:\/\/i0.wp.com\/www.24baires.com\/wp-content\/uploads\/2013\/09\/control-alcoholemia.jpg?resize=700%2C400 2x"},"classes":[]},{"id":8995,"url":"https:\/\/www.24baires.com\/?p=8995","url_meta":{"origin":14389,"position":1},"title":"El Senado le dio sanci\u00f3n definitiva a la Muerte Digna en la Provincia","author":"AF","date":"13\/12\/2012","format":false,"excerpt":"Un proyecto elaborado por el diputado del Frente para la Victoria-Partido Justicialista Marcelo Feli\u00fa sobre el derecho de los pacientes terminales a morir con dignidad se convirti\u00f3 en ley este jueves, luego de que el Senado le diera sanci\u00f3n definitiva, por unanimidad, tal cual ocurri\u00f3 con su tratamiento en la\u2026","rel":"","context":"En \u00abSociedad\u00bb","block_context":{"text":"Sociedad","link":"https:\/\/www.24baires.com\/?cat=1"},"img":{"alt_text":"","src":"","width":0,"height":0},"classes":[]},{"id":117594,"url":"https:\/\/www.24baires.com\/?p=117594","url_meta":{"origin":14389,"position":2},"title":"El Senado aprob\u00f3 el pedido de Provincia para empezar a negociar por vacunas","author":"GB","date":"19\/05\/2021","format":false,"excerpt":"Tras la sesi\u00f3n del d\u00eda de la fecha, la solicitud del Gobernador obtuvo la aprobaci\u00f3n de la c\u00e1mara alta y se convirti\u00f3 en ley. El Senado de la provincia de Buenos Aires aprob\u00f3 por unanimidad esta tarde la solicitud del gobernador Axel Kicillof para que el ejecutivo bonaerense est\u00e9 facultado\u2026","rel":"","context":"En \u00abProvincia\u00bb","block_context":{"text":"Provincia","link":"https:\/\/www.24baires.com\/?cat=40"},"img":{"alt_text":"","src":"https:\/\/i0.wp.com\/www.24baires.com\/wp-content\/uploads\/2021\/05\/la-vacuna-sinopharm-podria-producirse-argentina-300x225.jpg?resize=350%2C200","width":350,"height":200},"classes":[]},{"id":100161,"url":"https:\/\/www.24baires.com\/?p=100161","url_meta":{"origin":14389,"position":3},"title":"Luego de 13 a\u00f1os, la Provincia adhiri\u00f3 al D\u00eda Nacional del Derecho a la Identidad","author":"AF","date":"25\/01\/2018","format":false,"excerpt":"La provincia de Buenos Aires formaliz\u00f3 hoy su adhesi\u00f3n a la ley nacional 26.001, sancionada en 2005 y que estableci\u00f3 el 22 de octubre de cada a\u00f1o como D\u00eda Nacional del Derecho a la Identidad en conmemoraci\u00f3n al inicio de la lucha emprendida por las Abuelas de Plaza de Mayo.\u2026","rel":"","context":"En \u00abProvincia\u00bb","block_context":{"text":"Provincia","link":"https:\/\/www.24baires.com\/?cat=40"},"img":{"alt_text":"","src":"https:\/\/i0.wp.com\/www.24baires.com\/wp-content\/uploads\/2016\/10\/gobernaci%C3%B3n.jpg?resize=350%2C200","width":350,"height":200,"srcset":"https:\/\/i0.wp.com\/www.24baires.com\/wp-content\/uploads\/2016\/10\/gobernaci%C3%B3n.jpg?resize=350%2C200 1x, https:\/\/i0.wp.com\/www.24baires.com\/wp-content\/uploads\/2016\/10\/gobernaci%C3%B3n.jpg?resize=525%2C300 1.5x"},"classes":[]},{"id":4802,"url":"https:\/\/www.24baires.com\/?p=4802","url_meta":{"origin":14389,"position":4},"title":"La \u00abmuerte digna\u00bb ya tiene media sanci\u00f3n","author":"AF","date":"08\/11\/2012","format":false,"excerpt":"El proyecto de ley que ya fue girado al Senado se aprob\u00f3 en conjunto con la adhesi\u00f3n a la ley nacional 26.529 sobre derechos del paciente en relaci\u00f3n con los profesionales de la salud. \u201cCon esta iniciativa, estamos respetando la autonom\u00eda y la voluntad de cada persona para decidir sobre\u2026","rel":"","context":"En \u00abSociedad\u00bb","block_context":{"text":"Sociedad","link":"https:\/\/www.24baires.com\/?cat=1"},"img":{"alt_text":"","src":"","width":0,"height":0},"classes":[]},{"id":49573,"url":"https:\/\/www.24baires.com\/?p=49573","url_meta":{"origin":14389,"position":5},"title":"Avanzan los cambios a Ley de Fertilizaci\u00f3n Asistida","author":"GB","date":"09\/07\/2014","format":false,"excerpt":"La Comisi\u00f3n de Salud P\u00fablica de la C\u00e1mara de Diputados, dio dictamen favorable por unanimidad al proyecto legislativo del Senador Luciano Martini (FpV-PJ) que busca ampliar los criterios t\u00e9cnicos y el alcance de la normativa vigente, en concordancia con la ley nacional recientemente promulgada. La iniciativa que ya logr\u00f3 la\u2026","rel":"","context":"En \u00abPol\u00edtica\u00bb","block_context":{"text":"Pol\u00edtica","link":"https:\/\/www.24baires.com\/?cat=51"},"img":{"alt_text":"","src":"","width":0,"height":0},"classes":[]}],"jetpack_sharing_enabled":true,"jetpack_likes_enabled":true,"_links":{"self":[{"href":"https:\/\/www.24baires.com\/index.php?rest_route=\/wp\/v2\/posts\/14389","targetHints":{"allow":["GET"]}}],"collection":[{"href":"https:\/\/www.24baires.com\/index.php?rest_route=\/wp\/v2\/posts"}],"about":[{"href":"https:\/\/www.24baires.com\/index.php?rest_route=\/wp\/v2\/types\/post"}],"author":[{"embeddable":true,"href":"https:\/\/www.24baires.com\/index.php?rest_route=\/wp\/v2\/users\/4"}],"replies":[{"embeddable":true,"href":"https:\/\/www.24baires.com\/index.php?rest_route=%2Fwp%2Fv2%2Fcomments&post=14389"}],"version-history":[{"count":1,"href":"https:\/\/www.24baires.com\/index.php?rest_route=\/wp\/v2\/posts\/14389\/revisions"}],"predecessor-version":[{"id":14391,"href":"https:\/\/www.24baires.com\/index.php?rest_route=\/wp\/v2\/posts\/14389\/revisions\/14391"}],"wp:attachment":[{"href":"https:\/\/www.24baires.com\/index.php?rest_route=%2Fwp%2Fv2%2Fmedia&parent=14389"}],"wp:term":[{"taxonomy":"category","embeddable":true,"href":"https:\/\/www.24baires.com\/index.php?rest_route=%2Fwp%2Fv2%2Fcategories&post=14389"},{"taxonomy":"post_tag","embeddable":true,"href":"https:\/\/www.24baires.com\/index.php?rest_route=%2Fwp%2Fv2%2Ftags&post=14389"}],"curies":[{"name":"wp","href":"https:\/\/api.w.org\/{rel}","templated":true}]}}