{"id":14380,"date":"2013-02-02T09:30:55","date_gmt":"2013-02-02T12:30:55","guid":{"rendered":"http:\/\/www.24baires.com\/?p=14380"},"modified":"2013-02-02T12:06:29","modified_gmt":"2013-02-02T15:06:29","slug":"casal-recibio-a-agustina-la-adolescente-de-saladillo","status":"publish","type":"post","link":"https:\/\/www.24baires.com\/?p=14380","title":{"rendered":"Casal recibi\u00f3 a Agustina, la adolescente de Saladillo"},"content":{"rendered":"<p>El ministro de Justicia y Seguridad, Ricardo Casal, recibi\u00f3 este viernes a Agustina, la adolescente de 14 a\u00f1os quien fuera violentamente agredida y golpeada por un grupo de personas, en noviembre pasado, en la localidad de Saladillo.<!--more--><\/p>\n<p>Casal se mostr\u00f3 \u201cimpresionado por la fuerza de Agustina en su proceso de recuperaci\u00f3n\u201d, y encomend\u00f3 a los equipos de intervenci\u00f3n interdisciplinaria del Centro de Protecci\u00f3n de los Derechos de la V\u00edctima (CPV) continuar con la asistencia integral, acompa\u00f1amiento y contenci\u00f3n de la adolescente.<\/p>\n<p>La ni\u00f1a fue <a href=\"http:\/\/www.24baires.com\/sociedad\/14310-recibio-el-alta-agustina-la-adolescente-salvajemente-golpeada-en-saladillo\/\" target=\"_blank\">dada de alta<\/a> del hospital de Ni\u00f1os de La Plata en el que estaba internada desde la agresi\u00f3n, y este viernes se entrevist\u00f3 con el ministro, acompa\u00f1ada por su madre, quien coment\u00f3 al titular de la cartera de Justicia y Seguridad sobre el tratamiento ambulatorio que deber\u00e1 realizar.<\/p>\n<p>El ministro, adem\u00e1s, se comprometi\u00f3 \u201ca seguir de cerca el avance de causa judicial que investiga el hecho\u201d.<\/p>\n<p>&nbsp;<\/p>\n<p>&nbsp;<\/p>\n<p>&nbsp;<\/p>\n<p>&nbsp;<\/p>\n<p>&nbsp;<\/p>\n<p>&nbsp;<\/p>\n<p>&nbsp;<\/p>\n<p>&nbsp;<\/p>\n<p>&nbsp;<\/p>\n<p>&nbsp;<\/p>\n<p>&nbsp;<\/p>\n<p>&nbsp;<\/p>\n<p>&nbsp;<\/p>\n<p>&nbsp;<\/p>\n<p>&nbsp;<\/p>\n<p>&nbsp;<\/p>\n<p>&nbsp;<\/p>\n<p>&nbsp;<\/p>\n<p>&nbsp;<\/p>\n<p>&nbsp;<\/p>\n","protected":false},"excerpt":{"rendered":"<p>El ministro de Justicia y Seguridad, Ricardo Casal, recibi\u00f3 este viernes a Agustina, la adolescente de 14 a\u00f1os quien fuera violentamente agredida y golpeada por un grupo de personas, en noviembre pasado, en la localidad de Saladillo.<\/p>\n","protected":false},"author":4,"featured_media":0,"comment_status":"open","ping_status":"open","sticky":false,"template":"","format":"standard","meta":{"_jetpack_newsletter_access":"","_jetpack_dont_email_post_to_subs":false,"_jetpack_newsletter_tier_id":0,"_jetpack_memberships_contains_paywalled_content":false,"_jetpack_memberships_contains_paid_content":false,"footnotes":""},"categories":[1],"tags":[],"class_list":["post-14380","post","type-post","status-publish","format-standard","hentry","category-sociedad"],"jetpack_featured_media_url":"","jetpack_shortlink":"https:\/\/wp.me\/p2JWE0-3JW","jetpack-related-posts":[{"id":25158,"url":"https:\/\/www.24baires.com\/?p=25158","url_meta":{"origin":14380,"position":0},"title":"Motochorros asaltaron a la sobrina del ministro de Seguridad Ricardo Casal","author":"AF","date":"05\/06\/2013","format":false,"excerpt":"La familiar del responsable de la seguridad en la Provincia y su novio fueron abordados por motochorros. La Polic\u00eda persigui\u00f3 a los ladrones, pero debi\u00f3 replegarse porque le arrojaron piedras desde un asentamiento. Una sobrina del ministro de Justicia y Seguridad bonaerense, Ricardo Casal, fue asaltada junto a su novio\u2026","rel":"","context":"En \u00abPoliciales\u00bb","block_context":{"text":"Policiales","link":"https:\/\/www.24baires.com\/?cat=49"},"img":{"alt_text":"","src":"","width":0,"height":0},"classes":[]},{"id":16863,"url":"https:\/\/www.24baires.com\/?p=16863","url_meta":{"origin":14380,"position":1},"title":"Crear\u00e1n m\u00e1s escuelas de Polic\u00edas en los distritos de la Provincia","author":"AF","date":"27\/02\/2013","format":false,"excerpt":"Avanzan las gestiones para la creaci\u00f3n de escuelas policiales descentralizadas en todos los municipios de la provincia de Buenos Aires. El ministro de Seguridad y Justicia bonaerense Ricardo Casal, se reuni\u00f3 con los intendentes Marisa Fassi (Ca\u00f1uelas), Ra\u00fal Basualdo (San Miguel del Monte), Juan Carlos Gasparini (Roque P\u00e9rez), Juan Carlos\u2026","rel":"","context":"En \u00abSociedad\u00bb","block_context":{"text":"Sociedad","link":"https:\/\/www.24baires.com\/?cat=1"},"img":{"alt_text":"escuela de polic\u00eda","src":"https:\/\/i0.wp.com\/www.24baires.com\/wp-content\/uploads\/2013\/02\/escuela-de-polic%C3%ADa.jpeg?resize=350%2C200","width":350,"height":200},"classes":[]},{"id":57510,"url":"https:\/\/www.24baires.com\/?p=57510","url_meta":{"origin":14380,"position":2},"title":"Familiares de Marisol Oyhanart se reunieron con Granados","author":"GB","date":"21\/11\/2014","format":false,"excerpt":"La familia de la maestra asesinada en Saladillo sigue pidiendo justicia. El Minisitro de Seguridad recibi\u00f3 en La Plata a la familia y se comprometi\u00f3 a responder dentro de las facultades del Ministerio para esclarecer el homicidio. El Intendente Gorosito acompa\u00f1\u00f3 el reclamo. Este viernes, los hermanos de Marisol Oyhanart\u2026","rel":"","context":"En \u00abLocales\u00bb","block_context":{"text":"Locales","link":"https:\/\/www.24baires.com\/?cat=38"},"img":{"alt_text":"marisol","src":"https:\/\/i0.wp.com\/www.24baires.com\/wp-content\/uploads\/2014\/04\/marisol.jpg?resize=350%2C200","width":350,"height":200,"srcset":"https:\/\/i0.wp.com\/www.24baires.com\/wp-content\/uploads\/2014\/04\/marisol.jpg?resize=350%2C200 1x, https:\/\/i0.wp.com\/www.24baires.com\/wp-content\/uploads\/2014\/04\/marisol.jpg?resize=525%2C300 1.5x"},"classes":[]},{"id":19368,"url":"https:\/\/www.24baires.com\/?p=19368","url_meta":{"origin":14380,"position":3},"title":"Hac\u00eda la integraci\u00f3n: por primera vez en la historia de la Bonaerense hay una alumna trans","author":"AF","date":"26\/03\/2013","format":false,"excerpt":"Comenz\u00f3 a cursar en la Escuela de Polic\u00eda de Loma Negra desde el viernes cuando dio inicio el ciclo lectivo 2013. La noticia fue confirmad por el ministro de Seguridad y Justicia, Ricardo Casal. \u201cLo peor que podr\u00eda pasar es una actitud de discriminaci\u00f3n\u201d sostuvo el funcionario. Es una noticia\u2026","rel":"","context":"En \u00abSociedad\u00bb","block_context":{"text":"Sociedad","link":"https:\/\/www.24baires.com\/?cat=1"},"img":{"alt_text":"alumna trans bonaerense","src":"https:\/\/i0.wp.com\/www.24baires.com\/wp-content\/uploads\/2013\/03\/alumna-trans-bonaerense.jpg?resize=350%2C200","width":350,"height":200,"srcset":"https:\/\/i0.wp.com\/www.24baires.com\/wp-content\/uploads\/2013\/03\/alumna-trans-bonaerense.jpg?resize=350%2C200 1x, https:\/\/i0.wp.com\/www.24baires.com\/wp-content\/uploads\/2013\/03\/alumna-trans-bonaerense.jpg?resize=525%2C300 1.5x"},"classes":[]},{"id":14310,"url":"https:\/\/www.24baires.com\/?p=14310","url_meta":{"origin":14380,"position":4},"title":"Recibi\u00f3 el alta Agustina, la adolescente salvajemente golpeada en Saladillo","author":"AF","date":"01\/02\/2013","format":false,"excerpt":"La adolescente de 14 a\u00f1os que fue violada por un grupo de personas el 25 de noviembre pasado en Saladillo fue dada de alta del hospital de La Plata en el que estaba internada. El abogado de la familia asegur\u00f3 que la chica pudo identificar ante la Justicia a todos\u2026","rel":"","context":"En \u00abSociedad\u00bb","block_context":{"text":"Sociedad","link":"https:\/\/www.24baires.com\/?cat=1"},"img":{"alt_text":"Agustina Saladillo","src":"https:\/\/i0.wp.com\/www.24baires.com\/wp-content\/uploads\/2012\/12\/Agustina-Saladillo-300x193.jpg?resize=350%2C200","width":350,"height":200},"classes":[]},{"id":45198,"url":"https:\/\/www.24baires.com\/?p=45198","url_meta":{"origin":14380,"position":5},"title":"Marplatenses juntan 100 mil firmas para pedir la renuncia del ministro Casal","author":"AF","date":"03\/05\/2014","format":false,"excerpt":"MAR DEL PLATA.- A trav\u00e9s de las redes sociales, un grupo de vecinos de la ciudad balnearia busca reunir 100 mil adhesiones para pedir que el ministro de Justicia bonaerense, Ricardo Casal, abandone su cargo. La iniciativa se lanz\u00f3 d\u00edas atr\u00e1s bajo el nombre \u201c100 mil firmas en Mdq para\u2026","rel":"","context":"En \u00abProvincia\u00bb","block_context":{"text":"Provincia","link":"https:\/\/www.24baires.com\/?cat=40"},"img":{"alt_text":"CASAL 24 BAIRES small","src":"https:\/\/i0.wp.com\/www.24baires.com\/wp-content\/uploads\/2012\/12\/CASAL-24-BAIRES-small.jpg?resize=350%2C200","width":350,"height":200,"srcset":"https:\/\/i0.wp.com\/www.24baires.com\/wp-content\/uploads\/2012\/12\/CASAL-24-BAIRES-small.jpg?resize=350%2C200 1x, https:\/\/i0.wp.com\/www.24baires.com\/wp-content\/uploads\/2012\/12\/CASAL-24-BAIRES-small.jpg?resize=525%2C300 1.5x"},"classes":[]}],"jetpack_sharing_enabled":true,"jetpack_likes_enabled":true,"_links":{"self":[{"href":"https:\/\/www.24baires.com\/index.php?rest_route=\/wp\/v2\/posts\/14380","targetHints":{"allow":["GET"]}}],"collection":[{"href":"https:\/\/www.24baires.com\/index.php?rest_route=\/wp\/v2\/posts"}],"about":[{"href":"https:\/\/www.24baires.com\/index.php?rest_route=\/wp\/v2\/types\/post"}],"author":[{"embeddable":true,"href":"https:\/\/www.24baires.com\/index.php?rest_route=\/wp\/v2\/users\/4"}],"replies":[{"embeddable":true,"href":"https:\/\/www.24baires.com\/index.php?rest_route=%2Fwp%2Fv2%2Fcomments&post=14380"}],"version-history":[{"count":2,"href":"https:\/\/www.24baires.com\/index.php?rest_route=\/wp\/v2\/posts\/14380\/revisions"}],"predecessor-version":[{"id":14382,"href":"https:\/\/www.24baires.com\/index.php?rest_route=\/wp\/v2\/posts\/14380\/revisions\/14382"}],"wp:attachment":[{"href":"https:\/\/www.24baires.com\/index.php?rest_route=%2Fwp%2Fv2%2Fmedia&parent=14380"}],"wp:term":[{"taxonomy":"category","embeddable":true,"href":"https:\/\/www.24baires.com\/index.php?rest_route=%2Fwp%2Fv2%2Fcategories&post=14380"},{"taxonomy":"post_tag","embeddable":true,"href":"https:\/\/www.24baires.com\/index.php?rest_route=%2Fwp%2Fv2%2Ftags&post=14380"}],"curies":[{"name":"wp","href":"https:\/\/api.w.org\/{rel}","templated":true}]}}