{"id":14364,"date":"2013-02-02T10:58:41","date_gmt":"2013-02-02T13:58:41","guid":{"rendered":"http:\/\/www.24baires.com\/?p=14364"},"modified":"2013-02-02T10:58:41","modified_gmt":"2013-02-02T13:58:41","slug":"de-lucia-estamos-trabajando-para-darle-respuestas-al-sector","status":"publish","type":"post","link":"https:\/\/www.24baires.com\/?p=14364","title":{"rendered":"De Luc\u00eda: \u00abEstamos trabajando para darle respuestas al sector\u00bb"},"content":{"rendered":"<p><img data-recalc-dims=\"1\" loading=\"lazy\" decoding=\"async\" class=\"alignleft size-medium wp-image-4072\" alt=\"scioli de luc\u00eda\" src=\"https:\/\/i0.wp.com\/www.24baires.com\/wp-content\/uploads\/2012\/11\/scioli-de-luc%C3%ADa.jpg?resize=300%2C252\" width=\"300\" height=\"252\" srcset=\"https:\/\/i0.wp.com\/www.24baires.com\/wp-content\/uploads\/2012\/11\/scioli-de-luc%C3%ADa.jpg?resize=300%2C252&amp;ssl=1 300w, https:\/\/i0.wp.com\/www.24baires.com\/wp-content\/uploads\/2012\/11\/scioli-de-luc%C3%ADa.jpg?w=472&amp;ssl=1 472w\" sizes=\"auto, (max-width: 300px) 100vw, 300px\" \/>As\u00ed lo se\u00f1al\u00f3 la directora de Cultura y Educaci\u00f3n bonaerense, Nora de Luc\u00eda, qui\u00e9n adem\u00e1s se\u00f1al\u00f3 que el pr\u00f3ximo encuentro con los gremios ser\u00e1 el d\u00eda 8 de Febrero.<!--more--><br \/>\nDurante la reuni\u00f3n de gabinete que encabez\u00f3 el gobernador Daniel Scioli en la dependencia del Banco Provincia en Capital Federal, se hizo un repaso del estado de las negociaciones con los gremios docentes en el acuerdo paritario que se esta llevando adelante.<\/p>\n<p>Tras el encuentro, la directora de Cultura y Educaci\u00f3n bonaerense, Nora de Luc\u00eda, se\u00f1al\u00f3 \u201cel \u00e1mbito paritario es un logro de hace muchos a\u00f1os y nosotros desde la provincia, nos llena de orgullo tener esta discusi\u00f3n, realmente se va a seguir debatiendo en el marco de esta mesa paritaria\u00bb<\/p>\n<p>Por otra parte, la funcionaria indic\u00f3 \u00abEn la Provincia de Buenos Aires, tendremos una nueva reuni\u00f3n el d\u00eda 8 de Febrero y esa fecha es la discusi\u00f3n salarial, y ustedes saben que en el marco de nuestras posibilidades y con toda la responsabilidad que nos cabe al manejar la gesti\u00f3n de millones de bonaerenses, vamos a seguir trabajando en este tema para dar las respuestas que el sector no esta pidiendo\u201d<\/p>\n<p>&nbsp;<\/p>\n<p>&nbsp;<\/p>\n<p>&nbsp;<\/p>\n<p>&nbsp;<\/p>\n<p>&nbsp;<\/p>\n<p>&nbsp;<\/p>\n<p>&nbsp;<\/p>\n<p>&nbsp;<\/p>\n<p>&nbsp;<\/p>\n<p>&nbsp;<\/p>\n<p>&nbsp;<\/p>\n<p>&nbsp;<\/p>\n<p>&nbsp;<\/p>\n<p>&nbsp;<\/p>\n<p>&nbsp;<\/p>\n<p>&nbsp;<\/p>\n<p>&nbsp;<\/p>\n<p>&nbsp;<\/p>\n<p>&nbsp;<\/p>\n<p>&nbsp;<\/p>\n<p>&nbsp;<\/p>\n<p>&nbsp;<\/p>\n<p>&nbsp;<\/p>\n<p>&nbsp;<\/p>\n<p>&nbsp;<\/p>\n<p>&nbsp;<\/p>\n<p>&nbsp;<\/p>\n","protected":false},"excerpt":{"rendered":"<p>As\u00ed lo se\u00f1al\u00f3 la directora de Cultura y Educaci\u00f3n bonaerense, Nora de Luc\u00eda, qui\u00e9n adem\u00e1s se\u00f1al\u00f3 que el pr\u00f3ximo encuentro con los gremios ser\u00e1 el d\u00eda 8 de Febrero.<\/p>\n","protected":false},"author":4,"featured_media":0,"comment_status":"open","ping_status":"open","sticky":false,"template":"","format":"standard","meta":{"_jetpack_newsletter_access":"","_jetpack_dont_email_post_to_subs":false,"_jetpack_newsletter_tier_id":0,"_jetpack_memberships_contains_paywalled_content":false,"_jetpack_memberships_contains_paid_content":false,"footnotes":""},"categories":[1],"tags":[],"class_list":["post-14364","post","type-post","status-publish","format-standard","hentry","category-sociedad"],"jetpack_featured_media_url":"","jetpack_shortlink":"https:\/\/wp.me\/p2JWE0-3JG","jetpack-related-posts":[{"id":59872,"url":"https:\/\/www.24baires.com\/?p=59872","url_meta":{"origin":14364,"position":0},"title":"\u201cEn Educaci\u00f3n no nos tomamos vacaciones\u201d asegur\u00f3 Nora De Luc\u00eda","author":"Grupo Sierra","date":"10\/01\/2015","format":false,"excerpt":"La directora general de Cultura y Educaci\u00f3n de la Provincia, Nora De Lucia, manifest\u00f3 su optimismo sobre el normal inicio del ciclo lectivo que tendr\u00e1 lugar el pr\u00f3ximo 2 de marzo. La titular de la cartera educativa bonaerense manifest\u00f3 por Radio Provincia su satisfacci\u00f3n por los avances en la negociaci\u00f3n\u2026","rel":"","context":"En \u00abProvincia\u00bb","block_context":{"text":"Provincia","link":"https:\/\/www.24baires.com\/?cat=40"},"img":{"alt_text":"de lucia","src":"https:\/\/i0.wp.com\/www.24baires.com\/wp-content\/uploads\/2015\/01\/de-lucia.jpg?resize=350%2C200","width":350,"height":200,"srcset":"https:\/\/i0.wp.com\/www.24baires.com\/wp-content\/uploads\/2015\/01\/de-lucia.jpg?resize=350%2C200 1x, https:\/\/i0.wp.com\/www.24baires.com\/wp-content\/uploads\/2015\/01\/de-lucia.jpg?resize=525%2C300 1.5x"},"classes":[]},{"id":58572,"url":"https:\/\/www.24baires.com\/?p=58572","url_meta":{"origin":14364,"position":1},"title":"Se acerca una nueva reuni\u00f3n entre docentes y gobierno","author":"Grupo Sierra","date":"13\/12\/2014","format":false,"excerpt":"Provincia dispuso un cuarto intermedio. Los gremios fueron convocados para continuar con las negociaciones el pr\u00f3ximo 18 de diciembre. El Ministerio de Trabajo bonaerense convoc\u00f3 esta tarde a los gremios docentes a una reuni\u00f3n t\u00e9cnica para el 18 de diciembre a fin de continuar con las negociaciones paritarias que comenzaron\u2026","rel":"","context":"En \u00abProvincia\u00bb","block_context":{"text":"Provincia","link":"https:\/\/www.24baires.com\/?cat=40"},"img":{"alt_text":"scioli_docentes_270313_2_ef_70368","src":"https:\/\/i0.wp.com\/www.24baires.com\/wp-content\/uploads\/2013\/03\/scioli_docentes_270313_2_ef_70368.jpg?resize=350%2C200","width":350,"height":200,"srcset":"https:\/\/i0.wp.com\/www.24baires.com\/wp-content\/uploads\/2013\/03\/scioli_docentes_270313_2_ef_70368.jpg?resize=350%2C200 1x, https:\/\/i0.wp.com\/www.24baires.com\/wp-content\/uploads\/2013\/03\/scioli_docentes_270313_2_ef_70368.jpg?resize=525%2C300 1.5x"},"classes":[]},{"id":2977,"url":"https:\/\/www.24baires.com\/?p=2977","url_meta":{"origin":14364,"position":2},"title":"De Luc\u00eda, firme ante el paro Docente de hoy y ma\u00f1ana: \u00abNo hay posibilidades de abrir paritarias\u00bb","author":"AF","date":"23\/10\/2012","format":false,"excerpt":"La directora de Cultura y Educaci\u00f3n de la provincia de Buenos Aires, Nora de Luc\u00eda, cuestion\u00f3 con fiereza la decisi\u00f3n de los gremios bonaerenses de llevar adelante un paro por 48 horas: \"No hay posibilidades de abrir paritarias\u201d, enfatiz\u00f3. En tanto, Roberto Baradel de Suteba, adelant\u00f3 que marchar\u00e1n a la\u2026","rel":"","context":"En \u00abPol\u00edtica\u00bb","block_context":{"text":"Pol\u00edtica","link":"https:\/\/www.24baires.com\/?cat=51"},"img":{"alt_text":"","src":"https:\/\/i0.wp.com\/www.24baires.com\/wp-content\/uploads\/2012\/10\/de-luc%C3%ADa-mesa-300x198.jpg?resize=350%2C200","width":350,"height":200},"classes":[]},{"id":58249,"url":"https:\/\/www.24baires.com\/?p=58249","url_meta":{"origin":14364,"position":3},"title":"De Luc\u00eda asegur\u00f3 que \u00abNo hay aumento definido para docentes\u00bb","author":"AF","date":"07\/12\/2014","format":false,"excerpt":"La ministra de Educaci\u00f3n bonaerense Nora de Lucia afirm\u00f3 que \"no hay porcentaje de aumento definido porque se discute en la mesa paritaria con gremios\". Adem\u00e1s, destac\u00f3 que \u201cla perspectiva es abordar la negociaci\u00f3n con el tiempo necesario para tratar todos los temas\u201d. De Luc\u00eda dijo que \u201chay tres comisiones\u2026","rel":"","context":"En \u00abSociedad\u00bb","block_context":{"text":"Sociedad","link":"https:\/\/www.24baires.com\/?cat=1"},"img":{"alt_text":"Nora-de-Lucia","src":"https:\/\/i0.wp.com\/www.24baires.com\/wp-content\/uploads\/2014\/01\/Nora-de-Lucia.jpg?resize=350%2C200","width":350,"height":200,"srcset":"https:\/\/i0.wp.com\/www.24baires.com\/wp-content\/uploads\/2014\/01\/Nora-de-Lucia.jpg?resize=350%2C200 1x, https:\/\/i0.wp.com\/www.24baires.com\/wp-content\/uploads\/2014\/01\/Nora-de-Lucia.jpg?resize=525%2C300 1.5x"},"classes":[]},{"id":14328,"url":"https:\/\/www.24baires.com\/?p=14328","url_meta":{"origin":14364,"position":4},"title":"El Gobernador encabez\u00f3 reuni\u00f3n de gabinete con foco en la coparticipaci\u00f3n y las paritarias","author":"Grupo Sierra","date":"01\/02\/2013","format":false,"excerpt":"CABA.- Reci\u00e9n llegado de Italia, el gobernador bonaerense, Daniel Scioli lider\u00f3 la reuni\u00f3n de gabinete que se desarroll\u00f3 en la sede del Banco Provincia de Capital Federal.\u00a0Al finalizar la misma, el mandatario provincial asegur\u00f3 que el tema (de la coparticipaci\u00f3n) \"nunca dej\u00f3 de estar presente\" en su gesti\u00f3n. Tambi\u00e9n se\u2026","rel":"","context":"En \u00abProvincia\u00bb","block_context":{"text":"Provincia","link":"https:\/\/www.24baires.com\/?cat=40"},"img":{"alt_text":"","src":"","width":0,"height":0},"classes":[]},{"id":43077,"url":"https:\/\/www.24baires.com\/?p=43077","url_meta":{"origin":14364,"position":5},"title":"Nora De Luc\u00eda asegur\u00f3 que se van a recuperar los contenidos perdidos por el paro","author":"Grupo Sierra","date":"31\/03\/2014","format":false,"excerpt":"La directora general de Cultura y Educaci\u00f3n bonaerense, Nora De Luc\u00eda, asegur\u00f3 hoy que \"se recuperar\u00e1n los contenidos y las jornadas perdidas por el paro\" docente que se extendi\u00f3 durante 17 d\u00edas, y anticip\u00f3 que desde el gobierno bonaerense propondr\u00e1n \"transformar en a\u00falicas\" las jornadas institucionales y de capacitaci\u00f3n provinciales.\u2026","rel":"","context":"En \u00abProvincia\u00bb","block_context":{"text":"Provincia","link":"https:\/\/www.24baires.com\/?cat=40"},"img":{"alt_text":"Nora-de-Lucia","src":"https:\/\/i0.wp.com\/www.24baires.com\/wp-content\/uploads\/2014\/01\/Nora-de-Lucia.jpg?resize=350%2C200","width":350,"height":200,"srcset":"https:\/\/i0.wp.com\/www.24baires.com\/wp-content\/uploads\/2014\/01\/Nora-de-Lucia.jpg?resize=350%2C200 1x, https:\/\/i0.wp.com\/www.24baires.com\/wp-content\/uploads\/2014\/01\/Nora-de-Lucia.jpg?resize=525%2C300 1.5x"},"classes":[]}],"jetpack_sharing_enabled":true,"jetpack_likes_enabled":true,"_links":{"self":[{"href":"https:\/\/www.24baires.com\/index.php?rest_route=\/wp\/v2\/posts\/14364","targetHints":{"allow":["GET"]}}],"collection":[{"href":"https:\/\/www.24baires.com\/index.php?rest_route=\/wp\/v2\/posts"}],"about":[{"href":"https:\/\/www.24baires.com\/index.php?rest_route=\/wp\/v2\/types\/post"}],"author":[{"embeddable":true,"href":"https:\/\/www.24baires.com\/index.php?rest_route=\/wp\/v2\/users\/4"}],"replies":[{"embeddable":true,"href":"https:\/\/www.24baires.com\/index.php?rest_route=%2Fwp%2Fv2%2Fcomments&post=14364"}],"version-history":[{"count":1,"href":"https:\/\/www.24baires.com\/index.php?rest_route=\/wp\/v2\/posts\/14364\/revisions"}],"predecessor-version":[{"id":14365,"href":"https:\/\/www.24baires.com\/index.php?rest_route=\/wp\/v2\/posts\/14364\/revisions\/14365"}],"wp:attachment":[{"href":"https:\/\/www.24baires.com\/index.php?rest_route=%2Fwp%2Fv2%2Fmedia&parent=14364"}],"wp:term":[{"taxonomy":"category","embeddable":true,"href":"https:\/\/www.24baires.com\/index.php?rest_route=%2Fwp%2Fv2%2Fcategories&post=14364"},{"taxonomy":"post_tag","embeddable":true,"href":"https:\/\/www.24baires.com\/index.php?rest_route=%2Fwp%2Fv2%2Ftags&post=14364"}],"curies":[{"name":"wp","href":"https:\/\/api.w.org\/{rel}","templated":true}]}}