{"id":14312,"date":"2013-02-01T13:47:56","date_gmt":"2013-02-01T16:47:56","guid":{"rendered":"http:\/\/www.24baires.com\/?p=14312"},"modified":"2013-02-01T15:07:12","modified_gmt":"2013-02-01T18:07:12","slug":"advierten-desde-el-hospital-de-ninos-sobre-la-falta-de-insumos-y-de-personal","status":"publish","type":"post","link":"https:\/\/www.24baires.com\/?p=14312","title":{"rendered":"Advierten desde el Hospital de Ni\u00f1os sobre la falta de insumos y de personal"},"content":{"rendered":"<p><strong>LA PLATA &#8211;<\/strong> M\u00e9dicos del nosocomio afirman que no es seguro realizar cirug\u00edas de complejidad y ese servicio anuncia un cierre casi total para marzo sino se resuelve la falta de personal.<!--more--><\/p>\n<p>Los m\u00e9dicos del Hospital de Ni\u00f1os salieron a alertar por la grave situaci\u00f3n del nosocomio, que no cuenta con el personal necesario ni con los insumos para realizar cirug\u00edas de complejidad de manera segura, as\u00ed como advirtieron por la situaci\u00f3n en marzo podr\u00eda cerrar el servicio de cirug\u00eda si antes no hay una respuesta.<\/p>\n<p>Seg\u00fan explicaron desde la Asociaci\u00f3n de Profesionales, \u201cen quir\u00f3fano no se pueden colocar cat\u00e9teres y realizar con seguridad las cirug\u00edas de complejidad; el servicio anuncia un cierre casi total para marzo sino se resuelve la falta de personal. El salario miserable que percibimos no atrae a nadie\u201d.<\/p>\n<p>Y denunciaron que \u201cun anestesista casi muere electrocutado por el mal mantenimiento de los aparatos\u201d.<\/p>\n<p>Entre los faltantes, se encuentran elementos b\u00e1sicos como frascos de urocultivo, camisolines, guantes, gasas, llave de 3 v\u00edas, c\u00e1nulas de aspiraci\u00f3n.<\/p>\n<p>En ese marco, los profesionales de la salud llaman a realizar un abrazo simb\u00f3lico del edificio de 14 entre 65 y 66 el mi\u00e9rcoles a las 11.<\/p>\n<p>&nbsp;<\/p>\n<p>&nbsp;<\/p>\n<p>&nbsp;<\/p>\n<p>&nbsp;<\/p>\n<p>&nbsp;<\/p>\n<p>&nbsp;<\/p>\n<p>&nbsp;<\/p>\n<p>&nbsp;<\/p>\n<p>&nbsp;<\/p>\n<p>&nbsp;<\/p>\n<p>&nbsp;<\/p>\n<p>&nbsp;<\/p>\n<p>&nbsp;<\/p>\n<p>&nbsp;<\/p>\n<p>&nbsp;<\/p>\n<p>&nbsp;<\/p>\n<p>&nbsp;<\/p>\n<p>&nbsp;<\/p>\n<p>&nbsp;<\/p>\n<p>&nbsp;<\/p>\n<p>&nbsp;<\/p>\n","protected":false},"excerpt":{"rendered":"<p>LA PLATA &#8211; M\u00e9dicos del nosocomio afirman que no es seguro realizar cirug\u00edas de complejidad y ese servicio anuncia un cierre casi total para marzo sino se resuelve la falta de personal.<\/p>\n","protected":false},"author":4,"featured_media":0,"comment_status":"open","ping_status":"open","sticky":false,"template":"","format":"standard","meta":{"_jetpack_newsletter_access":"","_jetpack_dont_email_post_to_subs":false,"_jetpack_newsletter_tier_id":0,"_jetpack_memberships_contains_paywalled_content":false,"_jetpack_memberships_contains_paid_content":false,"footnotes":""},"categories":[1],"tags":[],"class_list":["post-14312","post","type-post","status-publish","format-standard","hentry","category-sociedad"],"jetpack_featured_media_url":"","jetpack_shortlink":"https:\/\/wp.me\/p2JWE0-3IQ","jetpack-related-posts":[{"id":90919,"url":"https:\/\/www.24baires.com\/?p=90919","url_meta":{"origin":14312,"position":0},"title":"Crisis sanitaria en Olavarr\u00eda: suspendieron cirug\u00edas en el Hospital por falta de insumos","author":"GB","date":"20\/12\/2016","format":false,"excerpt":"Sindicatos y asociaciones de profesionales aseguran que la situaci\u00f3n del establecimiento comunal no puede realizar cirug\u00edas y posee paralizadas varias \u00e1reas por falta de financiamiento. Renunci\u00f3 un director y circul\u00f3 una circular interna que \u201cdesnud\u00f3\u201d la posici\u00f3n oficial. La gesti\u00f3n del intendente de Olavarr\u00eda, Ezequiel Galli, se encuentra envuelta en\u2026","rel":"","context":"En \u00abLocales\u00bb","block_context":{"text":"Locales","link":"https:\/\/www.24baires.com\/?cat=38"},"img":{"alt_text":"","src":"https:\/\/i0.wp.com\/www.24baires.com\/wp-content\/uploads\/2016\/12\/hospital-olavarria.jpg?resize=350%2C200","width":350,"height":200,"srcset":"https:\/\/i0.wp.com\/www.24baires.com\/wp-content\/uploads\/2016\/12\/hospital-olavarria.jpg?resize=350%2C200 1x, https:\/\/i0.wp.com\/www.24baires.com\/wp-content\/uploads\/2016\/12\/hospital-olavarria.jpg?resize=525%2C300 1.5x"},"classes":[]},{"id":107177,"url":"https:\/\/www.24baires.com\/?p=107177","url_meta":{"origin":14312,"position":1},"title":"Hospital de La Plata debi\u00f3 suspender cirug\u00edas por falta de insumos","author":"GB","date":"12\/03\/2019","format":false,"excerpt":"Faltan elementos para realizar las suturas como hilo, agujas y gasas. \"No est\u00e1n dadas las condiciones m\u00ednimas para hacer una operaci\u00f3n\", dijo el Vicepresidente de Cicop. En el Hospital Rossi de La Plata no hay agujas, hilos ni gasas para realizar las suturas. Es por eso que desde el lunes\u2026","rel":"","context":"En \u00abProvincia\u00bb","block_context":{"text":"Provincia","link":"https:\/\/www.24baires.com\/?cat=40"},"img":{"alt_text":"","src":"https:\/\/i0.wp.com\/www.24baires.com\/wp-content\/uploads\/2019\/03\/hospital-lp.jpg?resize=350%2C200","width":350,"height":200,"srcset":"https:\/\/i0.wp.com\/www.24baires.com\/wp-content\/uploads\/2019\/03\/hospital-lp.jpg?resize=350%2C200 1x, https:\/\/i0.wp.com\/www.24baires.com\/wp-content\/uploads\/2019\/03\/hospital-lp.jpg?resize=525%2C300 1.5x"},"classes":[]},{"id":24784,"url":"https:\/\/www.24baires.com\/?p=24784","url_meta":{"origin":14312,"position":2},"title":"El hospital de ni\u00f1os de Tandil recibir\u00e1 un subsidio de m\u00e1s de $1,5 millones","author":"AF","date":"31\/05\/2013","format":false,"excerpt":"Se trata del nosocomio \u201cDebilio Blanco Villegas\". Del acto participar\u00e1n el ministro de Salud, Juan Manzur y el titular de la ANSES, diego Bossio. El dinero se utilizar\u00e1 para reequipar su sala de terapia intensiva pedi\u00e1trica, personal, instrumental e insumos. El acto estar\u00e1 encabezado por Manzur; Bossio; el ministro de\u2026","rel":"","context":"En \u00abLocales\u00bb","block_context":{"text":"Locales","link":"https:\/\/www.24baires.com\/?cat=38"},"img":{"alt_text":"hospital ni\u00f1os tandil","src":"https:\/\/i0.wp.com\/www.24baires.com\/wp-content\/uploads\/2013\/05\/hospital-ni%C3%B1os-tandil.jpg?resize=350%2C200","width":350,"height":200,"srcset":"https:\/\/i0.wp.com\/www.24baires.com\/wp-content\/uploads\/2013\/05\/hospital-ni%C3%B1os-tandil.jpg?resize=350%2C200 1x, https:\/\/i0.wp.com\/www.24baires.com\/wp-content\/uploads\/2013\/05\/hospital-ni%C3%B1os-tandil.jpg?resize=525%2C300 1.5x"},"classes":[]},{"id":56112,"url":"https:\/\/www.24baires.com\/?p=56112","url_meta":{"origin":14312,"position":3},"title":"Collia arrinconado por los insumos hospitalarios","author":"Grupo Sierra","date":"27\/10\/2014","format":false,"excerpt":"El presidente del Bloque de Diputados del Frente Amplio Progresista (FAP), Marcelo D\u00edaz, pedir\u00e1 en el contexto de la visita del ministro de Salud Alejandro Collia a la Legislatura que el Gobierno bonaerense \u201cgarantice en un plazo no mayor de 90 d\u00edas el re equipamiento y los insumos de todos\u2026","rel":"","context":"En \u00abProvincia\u00bb","block_context":{"text":"Provincia","link":"https:\/\/www.24baires.com\/?cat=40"},"img":{"alt_text":"foto-medicos-hospital-de-ninos","src":"https:\/\/i0.wp.com\/www.24baires.com\/wp-content\/uploads\/2012\/11\/foto-medicos-hospital-de-ninos.jpg?resize=350%2C200","width":350,"height":200,"srcset":"https:\/\/i0.wp.com\/www.24baires.com\/wp-content\/uploads\/2012\/11\/foto-medicos-hospital-de-ninos.jpg?resize=350%2C200 1x, https:\/\/i0.wp.com\/www.24baires.com\/wp-content\/uploads\/2012\/11\/foto-medicos-hospital-de-ninos.jpg?resize=525%2C300 1.5x"},"classes":[]},{"id":30910,"url":"https:\/\/www.24baires.com\/?p=30910","url_meta":{"origin":14312,"position":4},"title":"Denuncian \u00abestado deplorable\u00bb del Hospital de Jun\u00edn","author":"AF","date":"28\/08\/2013","format":false,"excerpt":"La falta de calefacci\u00f3n, escasez de insumos, aparatolog\u00eda que no se puede usar y deficiencia en los servicios, son algunos de los reclamos que se advierten cada vez con m\u00e1s fuerza. Algunos datos del Hospital Interzonal General de Agudos (Higa) \u201cDr. Abraham F\u00e9lix Pi\u00f1eyro\u201d resultan asombrosos: ocupa un predio de\u2026","rel":"","context":"En \u00abLocales\u00bb","block_context":{"text":"Locales","link":"https:\/\/www.24baires.com\/?cat=38"},"img":{"alt_text":"hospital jun\u00edn","src":"https:\/\/i0.wp.com\/www.24baires.com\/wp-content\/uploads\/2013\/08\/hospital-jun%C3%ADn.jpg?resize=350%2C200","width":350,"height":200,"srcset":"https:\/\/i0.wp.com\/www.24baires.com\/wp-content\/uploads\/2013\/08\/hospital-jun%C3%ADn.jpg?resize=350%2C200 1x, https:\/\/i0.wp.com\/www.24baires.com\/wp-content\/uploads\/2013\/08\/hospital-jun%C3%ADn.jpg?resize=525%2C300 1.5x"},"classes":[]},{"id":102941,"url":"https:\/\/www.24baires.com\/?p=102941","url_meta":{"origin":14312,"position":5},"title":"Trabajadores del hospital El Cruce denuncian que les quitaron m\u00e1s del 40% del presupuesto","author":"GB","date":"22\/06\/2018","format":false,"excerpt":"El centro m\u00e9dico ubicado en Florencio Varela, inaugurado en 2017 y reconocido como uno de los cuatro mejores de Am\u00e9rica Latina en alta complejidad, proyect\u00f3 para su funcionamiento de este a\u00f1o $2574 millones, pero los gobiernos nacional y bonaerense s\u00f3lo otorgaron $1469 millones. \"Ahorren\", la sugerencia de la gesti\u00f3n de\u2026","rel":"","context":"En \u00abProvincia\u00bb","block_context":{"text":"Provincia","link":"https:\/\/www.24baires.com\/?cat=40"},"img":{"alt_text":"","src":"https:\/\/i0.wp.com\/www.24baires.com\/wp-content\/uploads\/2018\/06\/hospital-florencio-varela.jpg?resize=350%2C200","width":350,"height":200,"srcset":"https:\/\/i0.wp.com\/www.24baires.com\/wp-content\/uploads\/2018\/06\/hospital-florencio-varela.jpg?resize=350%2C200 1x, https:\/\/i0.wp.com\/www.24baires.com\/wp-content\/uploads\/2018\/06\/hospital-florencio-varela.jpg?resize=525%2C300 1.5x"},"classes":[]}],"jetpack_sharing_enabled":true,"jetpack_likes_enabled":true,"_links":{"self":[{"href":"https:\/\/www.24baires.com\/index.php?rest_route=\/wp\/v2\/posts\/14312","targetHints":{"allow":["GET"]}}],"collection":[{"href":"https:\/\/www.24baires.com\/index.php?rest_route=\/wp\/v2\/posts"}],"about":[{"href":"https:\/\/www.24baires.com\/index.php?rest_route=\/wp\/v2\/types\/post"}],"author":[{"embeddable":true,"href":"https:\/\/www.24baires.com\/index.php?rest_route=\/wp\/v2\/users\/4"}],"replies":[{"embeddable":true,"href":"https:\/\/www.24baires.com\/index.php?rest_route=%2Fwp%2Fv2%2Fcomments&post=14312"}],"version-history":[{"count":2,"href":"https:\/\/www.24baires.com\/index.php?rest_route=\/wp\/v2\/posts\/14312\/revisions"}],"predecessor-version":[{"id":14315,"href":"https:\/\/www.24baires.com\/index.php?rest_route=\/wp\/v2\/posts\/14312\/revisions\/14315"}],"wp:attachment":[{"href":"https:\/\/www.24baires.com\/index.php?rest_route=%2Fwp%2Fv2%2Fmedia&parent=14312"}],"wp:term":[{"taxonomy":"category","embeddable":true,"href":"https:\/\/www.24baires.com\/index.php?rest_route=%2Fwp%2Fv2%2Fcategories&post=14312"},{"taxonomy":"post_tag","embeddable":true,"href":"https:\/\/www.24baires.com\/index.php?rest_route=%2Fwp%2Fv2%2Ftags&post=14312"}],"curies":[{"name":"wp","href":"https:\/\/api.w.org\/{rel}","templated":true}]}}