{"id":14310,"date":"2013-02-01T18:44:18","date_gmt":"2013-02-01T21:44:18","guid":{"rendered":"http:\/\/www.24baires.com\/?p=14310"},"modified":"2013-02-01T14:59:41","modified_gmt":"2013-02-01T17:59:41","slug":"recibio-el-alta-agustina-la-adolescente-salvajemente-golpeada-en-saladillo","status":"publish","type":"post","link":"https:\/\/www.24baires.com\/?p=14310","title":{"rendered":"Recibi\u00f3 el alta Agustina, la adolescente salvajemente golpeada en Saladillo"},"content":{"rendered":"<p><img data-recalc-dims=\"1\" loading=\"lazy\" decoding=\"async\" class=\"alignleft size-medium wp-image-7471\" alt=\"Agustina Saladillo\" src=\"https:\/\/i0.wp.com\/www.24baires.com\/wp-content\/uploads\/2012\/12\/Agustina-Saladillo.jpg?resize=300%2C193\" width=\"300\" height=\"193\" srcset=\"https:\/\/i0.wp.com\/www.24baires.com\/wp-content\/uploads\/2012\/12\/Agustina-Saladillo.jpg?resize=300%2C193&amp;ssl=1 300w, https:\/\/i0.wp.com\/www.24baires.com\/wp-content\/uploads\/2012\/12\/Agustina-Saladillo.jpg?w=560&amp;ssl=1 560w\" sizes=\"auto, (max-width: 300px) 100vw, 300px\" \/>La adolescente de 14 a\u00f1os que fue violada por un grupo de personas el 25 de noviembre pasado en Saladillo fue dada de alta del hospital de La Plata en el que estaba internada. El abogado de la familia asegur\u00f3 que la chica pudo identificar ante la Justicia a todos los agresores -entre 9 y 10 personas-, dos de los cuales est\u00e1n detenidos con prisi\u00f3n preventiva.<!--more--><\/p>\n<p>La adolescente de 14 a\u00f1os que fue violada y golpeada por un grupo de personas el 25 de noviembre pasado en Saladillo fue dada de alta del hospital de La Plata en el que estaba internada y continuar\u00e1 con un tratamiento psicol\u00f3gico ambulatorio, informaron hoy fuentes m\u00e9dicas y el abogado de la familia.<\/p>\n<p>Julio C\u00e9sar Torrada, representante legal de la joven, asegur\u00f3 que durante su internaci\u00f3n la chica pudo identificar ante la Justicia a todos los agresores -entre 9 y 10 personas-, dos de los cuales est\u00e1n detenidos con prisi\u00f3n preventiva.<\/p>\n<p>La adolescente fue dada de alta en del hospital de Ni\u00f1os de La Plata y, seg\u00fan informaron fuentes del ministerio de Salud bonaerense, \u00absu estado de salud es estable y continuar\u00e1 con controles semanales en el hospital\u00bb.<\/p>\n<p>La m\u00e9dica que est\u00e1 a cargo del caso, Isabel Bosco, explic\u00f3 que \u00absu cuadro de salud es estable y de ahora en m\u00e1s requiere controles peri\u00f3dicos y asistencia regular para que vaya adapt\u00e1ndose a su medio nuevamente\u00bb.<\/p>\n<p>Bosco a\u00f1adi\u00f3 que \u00ablos controles deben hacerse a corto plazo porque tenemos que protegerla de cualquier cuadro que pueda surgir de ahora en m\u00e1s\u00bb.<\/p>\n<p>Al respecto, el abogado Torrada dijo que la joven \u00abpele\u00f3 brav\u00edamente contra la muerte en estos d\u00edas que estuvo internada\u00bb y que \u00able queda un largo camino de recuperaci\u00f3n en la faz psicol\u00f3gica\u00bb.<\/p>\n<p>El letrado resalt\u00f3 la \u00abentereza\u00bb que tuvo la adolescente, ya que \u00abhace veinticinco d\u00edas, cuando ya estaba en condiciones de hacerlo, se entrevist\u00f3 con el fiscal que se constituy\u00f3 en el hospital y le cont\u00f3 con lujo de detalles qui\u00e9nes hab\u00edan sido todas las personas que participaron de este hecho tan macabro y tan salvaje\u00bb.<\/p>\n<p>Seg\u00fan Torrada, los atacantes fueron entre 9 y 10 personas, que la joven individualiz\u00f3 y hasta aport\u00f3 sus hombres, apellidos y apodos, entre ellos dos j\u00f3venes que est\u00e1n con prisi\u00f3n preventiva.<\/p>\n<p>Entre las nombradas hay otra adolescente que, seg\u00fan el letrado, fue quien la invit\u00f3 a salir, la llev\u00f3 primero hasta la plaza donde fue atacada, luego la entreg\u00f3 y tambi\u00e9n la agredi\u00f3.<\/p>\n<p>Sobre los dos detenidos, Torrada dijo que \u00abse ha acreditado que han participado del abuso sexual con acceso carnal de la menor y tambi\u00e9n tienen la imputaci\u00f3n de la tentativa de homicidio. Tambi\u00e9n hay otras personas que la han golpeado y estamos tratando de determinar con las pericias pendientes si alguno m\u00e1s form\u00f3 parte del abuso\u00bb.<\/p>\n<p>\u201cDe la golpiza pr\u00e1cticamente formaron parte todos -a\u00f1adi\u00f3-, en el escenario del hecho est\u00e1 acreditado que hubo alcohol y drogas, creo que es un c\u00f3ctel muy explosivo y muy peligroso como para que la Justicia se siga demorando en tomar medidas con respecto a estas personas\u00bb.<\/p>\n<p>El letrado dijo que el ataque fue \u00abplaneado\u00bb el d\u00eda anterior, el 23 de noviembre, en el velatorio de Marcos Gorosito, un joven que se suicido, hecho por el cual sus amigos culparon a la adolescente.<\/p>\n<p>\u00abElla le cont\u00f3 al fiscal que cuando le comenzaron a pegar todo el tiempo le dec\u00edan que esto le pasaba por la muerte del se\u00f1or Gorosito, le enrostraban el suicidio de Gorosito. El perito que designamos para que la revisara encontr\u00f3 entre 25 y 30 patadas en su zona genital, la intenci\u00f3n deliberada era matarla; es m\u00e1s, la dejaron creyendo que hab\u00eda muerto\u00bb, expres\u00f3.<\/p>\n<p>Sobre el estado de la adolescente, el letrado dijo que \u00abtiene mucho miedo de que le pase de nuevo, tiene muchas reminiscencias de lo que pas\u00f3, es un hecho de revictimizaci\u00f3n volver a un lugar donde se va a encontrar con los agresores caminando tranquilamente por la calle\u00bb.<\/p>\n<p>Por el momento, se encuentran detenidos por el ataque el carnicero Juan Cruz Lojo (26) y Eduardo \u00abPato\u00bb Morales (23), acusados de ser coautores de \u00ababuso sexual con acceso carnal y tentativa de homicidio\u00bb.<\/p>\n<p>El hecho ocurri\u00f3 la madrugada del 25 de noviembre, cuando una amiga de 15 a\u00f1os invit\u00f3 a la adolescente a pasar la noche con un grupo de j\u00f3venes en el Parque Rep\u00fablica de Italia, de Saladillo, en lo que la Justicia cree que fue una emboscada.<\/p>\n<p>&nbsp;<\/p>\n<p>&nbsp;<\/p>\n<p>&nbsp;<\/p>\n<p>&nbsp;<\/p>\n<p>&nbsp;<\/p>\n<p>&nbsp;<\/p>\n<p>&nbsp;<\/p>\n<p>&nbsp;<\/p>\n<p>&nbsp;<\/p>\n<p>&nbsp;<\/p>\n<p>&nbsp;<\/p>\n<p>&nbsp;<\/p>\n<p>&nbsp;<\/p>\n<p>&nbsp;<\/p>\n<p>&nbsp;<\/p>\n<p>&nbsp;<\/p>\n<p>&nbsp;<\/p>\n<p>&nbsp;<\/p>\n<p>&nbsp;<\/p>\n<p>&nbsp;<\/p>\n","protected":false},"excerpt":{"rendered":"<p>La adolescente de 14 a\u00f1os que fue violada por un grupo de personas el 25 de noviembre pasado en Saladillo fue dada de alta del hospital de La Plata en el que estaba internada. El abogado de la familia asegur\u00f3 que la chica pudo identificar ante la Justicia a todos los agresores -entre 9 y 10 personas-, dos de los [&#8230;]<\/p>\n","protected":false},"author":4,"featured_media":0,"comment_status":"open","ping_status":"open","sticky":false,"template":"","format":"standard","meta":{"_jetpack_newsletter_access":"","_jetpack_dont_email_post_to_subs":false,"_jetpack_newsletter_tier_id":0,"_jetpack_memberships_contains_paywalled_content":false,"_jetpack_memberships_contains_paid_content":false,"footnotes":""},"categories":[1],"tags":[],"class_list":["post-14310","post","type-post","status-publish","format-standard","hentry","category-sociedad"],"jetpack_featured_media_url":"","jetpack_shortlink":"https:\/\/wp.me\/p2JWE0-3IO","jetpack-related-posts":[{"id":10140,"url":"https:\/\/www.24baires.com\/?p=10140","url_meta":{"origin":14310,"position":0},"title":"La chica golpeada y violada en Saladillo se\u00f1al\u00f3 a una entregadora y dio detalles al fiscal","author":"Grupo Sierra","date":"22\/12\/2012","format":false,"excerpt":"La joven de 14 a\u00f1os que fue golpeada, violada y que permanece internada en el Hospital de Ni\u00f1os de La Plata, declar\u00f3 que \"una amiga fue la entregadora y que la golpe\u00f3 junto a otros atacantes\". El letrado que representa a la familia de la adolescente dijo esta ma\u00f1ana que\u2026","rel":"","context":"En \u00abPoliciales\u00bb","block_context":{"text":"Policiales","link":"https:\/\/www.24baires.com\/?cat=49"},"img":{"alt_text":"","src":"","width":0,"height":0},"classes":[]},{"id":14380,"url":"https:\/\/www.24baires.com\/?p=14380","url_meta":{"origin":14310,"position":1},"title":"Casal recibi\u00f3 a Agustina, la adolescente de Saladillo","author":"AF","date":"02\/02\/2013","format":false,"excerpt":"El ministro de Justicia y Seguridad, Ricardo Casal, recibi\u00f3 este viernes a Agustina, la adolescente de 14 a\u00f1os quien fuera violentamente agredida y golpeada por un grupo de personas, en noviembre pasado, en la localidad de Saladillo. Casal se mostr\u00f3 \u201cimpresionado por la fuerza de Agustina en su proceso de\u2026","rel":"","context":"En \u00abSociedad\u00bb","block_context":{"text":"Sociedad","link":"https:\/\/www.24baires.com\/?cat=1"},"img":{"alt_text":"","src":"","width":0,"height":0},"classes":[]},{"id":10749,"url":"https:\/\/www.24baires.com\/?p=10749","url_meta":{"origin":14310,"position":2},"title":"Saladillo: los agresores de Agustina habr\u00edan estado drogados durante el brutal ataque","author":"AF","date":"29\/12\/2012","format":false,"excerpt":"Los j\u00f3venes que atacaron a una adolescente de 14 a\u00f1os el 24 de noviembre \u00faltimo en la ciudad bonaerense de Saladillo, donde fue hallada con signos de haber sido violada, estaban bajo el efecto de \"drogas\", denunci\u00f3 el abogado de la v\u00edctima, Julio Torrada. El letrado calific\u00f3 como \"chacales\" a\u2026","rel":"","context":"En \u00abPoliciales\u00bb","block_context":{"text":"Policiales","link":"https:\/\/www.24baires.com\/?cat=49"},"img":{"alt_text":"","src":"","width":0,"height":0},"classes":[]},{"id":6918,"url":"https:\/\/www.24baires.com\/?p=6918","url_meta":{"origin":14310,"position":3},"title":"Marchan en Saladillo por el caso de una chica brutalmente golpeada y abusada","author":"Grupo Sierra","date":"26\/11\/2012","format":false,"excerpt":"Una chica de 14 a\u00f1os fue violada y brutalmente golpeada en Saladillo y actualmente se encuentra internada en estado cr\u00edtico en el Hospital Posadas de esa localidad. Familiares y amigos convocan a una marcha para esta noche frente al Municipio.\u00a0 La peque\u00f1a habr\u00eda sido abusada por lo menos por dos\u2026","rel":"","context":"En \u00abPoliciales\u00bb","block_context":{"text":"Policiales","link":"https:\/\/www.24baires.com\/?cat=49"},"img":{"alt_text":"","src":"","width":0,"height":0},"classes":[]},{"id":10934,"url":"https:\/\/www.24baires.com\/?p=10934","url_meta":{"origin":14310,"position":4},"title":"\u00abNo tengo miedo y tampoco dudo en volver a Saladillo\u00bb, asegur\u00f3 Agustina","author":"AF","date":"02\/01\/2013","format":false,"excerpt":"Agustina Gim\u00e9nez, la adolescente que fue atacada en la ciudad bonaerense de Saladillo a fines de noviembre, contin\u00faa recuper\u00e1ndose en el Hospital de Ni\u00f1os de La Plata. Sentada en su cama de terapia intermedia confes\u00f3: \"Me estoy recuperando de a poco. Hoy empec\u00e9 a caminar\". Por otra parte, el abogado\u2026","rel":"","context":"En \u00abSociedad\u00bb","block_context":{"text":"Sociedad","link":"https:\/\/www.24baires.com\/?cat=1"},"img":{"alt_text":"","src":"","width":0,"height":0},"classes":[]},{"id":8387,"url":"https:\/\/www.24baires.com\/?p=8387","url_meta":{"origin":14310,"position":5},"title":"Mejora la menor golpeada y abusada en Saladillo","author":"Grupo Sierra","date":"08\/12\/2012","format":false,"excerpt":"La madre dela joven cont\u00f3 que \"cl\u00ednicamente est\u00e1 en condiciones de pasar a una terapia intermedia, pero lo m\u00e1s preocupante es la parte neurol\u00f3gica y psicol\u00f3gica porque todav\u00eda no habla, no abre los ojos, no se ha comunicado, no tiene una reacci\u00f3n normal\". Por el hecho, hay cinco j\u00f3venes detenidos,\u2026","rel":"","context":"En \u00abPoliciales\u00bb","block_context":{"text":"Policiales","link":"https:\/\/www.24baires.com\/?cat=49"},"img":{"alt_text":"","src":"","width":0,"height":0},"classes":[]}],"jetpack_sharing_enabled":true,"jetpack_likes_enabled":true,"_links":{"self":[{"href":"https:\/\/www.24baires.com\/index.php?rest_route=\/wp\/v2\/posts\/14310","targetHints":{"allow":["GET"]}}],"collection":[{"href":"https:\/\/www.24baires.com\/index.php?rest_route=\/wp\/v2\/posts"}],"about":[{"href":"https:\/\/www.24baires.com\/index.php?rest_route=\/wp\/v2\/types\/post"}],"author":[{"embeddable":true,"href":"https:\/\/www.24baires.com\/index.php?rest_route=\/wp\/v2\/users\/4"}],"replies":[{"embeddable":true,"href":"https:\/\/www.24baires.com\/index.php?rest_route=%2Fwp%2Fv2%2Fcomments&post=14310"}],"version-history":[{"count":1,"href":"https:\/\/www.24baires.com\/index.php?rest_route=\/wp\/v2\/posts\/14310\/revisions"}],"predecessor-version":[{"id":14311,"href":"https:\/\/www.24baires.com\/index.php?rest_route=\/wp\/v2\/posts\/14310\/revisions\/14311"}],"wp:attachment":[{"href":"https:\/\/www.24baires.com\/index.php?rest_route=%2Fwp%2Fv2%2Fmedia&parent=14310"}],"wp:term":[{"taxonomy":"category","embeddable":true,"href":"https:\/\/www.24baires.com\/index.php?rest_route=%2Fwp%2Fv2%2Fcategories&post=14310"},{"taxonomy":"post_tag","embeddable":true,"href":"https:\/\/www.24baires.com\/index.php?rest_route=%2Fwp%2Fv2%2Ftags&post=14310"}],"curies":[{"name":"wp","href":"https:\/\/api.w.org\/{rel}","templated":true}]}}