{"id":14307,"date":"2013-02-01T17:37:06","date_gmt":"2013-02-01T20:37:06","guid":{"rendered":"http:\/\/www.24baires.com\/?p=14307"},"modified":"2013-02-01T14:55:11","modified_gmt":"2013-02-01T17:55:11","slug":"trimarco-reitero-el-pedido-de-jury-a-los-jueces-del-caso-marita-veron","status":"publish","type":"post","link":"https:\/\/www.24baires.com\/?p=14307","title":{"rendered":"Susana Trimarco reiter\u00f3 el pedido de Jury a los Jueces del caso Marita Ver\u00f3n"},"content":{"rendered":"<p>Susana Trimarco dijo que pedir\u00e1 la destituci\u00f3n de los jueces de Tucum\u00e1n que absolvieron a los 13 imputados en el juicio por la desaparici\u00f3n de su hija, Marita Ver\u00f3n, y denunci\u00f3 que la amenazaron con \u00absecuestrar y matar\u00bb a su nieta Micaela.<!--more--><\/p>\n<p>\u00abEstoy tan acostumbrada a las amenazas que no le tengo miedo a nadie. Que me maten si quieren, yo no me voy a callar, pero no quiero que le pase algo a ella\u00bb, se\u00f1al\u00f3 en rueda de prensa la madre de la joven secuestrada en la capital tucumana cuando ten\u00eda 23 a\u00f1os, y su hija 3, mientras se dirig\u00eda a una cl\u00ednica.<\/p>\n<p>\u00abAparte de ser una criatura inocente\u00bb, a Micaela \u00able arrancaron su madre y ning\u00fan ciudadano merece estas apretadas que me siguen haciendo\u00bb, agreg\u00f3.<\/p>\n<p>La madre de Mar\u00eda de los Angeles Ver\u00f3n (Marita) reiter\u00f3 que recibe amenazas desde hace mucho tiempo. \u00abSi no me call\u00e9 en los \u00faltimos 10 a\u00f1os, menos lo har\u00e9 ahora porque quiero que me devuelvan a mi hija, ese es el objetivo\u00bb, sostuvo.<\/p>\n<p>\u00abNo debemos permitir que los corruptos sigan manejando la vida de los tucumanos\u00bb, insisti\u00f3 Trimarco y resalt\u00f3 que \u00abcomo dijo la presidente Cristina Fern\u00e1ndez de Kirchner, esta es la oportunidad para sacar toda la mafia que est\u00e1 en Tucum\u00e1n y quede la buena gente\u00bb.<\/p>\n<p>Trimarco lleg\u00f3 esta ma\u00f1ana a la Legislatura provincial, acompa\u00f1ada por el abogado Carlos Garmendia, para ratificar y ampliar el pedido de destituci\u00f3n contra los tres magistrados del tribunal de la sala II de la C\u00e1mara Penal.<\/p>\n<p>La presentaci\u00f3n se hizo contra los jueces Alberto Piedrabuena, Emilio Herrera Molina y Eduardo Romero Lascano, qui\u00e9nes absolvieron a los 13 imputados en el juicio por la desaparici\u00f3n de Marita, con un fallo que conmocion\u00f3 al pa\u00eds, el 11 de diciembre \u00faltimo.<\/p>\n<p>Garmendia explic\u00f3 que luego de estudiar en profundidad la sentencia, que no hab\u00eda sido dada a conocer cuando iniciaron el proceso en diciembre, decidieron profundizar la denuncia e incluir las irregularidades observadas en los fundamentos del fallo.<\/p>\n<p>\u00abNos dimos cuenta de que la sentencia termina siendo la consecuencia directa de la actuaci\u00f3n del tribunal que, desde nuestro punto de vista, tuvo la decisi\u00f3n previa de absolver a todos los imputados\u00bb, se\u00f1al\u00f3.<\/p>\n<p>Trimarco , en tanto, reiter\u00f3 su decisi\u00f3n de seguir luchando para saber qu\u00e9 ocurri\u00f3 con su hija y que los culpables sean castigados.<\/p>\n<p>\u00abVamos a hacer todo lo que debamos hacer y llegar hasta donde debamos llegar, porque si nos ponen paredes en el medio, las vamos a voltear\u00bb, afirm\u00f3 Trimarco, responsable de la Fundaci\u00f3n Mar\u00eda de Los Angeles, que lucha contra la trata de personas.<\/p>\n<p>En la tenaz b\u00fasqueda de Marita, Trimarco recorri\u00f3 prost\u00edbulos, whisquer\u00edas y locales nocturnos del pa\u00eds siguiendo datos que le transmit\u00edan chicas que trabajaban en esos lugares, de los que con su propia investigaci\u00f3n logr\u00f3 rescatar a muchas v\u00edctimas de trata. Pero nunca encontr\u00f3 a Marita.<\/p>\n<p>Muchas de esas j\u00f3venes, que aseguran haber visto a Marita cautiva, dieros sus testimonios en el juicio iniciado en febrero de 2012, que culmin\u00f3 con la absoluci\u00f3n de todos los imputados.<\/p>\n<p>Hace pocos d\u00edas, relat\u00f3, estuvieron en Tucum\u00e1n representantes de la Corte Interamericana y de otros organismos internacionales. \u00abVinieron a apoyarme y est\u00e1n esperando c\u00f3mo va a seguir este proceso a partir de hoy\u00bb, explic\u00f3.<\/p>\n<p>\u00abYo les dije que es una verg\u00fcenza lo que hicieron estos jueces y que este fallo no va a quedar as\u00ed, porque conf\u00edo que la Legislatura provincial haga justicia\u00bb, agreg\u00f3.<\/p>\n<p>La ratificaci\u00f3n del pedido de destituci\u00f3n \u00ablo hacemos por todos los delitos que cometieron durante el juicio, por la falta de respeto, los insultos y el mal trato a la v\u00edctimas que declararon y hacia mi persona\u00bb, precis\u00f3 Trimarco.<\/p>\n<p>\u00abQue nadie toque a las chicas que fueron testigos en la causa porque ellas son las nuevas hijas que tengo, y las fuerzas nacionales e internacionales tienen los ojos puestos en esta provincia\u00bb, advirti\u00f3.<\/p>\n<p>Garmendia adelant\u00f3 que el lunes presentar\u00e1n el recurso de Casaci\u00f3n contra el fallo que absolvi\u00f3 a todos los imputados en el juicio.<\/p>\n<p>&nbsp;<\/p>\n<p>&nbsp;<\/p>\n<p>&nbsp;<\/p>\n<p>&nbsp;<\/p>\n<p>&nbsp;<\/p>\n<p>&nbsp;<\/p>\n<p>&nbsp;<\/p>\n<p>&nbsp;<\/p>\n<p>&nbsp;<\/p>\n<p>&nbsp;<\/p>\n<p>&nbsp;<\/p>\n<p>&nbsp;<\/p>\n<p>&nbsp;<\/p>\n<p>&nbsp;<\/p>\n<p>&nbsp;<\/p>\n<p>&nbsp;<\/p>\n<p>&nbsp;<\/p>\n<p>&nbsp;<\/p>\n<p>&nbsp;<\/p>\n<p>&nbsp;<\/p>\n<p>&nbsp;<\/p>\n<p>&nbsp;<\/p>\n<p>&nbsp;<\/p>\n<p>&nbsp;<\/p>\n","protected":false},"excerpt":{"rendered":"<p>Susana Trimarco dijo que pedir\u00e1 la destituci\u00f3n de los jueces de Tucum\u00e1n que absolvieron a los 13 imputados en el juicio por la desaparici\u00f3n de su hija, Marita Ver\u00f3n, y denunci\u00f3 que la amenazaron con \u00absecuestrar y matar\u00bb a su nieta Micaela.<\/p>\n","protected":false},"author":4,"featured_media":0,"comment_status":"open","ping_status":"open","sticky":false,"template":"","format":"standard","meta":{"_jetpack_newsletter_access":"","_jetpack_dont_email_post_to_subs":false,"_jetpack_newsletter_tier_id":0,"_jetpack_memberships_contains_paywalled_content":false,"_jetpack_memberships_contains_paid_content":false,"footnotes":""},"categories":[1],"tags":[],"class_list":["post-14307","post","type-post","status-publish","format-standard","hentry","category-sociedad"],"jetpack_featured_media_url":"","jetpack_shortlink":"https:\/\/wp.me\/p2JWE0-3IL","jetpack-related-posts":[{"id":17419,"url":"https:\/\/www.24baires.com\/?p=17419","url_meta":{"origin":14307,"position":0},"title":"Trimarco: \u00abQue el pueblo elija, que estos sinverg\u00fcenzas presenten sus curr\u00edculums\u00bb","author":"AF","date":"04\/03\/2013","format":false,"excerpt":"Susana Trimarco, la madre de Mar\u00eda de los Angeles \"Marita\" Ver\u00f3n, se refiri\u00f3 al discurso de la Presidenta ante la Asamblea Legislativa y asegur\u00f3 que el pedido de democratizar la Justicia \"era lo que quer\u00eda escuchar\". \"Me encanta que Cristina haya dicho esto, era lo que quer\u00eda escuchar\", asegur\u00f3 la\u2026","rel":"","context":"En \u00abPol\u00edtica\u00bb","block_context":{"text":"Pol\u00edtica","link":"https:\/\/www.24baires.com\/?cat=51"},"img":{"alt_text":"","src":"","width":0,"height":0},"classes":[]},{"id":17932,"url":"https:\/\/www.24baires.com\/?p=17932","url_meta":{"origin":14307,"position":1},"title":"\u00abHay que apoyar la decisi\u00f3n de Cristina para que a los jueces los elija el pueblo\u201d","author":"AF","date":"09\/03\/2013","format":false,"excerpt":"Susana Trimarco, la madre de Marita Ver\u00f3n, habl\u00f3 ayer viernes durante un acto realizado en Santa Rosa, La Pampa, con motivo de la conmemoraci\u00f3n del D\u00eda Internacional de la Mujer. Susana Trimarco plante\u00f3 la necesidad de terminar \"con los jueces corruptos que negocian causas por dinero, como pas\u00f3 con el\u2026","rel":"","context":"En \u00abSociedad\u00bb","block_context":{"text":"Sociedad","link":"https:\/\/www.24baires.com\/?cat=1"},"img":{"alt_text":"susana trimarco","src":"https:\/\/i0.wp.com\/www.24baires.com\/wp-content\/uploads\/2013\/01\/susana-trimarco1-300x180.jpg?resize=350%2C200","width":350,"height":200},"classes":[]},{"id":43429,"url":"https:\/\/www.24baires.com\/?p=43429","url_meta":{"origin":14307,"position":2},"title":"Trimarco dijo que quiere \u00abun fallo ejemplar\u00bb","author":"Grupo Sierra","date":"07\/04\/2014","format":false,"excerpt":"La madre de Marita Ver\u00f3n, coment\u00f3 hoy que espera que esta vez \"se dicte un fallo ejemplar\" contra los 10 acusados por el secuestro y desaparici\u00f3n de su hija, ocurrido hace 12 a\u00f1os. Trimarco indic\u00f3 que \"todo el pa\u00eds espera que se haga Justicia y como madre le pido a\u2026","rel":"","context":"En \u00abJUDICIALES\u00bb","block_context":{"text":"JUDICIALES","link":"https:\/\/www.24baires.com\/?cat=68"},"img":{"alt_text":"trimarco cristina","src":"https:\/\/i0.wp.com\/www.24baires.com\/wp-content\/uploads\/2012\/12\/trimarco-cristina.jpg?resize=350%2C200","width":350,"height":200,"srcset":"https:\/\/i0.wp.com\/www.24baires.com\/wp-content\/uploads\/2012\/12\/trimarco-cristina.jpg?resize=350%2C200 1x, https:\/\/i0.wp.com\/www.24baires.com\/wp-content\/uploads\/2012\/12\/trimarco-cristina.jpg?resize=525%2C300 1.5x"},"classes":[]},{"id":8971,"url":"https:\/\/www.24baires.com\/?p=8971","url_meta":{"origin":14307,"position":3},"title":"El hermano de Marita Ver\u00f3n piensa que \u00abella est\u00e1 viva\u00bb y que no pierde \u00abla esperanza del reencuentro\u00bb","author":"Grupo Sierra","date":"13\/12\/2012","format":false,"excerpt":"\"Son jueces corruptos, delincuentes como los mismos delincuentes\" dijo Horacio Ver\u00f3n, hermano de Marita Ver\u00f3n, con respecto a los integrantes de la C\u00e1mara Federal de Apelaciones tucumana que absolvieron a los 13 acusados de haber secuestrado a su hermana, y piensa que a\u00fan est\u00e1 con vida.\u00a0 El hombre, que vive\u2026","rel":"","context":"En \u00abSociedad\u00bb","block_context":{"text":"Sociedad","link":"https:\/\/www.24baires.com\/?cat=1"},"img":{"alt_text":"","src":"","width":0,"height":0},"classes":[]},{"id":43343,"url":"https:\/\/www.24baires.com\/?p=43343","url_meta":{"origin":14307,"position":4},"title":"Un festival y muchas voces por Marita Ver\u00f3n","author":"Grupo Sierra","date":"05\/04\/2014","format":false,"excerpt":"La consigna \"Yo le digo No a la trata de personas\" uni\u00f3 a miles de j\u00f3venes y adultos que se concentraron en la Plaza Independencia para recordar a Marita Ver\u00f3n, quien fue secuestrada por una red el 3 abril de 2002. La Bersuit Vergarabat, Kapanga, Karamelo Santo, Nonpalidece, David Bolzoni,\u2026","rel":"","context":"En \u00abMemoria\u00bb","block_context":{"text":"Memoria","link":"https:\/\/www.24baires.com\/?cat=50"},"img":{"alt_text":"marita ver\u00f3n2","src":"https:\/\/i0.wp.com\/www.24baires.com\/wp-content\/uploads\/2013\/04\/marita-ver%C3%B3n2.jpg?resize=350%2C200","width":350,"height":200,"srcset":"https:\/\/i0.wp.com\/www.24baires.com\/wp-content\/uploads\/2013\/04\/marita-ver%C3%B3n2.jpg?resize=350%2C200 1x, https:\/\/i0.wp.com\/www.24baires.com\/wp-content\/uploads\/2013\/04\/marita-ver%C3%B3n2.jpg?resize=525%2C300 1.5x"},"classes":[]},{"id":37092,"url":"https:\/\/www.24baires.com\/?p=37092","url_meta":{"origin":14307,"position":5},"title":"\u00abEl fallo es una luz de esperanza en la lucha contra la trata\u00bb asegur\u00f3 Susana Trimarco","author":"GB","date":"18\/12\/2013","format":false,"excerpt":"Susana Trimarco, madre de Marita Ver\u00f3n, se refiri\u00f3 as\u00ed al fallo que revoc\u00f3 la absoluci\u00f3n de 10 de los 13 acusados por el secuestro y desaparici\u00f3n de su hija en 2002. Fue al salir de la Casa Rosada. El fallo de la Corte Suprema de Justicia de Tucum\u00e1n, que ayer\u2026","rel":"","context":"En \u00abSociedad\u00bb","block_context":{"text":"Sociedad","link":"https:\/\/www.24baires.com\/?cat=1"},"img":{"alt_text":"trimarco","src":"https:\/\/i0.wp.com\/www.24baires.com\/wp-content\/uploads\/2012\/11\/trimarco.jpg?resize=350%2C200","width":350,"height":200},"classes":[]}],"jetpack_sharing_enabled":true,"jetpack_likes_enabled":true,"_links":{"self":[{"href":"https:\/\/www.24baires.com\/index.php?rest_route=\/wp\/v2\/posts\/14307","targetHints":{"allow":["GET"]}}],"collection":[{"href":"https:\/\/www.24baires.com\/index.php?rest_route=\/wp\/v2\/posts"}],"about":[{"href":"https:\/\/www.24baires.com\/index.php?rest_route=\/wp\/v2\/types\/post"}],"author":[{"embeddable":true,"href":"https:\/\/www.24baires.com\/index.php?rest_route=\/wp\/v2\/users\/4"}],"replies":[{"embeddable":true,"href":"https:\/\/www.24baires.com\/index.php?rest_route=%2Fwp%2Fv2%2Fcomments&post=14307"}],"version-history":[{"count":2,"href":"https:\/\/www.24baires.com\/index.php?rest_route=\/wp\/v2\/posts\/14307\/revisions"}],"predecessor-version":[{"id":14309,"href":"https:\/\/www.24baires.com\/index.php?rest_route=\/wp\/v2\/posts\/14307\/revisions\/14309"}],"wp:attachment":[{"href":"https:\/\/www.24baires.com\/index.php?rest_route=%2Fwp%2Fv2%2Fmedia&parent=14307"}],"wp:term":[{"taxonomy":"category","embeddable":true,"href":"https:\/\/www.24baires.com\/index.php?rest_route=%2Fwp%2Fv2%2Fcategories&post=14307"},{"taxonomy":"post_tag","embeddable":true,"href":"https:\/\/www.24baires.com\/index.php?rest_route=%2Fwp%2Fv2%2Ftags&post=14307"}],"curies":[{"name":"wp","href":"https:\/\/api.w.org\/{rel}","templated":true}]}}