{"id":14296,"date":"2013-02-01T14:20:07","date_gmt":"2013-02-01T17:20:07","guid":{"rendered":"http:\/\/www.24baires.com\/?p=14296"},"modified":"2013-02-01T14:20:07","modified_gmt":"2013-02-01T17:20:07","slug":"crearan-nuevos-cuerpos-de-fiscales-especiales-para-abordar-temas-complejos","status":"publish","type":"post","link":"https:\/\/www.24baires.com\/?p=14296","title":{"rendered":"Crear\u00e1n nuevos cuerpos de fiscales especiales para abordar temas complejos"},"content":{"rendered":"<p><img data-recalc-dims=\"1\" loading=\"lazy\" decoding=\"async\" class=\"alignleft size-medium wp-image-14297\" alt=\"gils cabr\u00f3\" src=\"https:\/\/i0.wp.com\/www.24baires.com\/wp-content\/uploads\/2013\/02\/gils-cabr%C3%B3.jpg?resize=300%2C225\" width=\"300\" height=\"225\" srcset=\"https:\/\/i0.wp.com\/www.24baires.com\/wp-content\/uploads\/2013\/02\/gils-cabr%C3%B3.jpg?resize=300%2C225&amp;ssl=1 300w, https:\/\/i0.wp.com\/www.24baires.com\/wp-content\/uploads\/2013\/02\/gils-cabr%C3%B3.jpg?w=560&amp;ssl=1 560w\" sizes=\"auto, (max-width: 300px) 100vw, 300px\" \/>La nuevas \u00e1reas ser\u00e1n presentada por la procuradora general de la Naci\u00f3n, Gils Carb\u00f3 entre este mes y el pr\u00f3ximo. Se trata de una unidad abocada a apoyar y entrenar a los fiscales que se ocupan del narcotr\u00e1fico y otra destinada a investigar la violencia institucional, en particular los delitos en el sistema carcelario.<!--more--><\/p>\n<p>La procuradora general de la Naci\u00f3n, Alejandra Gils Carb\u00f3, crear\u00e1 dos nuevos cuerpos especiales de fiscales para que trabajen con dedicaci\u00f3n exclusiva en temas complejos y problem\u00e1ticos.<\/p>\n<p>Uno de esos equipos intentar\u00e1 mejorar las investigaciones sobre redes de narcotr\u00e1fico; otro buscar\u00e1 meterse en la violencia institucional, es decir, los delitos cometidos por fuerzas de seguridad y servicios penitenciarios, desde detenciones ilegales y torturas hasta ejecuciones y su relaci\u00f3n con las tramas de corrupci\u00f3n, seg\u00fan p\u00fablica P\u00e1gina\/12.<\/p>\n<p>Las unidades de narcotr\u00e1fico y violencia institucional ser\u00edan inauguradas entre febrero y marzo. La de drogas no tendr\u00eda, en los inicios, una misi\u00f3n investigativa sino de apoyo y entrenamiento para las fiscal\u00edas que ya se ocupan del asunto, y que en la procuraci\u00f3n eval\u00faan que carecen de una buena preparaci\u00f3n y especializaci\u00f3n.<\/p>\n<p>Esta nueva forma de investigar, desde un cuerpo especializado, ajeno o externo respecto de las fiscal\u00edas comunes, pretende romper con una l\u00f3gica donde los fiscales se ven en la situaci\u00f3n de tener que investigar a polic\u00edas, gendarmes o agentes de otras fuerzas a los que conocen por tener que convocarlos para que colaboren en otras investigaciones.<\/p>\n<p>Uno de los principales disparadores de la creaci\u00f3n de esta unidad est\u00e1 relacionado en parte con los informes, que empeoran a\u00f1o a a\u00f1o, de organismos de derechos humanos sobre la situaci\u00f3n carcelaria, la violencia y las torturas aplicadas en el \u00e1mbito penitenciario.<\/p>\n<p>Desde que asumi\u00f3, a fines de agosto del a\u00f1o pasado, como jefa de los fiscales, Gils Carb\u00f3 cre\u00f3 unidades especiales para las investigaciones sobre apropiaci\u00f3n de hijos de desaparecidos, un programa con fiscales ad hoc para casos de violencia de g\u00e9nero y una procuradur\u00eda espec\u00edfica sobre criminalidad econ\u00f3mica y lavado de activos (Procelac).<\/p>\n<p>&nbsp;<\/p>\n<p>&nbsp;<\/p>\n<p>&nbsp;<\/p>\n<p>&nbsp;<\/p>\n<p>&nbsp;<\/p>\n<p>&nbsp;<\/p>\n<p>&nbsp;<\/p>\n<p>&nbsp;<\/p>\n<p>&nbsp;<\/p>\n<p>&nbsp;<\/p>\n<p>&nbsp;<\/p>\n<p>&nbsp;<\/p>\n<p>&nbsp;<\/p>\n<p>&nbsp;<\/p>\n<p>&nbsp;<\/p>\n<p>&nbsp;<\/p>\n<p>&nbsp;<\/p>\n<p>&nbsp;<\/p>\n<p>&nbsp;<\/p>\n","protected":false},"excerpt":{"rendered":"<p>La nuevas \u00e1reas ser\u00e1n presentada por la procuradora general de la Naci\u00f3n, Gils Carb\u00f3 entre este mes y el pr\u00f3ximo. Se trata de una unidad abocada a apoyar y entrenar a los fiscales que se ocupan del narcotr\u00e1fico y otra destinada a investigar la violencia institucional, en particular los delitos en el sistema carcelario.<\/p>\n","protected":false},"author":4,"featured_media":0,"comment_status":"open","ping_status":"open","sticky":false,"template":"","format":"standard","meta":{"_jetpack_newsletter_access":"","_jetpack_dont_email_post_to_subs":false,"_jetpack_newsletter_tier_id":0,"_jetpack_memberships_contains_paywalled_content":false,"_jetpack_memberships_contains_paid_content":false,"footnotes":""},"categories":[1],"tags":[],"class_list":["post-14296","post","type-post","status-publish","format-standard","hentry","category-sociedad"],"jetpack_featured_media_url":"","jetpack_shortlink":"https:\/\/wp.me\/p2JWE0-3IA","jetpack-related-posts":[{"id":22582,"url":"https:\/\/www.24baires.com\/?p=22582","url_meta":{"origin":14296,"position":0},"title":"Gils Carb\u00f3 critic\u00f3 duramente al sistema judicial por violencia institucional","author":"Grupo Sierra","date":"03\/05\/2013","format":false,"excerpt":"Al participar del Encuentro sobre Violencia Institucional que se realiz\u00f3 esta tarde en carpas instaladas en la Plaza de los Dos Congresos, la Procuradora General de la Naci\u00f3n, Alejandra Gils Carb\u00f3, declar\u00f3 que el sistema judicial \"no puede llenarse la boca con la defensa de los derechos humanos, mientras se\u2026","rel":"","context":"En \u00abPol\u00edtica\u00bb","block_context":{"text":"Pol\u00edtica","link":"https:\/\/www.24baires.com\/?cat=51"},"img":{"alt_text":"gils_carbo_senado_070812_12_ef_47659","src":"https:\/\/i0.wp.com\/www.24baires.com\/wp-content\/uploads\/2012\/11\/gils_carbo_senado_070812_12_ef_47659.jpg?resize=350%2C200","width":350,"height":200,"srcset":"https:\/\/i0.wp.com\/www.24baires.com\/wp-content\/uploads\/2012\/11\/gils_carbo_senado_070812_12_ef_47659.jpg?resize=350%2C200 1x, https:\/\/i0.wp.com\/www.24baires.com\/wp-content\/uploads\/2012\/11\/gils_carbo_senado_070812_12_ef_47659.jpg?resize=525%2C300 1.5x"},"classes":[]},{"id":74784,"url":"https:\/\/www.24baires.com\/?p=74784","url_meta":{"origin":14296,"position":1},"title":"Gils Carb\u00f3: \u00abNo voy a dar ning\u00fan paso al costado\u00bb","author":"GB","date":"08\/11\/2015","format":false,"excerpt":"La procuradora general de la Naci\u00f3n, Alejandra Gils Carb\u00f3, dijo que no va a dar \"ning\u00fan paso al costado\", consultada por los dirigentes y candidatos de Cambiemos que piden que renuncie si Mauricio Macri gana las elecciones presidenciales. \"No voy a dar ning\u00fan paso al costado por distintos motivos que\u2026","rel":"","context":"En \u00abPol\u00edtica\u00bb","block_context":{"text":"Pol\u00edtica","link":"https:\/\/www.24baires.com\/?cat=51"},"img":{"alt_text":"","src":"","width":0,"height":0},"classes":[]},{"id":79280,"url":"https:\/\/www.24baires.com\/?p=79280","url_meta":{"origin":14296,"position":2},"title":"Crean una comisi\u00f3n de fiscales para investigar los ataques neonazis en Mar del Plata","author":"GB","date":"23\/02\/2016","format":false,"excerpt":"Lo confirm\u00f3 la procuradora general de la Naci\u00f3n, Alejandra Gils Carb\u00f3. Contar\u00e1 con la colaboraci\u00f3n de distintas organizaciones. Una comisi\u00f3n de fiscales fue creada para investigar el incremento de ataques neonazis que se produjeron en los \u00faltimos meses en Mar del Plata, inform\u00f3 la procuradora general de la Naci\u00f3n, Alejandra\u2026","rel":"","context":"En \u00abLocales\u00bb","block_context":{"text":"Locales","link":"https:\/\/www.24baires.com\/?cat=38"},"img":{"alt_text":"","src":"","width":0,"height":0},"classes":[]},{"id":88753,"url":"https:\/\/www.24baires.com\/?p=88753","url_meta":{"origin":14296,"position":3},"title":"\u00abEl reclamo por la puerta giratoria es una realidad\u00bb","author":"AF","date":"16\/10\/2016","format":false,"excerpt":"El ministro de Justicia y Derechos Humanos se refiri\u00f3 as\u00ed a la delincuencia y remarc\u00f3 que ahora los delincuentes \"tienen inserci\u00f3n en alguna organizaci\u00f3n delictiva\" que hace necesario cortar. Asegur\u00f3 que la lucha contra el narcotr\u00e1fico es \"un desaf\u00edo porque las organizaciones tienen m\u00e1s poder para corromper\". \"Con la ley\u2026","rel":"","context":"En \u00abPol\u00edtica\u00bb","block_context":{"text":"Pol\u00edtica","link":"https:\/\/www.24baires.com\/?cat=51"},"img":{"alt_text":"garavano","src":"https:\/\/i0.wp.com\/www.24baires.com\/wp-content\/uploads\/2015\/12\/garavano.jpg?resize=350%2C200","width":350,"height":200,"srcset":"https:\/\/i0.wp.com\/www.24baires.com\/wp-content\/uploads\/2015\/12\/garavano.jpg?resize=350%2C200 1x, https:\/\/i0.wp.com\/www.24baires.com\/wp-content\/uploads\/2015\/12\/garavano.jpg?resize=525%2C300 1.5x"},"classes":[]},{"id":36503,"url":"https:\/\/www.24baires.com\/?p=36503","url_meta":{"origin":14296,"position":4},"title":"Crean un cuerpo de fiscales especial para los saqueos","author":"GB","date":"09\/12\/2013","format":false,"excerpt":"Actuar\u00e1 a nivel nacional, seg\u00fan dispuso la procuradora Gils Carb\u00f3, seg\u00fan lo dispuesto por la Ley de Defensa de la Democracia. En Buenos Aires todos los fiscales permanece en estado de \"guardia\". La procuradora general Alejandra Gils Carb\u00f3 dispuso una comisi\u00f3n especial de fiscales para dar respuesta a los atentados\u2026","rel":"","context":"En \u00abPol\u00edtica\u00bb","block_context":{"text":"Pol\u00edtica","link":"https:\/\/www.24baires.com\/?cat=51"},"img":{"alt_text":"","src":"","width":0,"height":0},"classes":[]},{"id":61715,"url":"https:\/\/www.24baires.com\/?p=61715","url_meta":{"origin":14296,"position":5},"title":"\u00abNunca se pens\u00f3 en remover a Nisman de su cargo\u00bb, asegur\u00f3 Gils Carb\u00f3","author":"GB","date":"13\/02\/2015","format":false,"excerpt":"As\u00ed lo afirm\u00f3 la Procuradora en la conferencia en la que anunci\u00f3 que Sabrina Namer, Roberto Salum, Patricio Sabadini y Juan Murray como coordinador ser\u00e1n los nuevos fiscales de la UFI AMIA . \"Tenemos el deber de garantizar la continuidad\", dijo. La Procuradora General de la Naci\u00f3n, Alejandra Gils Carb\u00f3,\u2026","rel":"","context":"En \u00abPol\u00edtica\u00bb","block_context":{"text":"Pol\u00edtica","link":"https:\/\/www.24baires.com\/?cat=51"},"img":{"alt_text":"gils cabr\u00f3","src":"https:\/\/i0.wp.com\/www.24baires.com\/wp-content\/uploads\/2013\/02\/gils-cabr%C3%B3.jpg?resize=350%2C200","width":350,"height":200,"srcset":"https:\/\/i0.wp.com\/www.24baires.com\/wp-content\/uploads\/2013\/02\/gils-cabr%C3%B3.jpg?resize=350%2C200 1x, https:\/\/i0.wp.com\/www.24baires.com\/wp-content\/uploads\/2013\/02\/gils-cabr%C3%B3.jpg?resize=525%2C300 1.5x"},"classes":[]}],"jetpack_sharing_enabled":true,"jetpack_likes_enabled":true,"_links":{"self":[{"href":"https:\/\/www.24baires.com\/index.php?rest_route=\/wp\/v2\/posts\/14296","targetHints":{"allow":["GET"]}}],"collection":[{"href":"https:\/\/www.24baires.com\/index.php?rest_route=\/wp\/v2\/posts"}],"about":[{"href":"https:\/\/www.24baires.com\/index.php?rest_route=\/wp\/v2\/types\/post"}],"author":[{"embeddable":true,"href":"https:\/\/www.24baires.com\/index.php?rest_route=\/wp\/v2\/users\/4"}],"replies":[{"embeddable":true,"href":"https:\/\/www.24baires.com\/index.php?rest_route=%2Fwp%2Fv2%2Fcomments&post=14296"}],"version-history":[{"count":1,"href":"https:\/\/www.24baires.com\/index.php?rest_route=\/wp\/v2\/posts\/14296\/revisions"}],"predecessor-version":[{"id":14298,"href":"https:\/\/www.24baires.com\/index.php?rest_route=\/wp\/v2\/posts\/14296\/revisions\/14298"}],"wp:attachment":[{"href":"https:\/\/www.24baires.com\/index.php?rest_route=%2Fwp%2Fv2%2Fmedia&parent=14296"}],"wp:term":[{"taxonomy":"category","embeddable":true,"href":"https:\/\/www.24baires.com\/index.php?rest_route=%2Fwp%2Fv2%2Fcategories&post=14296"},{"taxonomy":"post_tag","embeddable":true,"href":"https:\/\/www.24baires.com\/index.php?rest_route=%2Fwp%2Fv2%2Ftags&post=14296"}],"curies":[{"name":"wp","href":"https:\/\/api.w.org\/{rel}","templated":true}]}}