{"id":1429,"date":"2012-10-08T13:21:34","date_gmt":"2012-10-08T16:21:34","guid":{"rendered":"http:\/\/www.24baires.com\/?p=1429"},"modified":"2012-10-08T13:58:36","modified_gmt":"2012-10-08T16:58:36","slug":"lomas-de-zamora-recibe-nueva-unidad-movil-satelital-para-tramitar-dni","status":"publish","type":"post","link":"https:\/\/www.24baires.com\/?p=1429","title":{"rendered":"Lomas de Zamora recibe nueva unidad m\u00f3vil satelital para tramitar DNI"},"content":{"rendered":"<p><img data-recalc-dims=\"1\" loading=\"lazy\" decoding=\"async\" class=\"alignleft size-full wp-image-1430\" title=\"randazzo insaurralde\" src=\"https:\/\/i0.wp.com\/www.24baires.com\/wp-content\/uploads\/2012\/10\/randazzo-insaurralde.jpg?resize=160%2C123\" alt=\"\" width=\"160\" height=\"123\" \/>El ministro del Interior y Transporte de la Naci\u00f3n, Florencio Randazzo, visit\u00f3 el municipio de Lomas de Zamora y, junto al intendente Mart\u00edn Insaurralde , particip\u00f3 del acto de entrega de una nueva Unidad M\u00f3vil Satelital en la que ser\u00e1 posible tramitar el nuevo Documento Nacional de Identidad.<!--more--><br \/>\nLa asignaci\u00f3n de este m\u00f3vil permitir\u00e1 dar una adecuada respuesta a la gran demanda de DNI que se da en la comuna lomense, a partir de la creaci\u00f3n de este nuevo y moderno documento implementado por el gobierno nacional.<br \/>\nInsaurralde agradeci\u00f3 el aporte por parte del ministerio del Interior y Transporte y se\u00f1al\u00f3 que \u201ces una satisfacci\u00f3n muy grande haber tenido una respuesta tan r\u00e1pida. Estamos muy contentos de recibir este veh\u00edculo porque, m\u00e1s all\u00e1 de que se han informatizado los centros de atenci\u00f3n, la demanda es muy alta y esta unidad m\u00f3vil nos permitir\u00e1 llevar el servicio y dar respuesta a los distintos barrios\u201d.<br \/>\nPor su lado, Randazzo explic\u00f3 que esta entrega servir\u00e1 \u201cpara que el municipio lleve adelante operativos en todos los barrios, sobre todo en aquellos m\u00e1s vulnerables y alejados de la posibilidad de llevar adelante el tr\u00e1mite\u201d, y remarc\u00f3 que \u201cesta pol\u00edtica est\u00e1 vinculada a la inclusi\u00f3n, ya que el nuevo DNI no solamente se relaciona con la identidad, sino tambi\u00e9n con el trabajo, la salud y la educaci\u00f3n\u201d.<br \/>\nFinalmente, el jefe comunal lomense explic\u00f3 que se va a implementar un cronograma de trabajo para la capacitaci\u00f3n del personal, y puntualiz\u00f3 que el m\u00f3vil va a estar a cargo del municipio por 24 meses.<\/p>\n","protected":false},"excerpt":{"rendered":"<p>El ministro del Interior y Transporte de la Naci\u00f3n, Florencio Randazzo, visit\u00f3 el municipio de Lomas de Zamora y, junto al intendente Mart\u00edn Insaurralde , particip\u00f3 del acto de entrega de una nueva Unidad M\u00f3vil Satelital en la que ser\u00e1 posible tramitar el nuevo Documento Nacional de Identidad.<\/p>\n","protected":false},"author":4,"featured_media":0,"comment_status":"open","ping_status":"open","sticky":false,"template":"","format":"standard","meta":{"_jetpack_newsletter_access":"","_jetpack_dont_email_post_to_subs":false,"_jetpack_newsletter_tier_id":0,"_jetpack_memberships_contains_paywalled_content":false,"_jetpack_memberships_contains_paid_content":false,"footnotes":""},"categories":[1],"tags":[],"class_list":["post-1429","post","type-post","status-publish","format-standard","hentry","category-sociedad"],"jetpack_featured_media_url":"","jetpack_shortlink":"https:\/\/wp.me\/p2JWE0-n3","jetpack-related-posts":[{"id":25751,"url":"https:\/\/www.24baires.com\/?p=25751","url_meta":{"origin":1429,"position":0},"title":"Randazzo e Insaurralde inauguraron un Centro de Documentaci\u00f3n R\u00e1pida en Lomas","author":"Grupo Sierra","date":"12\/06\/2013","format":false,"excerpt":"LOMAS DE ZAMORA.- El ministro del Interior y Transporte, Florencio Randazzo, y el intendente de Lomas de Zamora, Mart\u00edn Insaurralde inauguraron hoy un nuevo centro de Documentaci\u00f3n R\u00e1pida con capacidad para 600 tr\u00e1mites diarios en el distrito de Lomas de Zamora. Randazzo destac\u00f3 que \u201choy es un d\u00eda muy importante\u2026","rel":"","context":"En \u00abLocales\u00bb","block_context":{"text":"Locales","link":"https:\/\/www.24baires.com\/?cat=38"},"img":{"alt_text":"randazzo insaurralde","src":"https:\/\/i0.wp.com\/www.24baires.com\/wp-content\/uploads\/2013\/06\/randazzo-insaurralde.jpg?resize=350%2C200","width":350,"height":200,"srcset":"https:\/\/i0.wp.com\/www.24baires.com\/wp-content\/uploads\/2013\/06\/randazzo-insaurralde.jpg?resize=350%2C200 1x, https:\/\/i0.wp.com\/www.24baires.com\/wp-content\/uploads\/2013\/06\/randazzo-insaurralde.jpg?resize=525%2C300 1.5x"},"classes":[]},{"id":26001,"url":"https:\/\/www.24baires.com\/?p=26001","url_meta":{"origin":1429,"position":1},"title":"Inauguran un nuevo centro de documentaci\u00f3n r\u00e1pida en Lomas de Zamora","author":"AF","date":"15\/06\/2013","format":false,"excerpt":"El intendente de Lomas de Zamora, Mart\u00edn Insaurralde, junto al ministro del Interior y Transporte de la naci\u00f3n, Florencio Randazzo, y el diputado nacional Eduardo \u201cWado\u201d De Pedro, inauguraron un centro de documentaci\u00f3n r\u00e1pida en la planta baja del edificio que el municipio construye sobre Manuel Castro, donde se podr\u00e1n\u2026","rel":"","context":"En \u00abLocales\u00bb","block_context":{"text":"Locales","link":"https:\/\/www.24baires.com\/?cat=38"},"img":{"alt_text":"","src":"","width":0,"height":0},"classes":[]},{"id":55020,"url":"https:\/\/www.24baires.com\/?p=55020","url_meta":{"origin":1429,"position":2},"title":"Del mi\u00e9rcoles al viernes estar\u00e1n presentes en Ramallo m\u00f3viles para tramitar DNI y Pasaporte","author":"GB","date":"08\/10\/2014","format":false,"excerpt":"Las unidades de Ministerio del Interior y Transporte estar\u00e1n desde este mi\u00e9rcoles 8 hasta el viernes 10 inclusive. Se ubicar\u00e1n en las localidades de P\u00e9rez Mill\u00e1n, Villa General Savio y Ramallo Pueblo. Los documentos se tramitan y abonan en el momento. El vecino los recibe por correo en su domicilio.\u2026","rel":"","context":"En \u00abLocales\u00bb","block_context":{"text":"Locales","link":"https:\/\/www.24baires.com\/?cat=38"},"img":{"alt_text":"dni","src":"https:\/\/i0.wp.com\/www.24baires.com\/wp-content\/uploads\/2014\/08\/dni.jpg?resize=350%2C200","width":350,"height":200,"srcset":"https:\/\/i0.wp.com\/www.24baires.com\/wp-content\/uploads\/2014\/08\/dni.jpg?resize=350%2C200 1x, https:\/\/i0.wp.com\/www.24baires.com\/wp-content\/uploads\/2014\/08\/dni.jpg?resize=525%2C300 1.5x"},"classes":[]},{"id":8694,"url":"https:\/\/www.24baires.com\/?p=8694","url_meta":{"origin":1429,"position":3},"title":"El Ministerio del Interior lanz\u00f3 el Operativo de Verano 2013","author":"Grupo Sierra","date":"11\/12\/2012","format":false,"excerpt":"El Ministro del Interior, Florencio Randazzo lanz\u00f3 el operativo Verano 2013, que con motivo de la temporada ofrecer\u00e1 puestos para obtener el DNI, el pasaporte o la tarjeta Sube. En el operativo, que comenzar\u00e1 ma\u00f1ana y que est\u00e1 adem\u00e1s vinculado con una campa\u00f1a de seguridad vial en las rutas, participar\u00e1n\u2026","rel":"","context":"En \u00abPol\u00edtica\u00bb","block_context":{"text":"Pol\u00edtica","link":"https:\/\/www.24baires.com\/?cat=51"},"img":{"alt_text":"","src":"https:\/\/i0.wp.com\/www.24baires.com\/wp-content\/uploads\/2012\/12\/randazzo-vial-2013.jpg?resize=350%2C200","width":350,"height":200,"srcset":"https:\/\/i0.wp.com\/www.24baires.com\/wp-content\/uploads\/2012\/12\/randazzo-vial-2013.jpg?resize=350%2C200 1x, https:\/\/i0.wp.com\/www.24baires.com\/wp-content\/uploads\/2012\/12\/randazzo-vial-2013.jpg?resize=525%2C300 1.5x"},"classes":[]},{"id":77830,"url":"https:\/\/www.24baires.com\/?p=77830","url_meta":{"origin":1429,"position":4},"title":"Scioli e Insaurralde se mostraron juntos en Lomas de Zamora","author":"AF","date":"19\/01\/2016","format":false,"excerpt":"En el marco de una visita a los chicos que asisten a la colonia gratuita del Municipio de Lomas de Zamora en el Parque de Villa Albertina, el Intendente Mart\u00edn Insaurralde y Daniel Scioli compartieron un encuentro y destacaron la voluntad de trabajar juntos en la reconstrucci\u00f3n del peronismo. \u201cQueremos\u2026","rel":"","context":"En \u00abPol\u00edtica\u00bb","block_context":{"text":"Pol\u00edtica","link":"https:\/\/www.24baires.com\/?cat=51"},"img":{"alt_text":"insaurral scioli acto","src":"https:\/\/i0.wp.com\/www.24baires.com\/wp-content\/uploads\/2013\/07\/insaurral-scioli-acto.jpg?resize=350%2C200","width":350,"height":200,"srcset":"https:\/\/i0.wp.com\/www.24baires.com\/wp-content\/uploads\/2013\/07\/insaurral-scioli-acto.jpg?resize=350%2C200 1x, https:\/\/i0.wp.com\/www.24baires.com\/wp-content\/uploads\/2013\/07\/insaurral-scioli-acto.jpg?resize=525%2C300 1.5x"},"classes":[]},{"id":106366,"url":"https:\/\/www.24baires.com\/?p=106366","url_meta":{"origin":1429,"position":5},"title":"Insaurralde y Lorenzino demandar\u00e1n legalmente a Edesur","author":"AF","date":"15\/01\/2019","format":false,"excerpt":"El Defensor del Pueblo bonaerense, Guido Lorenzino, y el intendente de Lomas de Zamora, Mart\u00edn Insaurralde, anunciaron hoy que iniciar\u00e1n acciones legales con Edesur. El anuncio lo formul\u00f3 Lorenzino en las redes sociales, donde indic\u00f3 que junto a Insaurralde \"coincidimos en que la empresa no realiz\u00f3 las inversiones necesarias para\u2026","rel":"","context":"En \u00abLocales\u00bb","block_context":{"text":"Locales","link":"https:\/\/www.24baires.com\/?cat=38"},"img":{"alt_text":"","src":"https:\/\/i0.wp.com\/www.24baires.com\/wp-content\/uploads\/2014\/12\/edesur.jpg?resize=350%2C200","width":350,"height":200,"srcset":"https:\/\/i0.wp.com\/www.24baires.com\/wp-content\/uploads\/2014\/12\/edesur.jpg?resize=350%2C200 1x, https:\/\/i0.wp.com\/www.24baires.com\/wp-content\/uploads\/2014\/12\/edesur.jpg?resize=525%2C300 1.5x"},"classes":[]}],"jetpack_sharing_enabled":true,"jetpack_likes_enabled":true,"_links":{"self":[{"href":"https:\/\/www.24baires.com\/index.php?rest_route=\/wp\/v2\/posts\/1429","targetHints":{"allow":["GET"]}}],"collection":[{"href":"https:\/\/www.24baires.com\/index.php?rest_route=\/wp\/v2\/posts"}],"about":[{"href":"https:\/\/www.24baires.com\/index.php?rest_route=\/wp\/v2\/types\/post"}],"author":[{"embeddable":true,"href":"https:\/\/www.24baires.com\/index.php?rest_route=\/wp\/v2\/users\/4"}],"replies":[{"embeddable":true,"href":"https:\/\/www.24baires.com\/index.php?rest_route=%2Fwp%2Fv2%2Fcomments&post=1429"}],"version-history":[{"count":0,"href":"https:\/\/www.24baires.com\/index.php?rest_route=\/wp\/v2\/posts\/1429\/revisions"}],"wp:attachment":[{"href":"https:\/\/www.24baires.com\/index.php?rest_route=%2Fwp%2Fv2%2Fmedia&parent=1429"}],"wp:term":[{"taxonomy":"category","embeddable":true,"href":"https:\/\/www.24baires.com\/index.php?rest_route=%2Fwp%2Fv2%2Fcategories&post=1429"},{"taxonomy":"post_tag","embeddable":true,"href":"https:\/\/www.24baires.com\/index.php?rest_route=%2Fwp%2Fv2%2Ftags&post=1429"}],"curies":[{"name":"wp","href":"https:\/\/api.w.org\/{rel}","templated":true}]}}