{"id":14275,"date":"2013-02-01T12:30:22","date_gmt":"2013-02-01T15:30:22","guid":{"rendered":"http:\/\/www.24baires.com\/?p=14275"},"modified":"2013-02-02T13:48:31","modified_gmt":"2013-02-02T16:48:31","slug":"casi-todos-los-canales-nacionales-coincidieron-en-la-inconstitucionalidad-de-la-medida","status":"publish","type":"post","link":"https:\/\/www.24baires.com\/?p=14275","title":{"rendered":"Casi todos los canales nacionales coincidieron en la \u00abinconstitucionalidad\u00bb de la medida"},"content":{"rendered":"<p>Lo hicieron a trav\u00e9s de una solicitada publicada en los principales matutinos nacionales, en la cual alertaron tambi\u00e9n sobre el<strong> \u00abgrave ataque a la libertad de expresi\u00f3n\u00bb<\/strong> que constituye la medida del Gobernador De la Sota de clausurar cinco antenas de la Televisi\u00f3n Abierta Digital en la Provincia de C\u00f3rdoba.<!--more--><\/p>\n<p>Los canales de televisi\u00f3n nacionales Telefe, Canal 9, Am\u00e9rica, CN23, A24, Arpeggio y Suri TV; y los cordobeses Canal 8, Canal 10 y CBA 24 alertaron que la clausura de las estaciones transmisoras de la Televisi\u00f3n Digital Abierta por parte del gobierno cordob\u00e9s \u00abes inconstitucional\u00bb.<\/p>\n<p>Lo hicieron a trav\u00e9s de una solicitada publicada hoy en los principales matutinos nacionales, en la cual advirtieron tambi\u00e9n sobre el \u00abgrave ataque a la libertad de expresi\u00f3n\u00bb que constituye la medida.<\/p>\n<p>Asimismo, subrayaron que \u00abesta medida es inconstitucional ya que impide el despliegue de los servicios de radio y televisi\u00f3n que han sido cedidos por las provincias al Estado federal\u00bb.<\/p>\n<p>Se\u00f1alaron que \u00ablas clausuras inhibir\u00e1n a todos los cordobeses a recibir en sus hogares se\u00f1ales de noticias, culturales y de entretenimiento gratuitas y en alta definici\u00f3n (HD), limitando la oferta de contenidos casi exclusivamente a una sola empresa que controla el servicio de cable\u00bb.<\/p>\n<p>\u00abLa medida viola el art\u00edculo 1, y sus fundamentos, de la Ley de Servicios de Comunicaci\u00f3n Audiovisual, que prioriza `el desarrollo de mecanismos destinados a la promoci\u00f3n, desconcentraci\u00f3n y fomento de la competencia con fines de abaratamiento, democratizaci\u00f3n y universalizaci\u00f3n` del servicio de TV, propiciando as\u00ed la expresi\u00f3n de nuevas y plurales voces\u00bb, subrayaron estos medios.<\/p>\n<p>Alertaron que \u00abla censura y la grave lesi\u00f3n al derecho de los ciudadanos al acceso a la informaci\u00f3n remite a los peores momentos de la historia de nuestro pa\u00eds\u00bb.<\/p>\n<p>En consecuencia, solicitaron \u00aba las autoridades provinciales revisar dicha medida\u00bb.<\/p>\n<p>La administraci\u00f3n de Jos\u00e9 Manuel De la Sota clausur\u00f3 en las \u00faltimas semanas cinco antenas de TDA ubicadas en las localidades de Malague\u00f1o, Leones, R\u00edo Cuarto, Villa Dolores y Villa Mar\u00eda.<\/p>\n<p>Los responsables de las se\u00f1ales televisivas que integran la grilla de la Televisi\u00f3n Digital Abierta (TDA) expresaron estas mismas preocupaciones al titular de la Autoridad federal de Comunicaci\u00f3n Audiovisual (AFSCA), Mart\u00edn Sabbatella, con quien se reunieron ayer.<\/p>\n<p>&nbsp;<\/p>\n<p>&nbsp;<\/p>\n<p>&nbsp;<\/p>\n<p>&nbsp;<\/p>\n<p>&nbsp;<\/p>\n<p>&nbsp;<\/p>\n<p>&nbsp;<\/p>\n<p>&nbsp;<\/p>\n<p>&nbsp;<\/p>\n<p>&nbsp;<\/p>\n<p>&nbsp;<\/p>\n<p>&nbsp;<\/p>\n","protected":false},"excerpt":{"rendered":"<p>Lo hicieron a trav\u00e9s de una solicitada publicada en los principales matutinos nacionales, en la cual alertaron tambi\u00e9n sobre el \u00abgrave ataque a la libertad de expresi\u00f3n\u00bb que constituye la medida del Gobernador De la Sota de clausurar cinco antenas de la Televisi\u00f3n Abierta Digital en la Provincia de C\u00f3rdoba.<\/p>\n","protected":false},"author":11,"featured_media":0,"comment_status":"open","ping_status":"open","sticky":false,"template":"","format":"standard","meta":{"_jetpack_newsletter_access":"","_jetpack_dont_email_post_to_subs":false,"_jetpack_newsletter_tier_id":0,"_jetpack_memberships_contains_paywalled_content":false,"_jetpack_memberships_contains_paid_content":false,"footnotes":""},"categories":[54],"tags":[],"class_list":["post-14275","post","type-post","status-publish","format-standard","hentry","category-medios"],"jetpack_featured_media_url":"","jetpack_shortlink":"https:\/\/wp.me\/p2JWE0-3If","jetpack-related-posts":[{"id":15350,"url":"https:\/\/www.24baires.com\/?p=15350","url_meta":{"origin":14275,"position":0},"title":"La Justicia se expedir\u00e1 sobre la cautelar contra la clausura de antenas en C\u00f3rdoba","author":"AF","date":"11\/02\/2013","format":false,"excerpt":"La Justicia Federal de C\u00f3rdoba podr\u00eda expedirse esta semana sobre la medida cautelar promovida contra las clausuras de las antenas de transmisi\u00f3n de la Televisi\u00f3n Digital Abierta (TDA), dispuestas por el gobernador Jos\u00e9 Manuel de la Sota. As\u00ed lo manifest\u00f3 esta ma\u00f1ana el delegado local de la Autoridad Federal del\u2026","rel":"","context":"En \u00abMedios\u00bb","block_context":{"text":"Medios","link":"https:\/\/www.24baires.com\/?cat=54"},"img":{"alt_text":"","src":"","width":0,"height":0},"classes":[]},{"id":72278,"url":"https:\/\/www.24baires.com\/?p=72278","url_meta":{"origin":14275,"position":1},"title":"Burdo ataque a la libertad de expresi\u00f3n de Macri: Clausur\u00f3 un galp\u00f3n del canal C5N","author":"Grupo Sierra","date":"17\/09\/2015","format":false,"excerpt":"El gobierno de la ciudad de Buenos Aires clausur\u00f3 hoy el galp\u00f3n de m\u00f3viles del canal luego de la investigaci\u00f3n e informes period\u00edsticos en los que qued\u00f3 al descubierto el entramado de corrupci\u00f3n que involucra al gobierno porte\u00f1o y Fernando Niembro. Se trata de un artero ataque a libertad de\u2026","rel":"","context":"En \u00abMedios\u00bb","block_context":{"text":"Medios","link":"https:\/\/www.24baires.com\/?cat=54"},"img":{"alt_text":"c5n","src":"https:\/\/i0.wp.com\/www.24baires.com\/wp-content\/uploads\/2015\/09\/c5n.jpg?resize=350%2C200","width":350,"height":200,"srcset":"https:\/\/i0.wp.com\/www.24baires.com\/wp-content\/uploads\/2015\/09\/c5n.jpg?resize=350%2C200 1x, https:\/\/i0.wp.com\/www.24baires.com\/wp-content\/uploads\/2015\/09\/c5n.jpg?resize=525%2C300 1.5x"},"classes":[]},{"id":13992,"url":"https:\/\/www.24baires.com\/?p=13992","url_meta":{"origin":14275,"position":2},"title":"De Vido inici\u00f3 acciones legales para revertir la quita de antenas ejecutada por De la Sota","author":"AF","date":"29\/01\/2013","format":false,"excerpt":"El Ministerio de Planificaci\u00f3n Federal confirm\u00f3 que en su car\u00e1cter de accionista mayoritario de la empresa ARSAT inici\u00f3 acciones legales contra la Provincia de C\u00f3rdoba, y adelant\u00f3 que continuar\u00e1 \"instrumentando todas las medidas judiciales necesarias para revertir la injustificada y arbitraria clausura de las antenas de la Televisi\u00f3n Digital Abierta\u2026","rel":"","context":"En \u00abMedios\u00bb","block_context":{"text":"Medios","link":"https:\/\/www.24baires.com\/?cat=54"},"img":{"alt_text":"de vido","src":"https:\/\/i0.wp.com\/www.24baires.com\/wp-content\/uploads\/2012\/12\/de-vido-300x200.jpg?resize=350%2C200","width":350,"height":200},"classes":[]},{"id":13924,"url":"https:\/\/www.24baires.com\/?p=13924","url_meta":{"origin":14275,"position":3},"title":"Intendentes cordobeses repudian la decisi\u00f3n de De la Sota de clausurar antenas de TDA","author":"AF","date":"29\/01\/2013","format":false,"excerpt":"Los 67 intendentes que integran la `Mesa de Intendentes y Presidentes de Comuna junto al Proyecto Nacional y Popular` manifestaron su \u201cen\u00e9rgico repudio\u201d a la decisi\u00f3n de Jos\u00e9 Manuel de la Sota de clausurar antenas de transmisi\u00f3n de TDA. El sector pidi\u00f3 al mandatario provincial, mediante un documento, que \u201ccambie\u2026","rel":"","context":"En \u00abMedios\u00bb","block_context":{"text":"Medios","link":"https:\/\/www.24baires.com\/?cat=54"},"img":{"alt_text":"","src":"","width":0,"height":0},"classes":[]},{"id":13551,"url":"https:\/\/www.24baires.com\/?p=13551","url_meta":{"origin":14275,"position":4},"title":"De la Sota clausur\u00f3 otra planta transmisora de Televisi\u00f3n Digital Abierta en C\u00f3rdoba","author":"Grupo Sierra","date":"25\/01\/2013","format":false,"excerpt":"El gobierno de la provincia de C\u00f3rdoba, que encabeza Jos\u00e9 Manuel de la Sota, orden\u00f3 al municipio de Leones el corte del servicio de Televisi\u00f3n Digital Abierta (TDA) en esa ciudad, luego de que en diciembre \u00faltimo adoptara id\u00e9ntica decisi\u00f3n en la localidad de R\u00edo Cuarto.\u00a0La nueva medida de De\u2026","rel":"","context":"En \u00abMedios\u00bb","block_context":{"text":"Medios","link":"https:\/\/www.24baires.com\/?cat=54"},"img":{"alt_text":"","src":"","width":0,"height":0},"classes":[]},{"id":23848,"url":"https:\/\/www.24baires.com\/?p=23848","url_meta":{"origin":14275,"position":5},"title":"\u00abDe la Sota dice defender la libertad de expresi\u00f3n y clausur\u00f3 la TV Digital\u00bb","author":"Grupo Sierra","date":"18\/05\/2013","format":false,"excerpt":"El presidente de los Servicios de Radio y Televisi\u00f3n de la Universidad Nacional de C\u00f3rdoba, Esteban Falc\u00f3n, asegur\u00f3 que el gobernador \"dice defender la libertad de expresi\u00f3n pero no duda en clausurar las estaciones de televisi\u00f3n digital\". De esta manera, Falc\u00f3n se refiri\u00f3 al decreto que dio a conocer ayer\u2026","rel":"","context":"En \u00abMedios\u00bb","block_context":{"text":"Medios","link":"https:\/\/www.24baires.com\/?cat=54"},"img":{"alt_text":"","src":"","width":0,"height":0},"classes":[]}],"jetpack_sharing_enabled":true,"jetpack_likes_enabled":true,"_links":{"self":[{"href":"https:\/\/www.24baires.com\/index.php?rest_route=\/wp\/v2\/posts\/14275","targetHints":{"allow":["GET"]}}],"collection":[{"href":"https:\/\/www.24baires.com\/index.php?rest_route=\/wp\/v2\/posts"}],"about":[{"href":"https:\/\/www.24baires.com\/index.php?rest_route=\/wp\/v2\/types\/post"}],"author":[{"embeddable":true,"href":"https:\/\/www.24baires.com\/index.php?rest_route=\/wp\/v2\/users\/11"}],"replies":[{"embeddable":true,"href":"https:\/\/www.24baires.com\/index.php?rest_route=%2Fwp%2Fv2%2Fcomments&post=14275"}],"version-history":[{"count":3,"href":"https:\/\/www.24baires.com\/index.php?rest_route=\/wp\/v2\/posts\/14275\/revisions"}],"predecessor-version":[{"id":14283,"href":"https:\/\/www.24baires.com\/index.php?rest_route=\/wp\/v2\/posts\/14275\/revisions\/14283"}],"wp:attachment":[{"href":"https:\/\/www.24baires.com\/index.php?rest_route=%2Fwp%2Fv2%2Fmedia&parent=14275"}],"wp:term":[{"taxonomy":"category","embeddable":true,"href":"https:\/\/www.24baires.com\/index.php?rest_route=%2Fwp%2Fv2%2Fcategories&post=14275"},{"taxonomy":"post_tag","embeddable":true,"href":"https:\/\/www.24baires.com\/index.php?rest_route=%2Fwp%2Fv2%2Ftags&post=14275"}],"curies":[{"name":"wp","href":"https:\/\/api.w.org\/{rel}","templated":true}]}}