{"id":14265,"date":"2013-02-01T13:21:31","date_gmt":"2013-02-01T16:21:31","guid":{"rendered":"http:\/\/www.24baires.com\/?p=14265"},"modified":"2013-02-01T12:29:30","modified_gmt":"2013-02-01T15:29:30","slug":"suman-236-los-muertos-en-la-discoteca-kiss-de-brasil","status":"publish","type":"post","link":"https:\/\/www.24baires.com\/?p=14265","title":{"rendered":"Suman 236 los muertos en la discoteca Kiss de Brasil"},"content":{"rendered":"<p><img data-recalc-dims=\"1\" loading=\"lazy\" decoding=\"async\" class=\"alignleft size-medium wp-image-14267\" alt=\"incendio porto alegre\" src=\"https:\/\/i0.wp.com\/www.24baires.com\/wp-content\/uploads\/2013\/02\/incendio-porto-alegre.jpg?resize=300%2C238\" width=\"300\" height=\"238\" srcset=\"https:\/\/i0.wp.com\/www.24baires.com\/wp-content\/uploads\/2013\/02\/incendio-porto-alegre.jpg?resize=300%2C238&amp;ssl=1 300w, https:\/\/i0.wp.com\/www.24baires.com\/wp-content\/uploads\/2013\/02\/incendio-porto-alegre.jpg?w=510&amp;ssl=1 510w\" sizes=\"auto, (max-width: 300px) 100vw, 300px\" \/>La cifra de v\u00edctimas por el incendio de la discoteca Kiss, en Santa Mar\u00eda, se elev\u00f3 tras la muerte de un joven de 20 a\u00f1os que se encontraba internado a ra\u00edz de las graves quemaduras que sufri\u00f3 el domingo pasado, informaron fuentes oficiales.<!--more--><br \/>\nSe trata de Matheus Raschen, quien muri\u00f3 anoche y estaba internado desde el domingo, d\u00eda del incendio, en el Hospital de Pronto Socorro de Porto Alegre, capital del estado de R\u00edo Grande do Sul (sur), con quemaduras de tercer grado en el 40% de su cuerpo, inform\u00f3 un vocero de la secretar\u00eda de Salud regional.<br \/>\nEl joven, que hab\u00eda nacido en la ciudad de Santa Cruz do Sul, cursaba la carrera de Tecnolog\u00eda de los Alimentos en la Universidad Federal de Santa Mar\u00eda, jugaba al baloncesto y fue integrante de la selecci\u00f3n brasile\u00f1a sub`18 en 2010, seg\u00fan informaciones de la Confederaci\u00f3n Brasile\u00f1a de Baloncesto (CBB) reproducidas por la agencia de noticias EFE.<\/p>\n<p>En tanto, 69 pacientes permanec\u00edan internados en estado grave y con respiraci\u00f3n asistida en las unidades de cuidados intensivos de varios hospitales de la regi\u00f3n, seg\u00fan el \u00faltimo parte m\u00e9dico.<\/p>\n<p>El incendio se gener\u00f3 por el uso de un artefacto pirot\u00e9cnico durante un concierto de la banda Gurizada Fandangueira en una fiesta universitaria en la discoteca Kiss en la madrugada del domingo.<\/p>\n<p>El fuego se propag\u00f3 r\u00e1pidamente por la espuma usada en el aislamiento ac\u00fastico del techo, que tambi\u00e9n gener\u00f3 un gas t\u00f3xico responsable de la mayor\u00eda de las muertes, seg\u00fan las primeras investigaciones.<\/p>\n<p>La Polic\u00eda cree que el n\u00famero de asistentes superaba el aforo de la discoteca, que era de 691 personas, y tambi\u00e9n investiga otros factores que pueden haber contribuido a la tragedia como la ausencia de una puerta de emergencia o la falta de suficientes extintores.<\/p>\n<p>&nbsp;<\/p>\n<p>&nbsp;<\/p>\n<p>&nbsp;<\/p>\n<p>&nbsp;<\/p>\n<p>&nbsp;<\/p>\n<p>&nbsp;<\/p>\n<p>&nbsp;<\/p>\n<p>&nbsp;<\/p>\n<p>&nbsp;<\/p>\n<p>&nbsp;<\/p>\n<p>&nbsp;<\/p>\n<p>&nbsp;<\/p>\n<p>&nbsp;<\/p>\n<p>&nbsp;<\/p>\n<p>&nbsp;<\/p>\n<p>&nbsp;<\/p>\n<p>&nbsp;<\/p>\n<p>&nbsp;<\/p>\n<p>&nbsp;<\/p>\n<p>&nbsp;<\/p>\n","protected":false},"excerpt":{"rendered":"<p>La cifra de v\u00edctimas por el incendio de la discoteca Kiss, en Santa Mar\u00eda, se elev\u00f3 tras la muerte de un joven de 20 a\u00f1os que se encontraba internado a ra\u00edz de las graves quemaduras que sufri\u00f3 el domingo pasado, informaron fuentes oficiales.<\/p>\n","protected":false},"author":4,"featured_media":0,"comment_status":"open","ping_status":"open","sticky":false,"template":"","format":"standard","meta":{"_jetpack_newsletter_access":"","_jetpack_dont_email_post_to_subs":false,"_jetpack_newsletter_tier_id":0,"_jetpack_memberships_contains_paywalled_content":false,"_jetpack_memberships_contains_paid_content":false,"footnotes":""},"categories":[1],"tags":[],"class_list":["post-14265","post","type-post","status-publish","format-standard","hentry","category-sociedad"],"jetpack_featured_media_url":"","jetpack_shortlink":"https:\/\/wp.me\/p2JWE0-3I5","jetpack-related-posts":[{"id":13984,"url":"https:\/\/www.24baires.com\/?p=13984","url_meta":{"origin":14265,"position":0},"title":"Son 75 las personas en estado cr\u00edtico tras la tragedia de Kiss","author":"AF","date":"29\/01\/2013","format":false,"excerpt":"As\u00ed lo informaron autoridades sanitarias brasile\u00f1as, en tanto el n\u00famero de muertes tras el incendio en el boliche de Santa Mar\u00eda fue establecido en 234 personas por la jefatura de investigaciones. En una conferencia de prensa divulgada por el diario O Globo, el ministro de Salud brasile\u00f1o, Alexandre Padilha, inform\u00f3\u2026","rel":"","context":"En \u00abSociedad\u00bb","block_context":{"text":"Sociedad","link":"https:\/\/www.24baires.com\/?cat=1"},"img":{"alt_text":"porto alegre cementerio","src":"https:\/\/i0.wp.com\/www.24baires.com\/wp-content\/uploads\/2013\/01\/porto-alegre-cementerio-300x199.jpg?resize=350%2C200","width":350,"height":200},"classes":[]},{"id":13955,"url":"https:\/\/www.24baires.com\/?p=13955","url_meta":{"origin":14265,"position":1},"title":"Embargan los bienes de los propietarios de Kiss, la discoteca de la tragedia en Brasil","author":"AF","date":"29\/01\/2013","format":false,"excerpt":"La justicia brasile\u00f1a orden\u00f3 el embargo de los bienes de los propietarios del boliche de la ciudad de Santa Mar\u00eda, en la que un incendio el domingo dej\u00f3 al menos 231 muertos y 118 heridos. La medida fue solicitada para garantizar el posible pago de indemnizaciones en caso de que\u2026","rel":"","context":"En \u00abSociedad\u00bb","block_context":{"text":"Sociedad","link":"https:\/\/www.24baires.com\/?cat=1"},"img":{"alt_text":"incendio porto alegre","src":"https:\/\/i0.wp.com\/www.24baires.com\/wp-content\/uploads\/2013\/01\/incendio-porto-alegre.jpg?resize=350%2C200","width":350,"height":200},"classes":[]},{"id":13684,"url":"https:\/\/www.24baires.com\/?p=13684","url_meta":{"origin":14265,"position":2},"title":"Tragedia en Porto Alegre: son 232 los j\u00f3venes muertos en la discoteca","author":"Grupo Sierra","date":"27\/01\/2013","format":false,"excerpt":"Las v\u00edctimas mortales por el incendio ocurrido hoy en un local nocturno de la ciudad brasile\u00f1a de Santa Mar\u00eda llegar\u00edan a 240, de acuerdo a las \u00faltimas estimaciones del Cuerpo de Bomberos al canal GloboNews. En tanto, la Agencia Brasile\u00f1a de Noticias EBC, informa que la Prefectura y Defensa Civil\u2026","rel":"","context":"En \u00ab\u00daltimo Momento\u00bb","block_context":{"text":"\u00daltimo Momento","link":"https:\/\/www.24baires.com\/?cat=55"},"img":{"alt_text":"","src":"","width":0,"height":0},"classes":[]},{"id":14037,"url":"https:\/\/www.24baires.com\/?p=14037","url_meta":{"origin":14265,"position":3},"title":"Uno de los due\u00f1os de la discoteca Kiss intent\u00f3 suicidarse","author":"AF","date":"30\/01\/2013","format":false,"excerpt":"El empresario Elessandro Spohr, uno de los dos socios del establecimiento siniestrado, intent\u00f3 ahorcarse con una manguera en uno de los ba\u00f1os del hospital en el que es tratado por problemas respiratorios derivados del incendio. En ese centro asistencial, el socio de Kiss es vigilado por polic\u00edas debido a que\u2026","rel":"","context":"En \u00abSociedad\u00bb","block_context":{"text":"Sociedad","link":"https:\/\/www.24baires.com\/?cat=1"},"img":{"alt_text":"incendio porto alegre2","src":"https:\/\/i0.wp.com\/www.24baires.com\/wp-content\/uploads\/2013\/01\/incendio-porto-alegre2.jpg?resize=350%2C200","width":350,"height":200},"classes":[]},{"id":13858,"url":"https:\/\/www.24baires.com\/?p=13858","url_meta":{"origin":14265,"position":4},"title":"Ya hay tres detenidos por la tragedia de Porto Alegre","author":"AF","date":"28\/01\/2013","format":false,"excerpt":"Los detenidos son uno de los propietarios de la discoteca y dos de los m\u00fasicos que actuaron en la madrugada de ayer en la discoteca de la ciudad de Santa Mar\u00eda, donde se desat\u00f3 el incendio. En tanto desde Argentina parti\u00f3 este mediod\u00eda, hacia esa ciudad del sur brasile\u00f1o, un\u2026","rel":"","context":"En \u00abSociedad\u00bb","block_context":{"text":"Sociedad","link":"https:\/\/www.24baires.com\/?cat=1"},"img":{"alt_text":"velorio porto alegre","src":"https:\/\/i0.wp.com\/www.24baires.com\/wp-content\/uploads\/2013\/01\/velorio-porto-alegre.jpg?resize=350%2C200","width":350,"height":200},"classes":[]},{"id":13822,"url":"https:\/\/www.24baires.com\/?p=13822","url_meta":{"origin":14265,"position":5},"title":"La hija de una argentina muri\u00f3 en la tragedia de Kiss en Brasil","author":"AF","date":"28\/01\/2013","format":false,"excerpt":"Pese a que las primeras versiones oficiales no mencionaban a ninguna v\u00edctima argentina en la tragedia del boliche Kiss, en Brasil, con el correr de las horas se dio a conocer lo contrario.\u00a0Alrededor de las 18 del domingo, los familiares de Natasha Urquiza, de 21 a\u00f1os, recibieron la peor noticia.\u2026","rel":"","context":"En \u00abSociedad\u00bb","block_context":{"text":"Sociedad","link":"https:\/\/www.24baires.com\/?cat=1"},"img":{"alt_text":"natasha kiss","src":"https:\/\/i0.wp.com\/www.24baires.com\/wp-content\/uploads\/2013\/01\/natasha-kiss-225x300.jpg?resize=350%2C200","width":350,"height":200},"classes":[]}],"jetpack_sharing_enabled":true,"jetpack_likes_enabled":true,"_links":{"self":[{"href":"https:\/\/www.24baires.com\/index.php?rest_route=\/wp\/v2\/posts\/14265","targetHints":{"allow":["GET"]}}],"collection":[{"href":"https:\/\/www.24baires.com\/index.php?rest_route=\/wp\/v2\/posts"}],"about":[{"href":"https:\/\/www.24baires.com\/index.php?rest_route=\/wp\/v2\/types\/post"}],"author":[{"embeddable":true,"href":"https:\/\/www.24baires.com\/index.php?rest_route=\/wp\/v2\/users\/4"}],"replies":[{"embeddable":true,"href":"https:\/\/www.24baires.com\/index.php?rest_route=%2Fwp%2Fv2%2Fcomments&post=14265"}],"version-history":[{"count":2,"href":"https:\/\/www.24baires.com\/index.php?rest_route=\/wp\/v2\/posts\/14265\/revisions"}],"predecessor-version":[{"id":14271,"href":"https:\/\/www.24baires.com\/index.php?rest_route=\/wp\/v2\/posts\/14265\/revisions\/14271"}],"wp:attachment":[{"href":"https:\/\/www.24baires.com\/index.php?rest_route=%2Fwp%2Fv2%2Fmedia&parent=14265"}],"wp:term":[{"taxonomy":"category","embeddable":true,"href":"https:\/\/www.24baires.com\/index.php?rest_route=%2Fwp%2Fv2%2Fcategories&post=14265"},{"taxonomy":"post_tag","embeddable":true,"href":"https:\/\/www.24baires.com\/index.php?rest_route=%2Fwp%2Fv2%2Ftags&post=14265"}],"curies":[{"name":"wp","href":"https:\/\/api.w.org\/{rel}","templated":true}]}}