{"id":14264,"date":"2013-02-01T12:32:23","date_gmt":"2013-02-01T15:32:23","guid":{"rendered":"http:\/\/www.24baires.com\/?p=14264"},"modified":"2013-02-02T13:48:35","modified_gmt":"2013-02-02T16:48:35","slug":"la-afsca-fue-a-cordoba-y-se-presento-en-la-justicia-por-la-censura-a-la-tda-de-de-la-sota","status":"publish","type":"post","link":"https:\/\/www.24baires.com\/?p=14264","title":{"rendered":"La Afsca fue a C\u00f3rdoba y se present\u00f3 en la Justicia por la censura a la TDA de De la Sota"},"content":{"rendered":"<p style=\"text-align: center;\"><img data-recalc-dims=\"1\" loading=\"lazy\" decoding=\"async\" class=\"aligncenter  wp-image-14270\" alt=\"afsca cordoba\" src=\"https:\/\/i0.wp.com\/www.24baires.com\/wp-content\/uploads\/2013\/02\/afsca-cordoba.jpg?resize=560%2C375\" width=\"560\" height=\"375\" \/><\/p>\n<p>El titular de la Afsca, Mart\u00edn Sabbatella, present\u00f3 ante los tribunales federales de C\u00f3rdoba, un recurso en contra del cierre de las antenas de la Televisi\u00f3n Digital Argentina, dispuestas por el gobernador Jos\u00e9 Manuel de la Sota.<!--more--><\/p>\n<p>En la presentaci\u00f3n, Sabbatella, que estuvo acompa\u00f1ado por el secretario de Derechos Humanos de la Naci\u00f3n, Mart\u00edn Fresneda, la titular de la Universidad Nacional de C\u00f3rdoba (UNC), Carolina Scotto y legisladores nacionales, indic\u00f3 que esta actitud de De la Sota \u00ablesiona el derecho a la informaci\u00f3n de miles y miles de cordobeses y cordobesas\u00bb.<\/p>\n<p>&nbsp;<\/p>\n<p>&nbsp;<\/p>\n<p>&nbsp;<\/p>\n<p>&nbsp;<\/p>\n<p>&nbsp;<\/p>\n<p>&nbsp;<\/p>\n<p>&nbsp;<\/p>\n<p>&nbsp;<\/p>\n<p>&nbsp;<\/p>\n<p>&nbsp;<\/p>\n<p>&nbsp;<\/p>\n","protected":false},"excerpt":{"rendered":"<p>El titular de la Afsca, Mart\u00edn Sabbatella, present\u00f3 ante los tribunales federales de C\u00f3rdoba, un recurso en contra del cierre de las antenas de la Televisi\u00f3n Digital Argentina, dispuestas por el gobernador Jos\u00e9 Manuel de la Sota.<\/p>\n","protected":false},"author":11,"featured_media":0,"comment_status":"open","ping_status":"open","sticky":false,"template":"","format":"standard","meta":{"_jetpack_newsletter_access":"","_jetpack_dont_email_post_to_subs":false,"_jetpack_newsletter_tier_id":0,"_jetpack_memberships_contains_paywalled_content":false,"_jetpack_memberships_contains_paid_content":false,"footnotes":""},"categories":[54],"tags":[],"class_list":["post-14264","post","type-post","status-publish","format-standard","hentry","category-medios"],"jetpack_featured_media_url":"","jetpack_shortlink":"https:\/\/wp.me\/p2JWE0-3I4","jetpack-related-posts":[{"id":14743,"url":"https:\/\/www.24baires.com\/?p=14743","url_meta":{"origin":14264,"position":0},"title":"Sabbatella: \u00abDe la Sota no tiene derecho a dejar a los cordobeses cautivos de la TV paga\u00bb","author":"AF","date":"05\/02\/2013","format":false,"excerpt":"El titular de la Afsca, Mart\u00edn Sabbatella, cuestion\u00f3 al gobernador cordob\u00e9s Jos\u00e9 Manuel de la Sota, ya que en el mismo predio en el que clausur\u00f3 una antena de Arsat, permite que funcione una antena de Cablevisi\u00f3n\u201d. Respecto de la decisi\u00f3n del mandatario provincial de clausurar cinco antenas de Televisi\u00f3n\u2026","rel":"","context":"En \u00abMedios\u00bb","block_context":{"text":"Medios","link":"https:\/\/www.24baires.com\/?cat=54"},"img":{"alt_text":"","src":"","width":0,"height":0},"classes":[]},{"id":15573,"url":"https:\/\/www.24baires.com\/?p=15573","url_meta":{"origin":14264,"position":1},"title":"\u00abDe la Sota se dio cuenta de que no iba a poder defender los actos de censura que cometi\u00f3\u00bb","author":"AF","date":"13\/02\/2013","format":false,"excerpt":"Lo afirm\u00f3 el titular de la Afsca, Mart\u00edn Sabbatella, al hacer referencia a la decisi\u00f3n del gobernador cordob\u00e9s de \"dejar sin efecto\" las clausuras de las antenas de la Televisi\u00f3n Digital Abierta (TDA) que hab\u00eda dispuesto en varios municipios de la provincia. \"El gobernador se dio cuenta de que no\u2026","rel":"","context":"En \u00abMedios\u00bb","block_context":{"text":"Medios","link":"https:\/\/www.24baires.com\/?cat=54"},"img":{"alt_text":"","src":"","width":0,"height":0},"classes":[]},{"id":15193,"url":"https:\/\/www.24baires.com\/?p=15193","url_meta":{"origin":14264,"position":2},"title":"Bussi: \u00abDe la Sota sabe que est\u00e1 defendiendo medidas absurdas\u00bb","author":"AF","date":"09\/02\/2013","format":false,"excerpt":"Lorena Bussi, intendenta de Leones, C\u00f3rdoba, asegur\u00f3 que espera \u201cuna pronta respuesta favorable de la Justicia para que se termine esta medida arbitraria y caprichosa del gobernador De la Sota y vuelvan a funcionar las antenas de TDA en C\u00f3rdoba\u201d. Bussi confirm\u00f3 la presentaci\u00f3n por parte de ese municipio de\u2026","rel":"","context":"En \u00abMedios\u00bb","block_context":{"text":"Medios","link":"https:\/\/www.24baires.com\/?cat=54"},"img":{"alt_text":"bussi","src":"https:\/\/i0.wp.com\/www.24baires.com\/wp-content\/uploads\/2013\/02\/bussi.jpg?resize=350%2C200","width":350,"height":200},"classes":[]},{"id":14043,"url":"https:\/\/www.24baires.com\/?p=14043","url_meta":{"origin":14264,"position":3},"title":"\u00abHay que explicarle a De la Sota que es gobernador, no emperador\u00bb","author":"Grupo Sierra","date":"30\/01\/2013","format":false,"excerpt":"El titular de la Autoridad Federal de Comunicaci\u00f3n Audiovisual, Mart\u00edn Sabbatella, sostuvo que la clausura de tres antenas de la red de Televisi\u00f3n Digital Abierta (TDA) en la provincia de C\u00f3rdoba responde a \"una actitud pol\u00edtica del gobernador\" Jos\u00e9 Manuel de la Sota a quien acus\u00f3 \"de no querer cumplir\u2026","rel":"","context":"En \u00abMedios\u00bb","block_context":{"text":"Medios","link":"https:\/\/www.24baires.com\/?cat=54"},"img":{"alt_text":"SABBATELLA EMPERADOR","src":"https:\/\/i0.wp.com\/www.24baires.com\/wp-content\/uploads\/2013\/01\/SABBATELLA-EMPERADOR.jpg?resize=350%2C200","width":350,"height":200,"srcset":"https:\/\/i0.wp.com\/www.24baires.com\/wp-content\/uploads\/2013\/01\/SABBATELLA-EMPERADOR.jpg?resize=350%2C200 1x, https:\/\/i0.wp.com\/www.24baires.com\/wp-content\/uploads\/2013\/01\/SABBATELLA-EMPERADOR.jpg?resize=525%2C300 1.5x"},"classes":[]},{"id":14275,"url":"https:\/\/www.24baires.com\/?p=14275","url_meta":{"origin":14264,"position":4},"title":"Casi todos los canales nacionales coincidieron en la \u00abinconstitucionalidad\u00bb de la medida","author":"Grupo Sierra","date":"01\/02\/2013","format":false,"excerpt":"Lo hicieron a trav\u00e9s de una solicitada publicada en los principales matutinos nacionales, en la cual alertaron tambi\u00e9n sobre el \"grave ataque a la libertad de expresi\u00f3n\" que constituye la medida del Gobernador De la Sota de clausurar cinco antenas de la Televisi\u00f3n Abierta Digital en la Provincia de C\u00f3rdoba.\u2026","rel":"","context":"En \u00abMedios\u00bb","block_context":{"text":"Medios","link":"https:\/\/www.24baires.com\/?cat=54"},"img":{"alt_text":"","src":"","width":0,"height":0},"classes":[]},{"id":14871,"url":"https:\/\/www.24baires.com\/?p=14871","url_meta":{"origin":14264,"position":5},"title":"De la Sota en el asado de Barrionuevo le mand\u00f3 un gui\u00f1o a Macri","author":"Grupo Sierra","date":"06\/02\/2013","format":false,"excerpt":"MAR DEL PLATA.- Mientras \"siembra el camino\" de cara a los comicios de 2015, el gobernador de C\u00f3rdoba dijo que \u201ces bueno que dirigentes de distintos partidos pol\u00edticos conversemos sobre c\u00f3mo arreglar los problemas que la gente tiene\u201d.\u00a0\u00a0Lo expres\u00f3 en el hotel Sasso de Mar del Plata, donde se llev\u00f3\u2026","rel":"","context":"En \u00abPol\u00edtica\u00bb","block_context":{"text":"Pol\u00edtica","link":"https:\/\/www.24baires.com\/?cat=51"},"img":{"alt_text":"","src":"","width":0,"height":0},"classes":[]}],"jetpack_sharing_enabled":true,"jetpack_likes_enabled":true,"_links":{"self":[{"href":"https:\/\/www.24baires.com\/index.php?rest_route=\/wp\/v2\/posts\/14264","targetHints":{"allow":["GET"]}}],"collection":[{"href":"https:\/\/www.24baires.com\/index.php?rest_route=\/wp\/v2\/posts"}],"about":[{"href":"https:\/\/www.24baires.com\/index.php?rest_route=\/wp\/v2\/types\/post"}],"author":[{"embeddable":true,"href":"https:\/\/www.24baires.com\/index.php?rest_route=\/wp\/v2\/users\/11"}],"replies":[{"embeddable":true,"href":"https:\/\/www.24baires.com\/index.php?rest_route=%2Fwp%2Fv2%2Fcomments&post=14264"}],"version-history":[{"count":3,"href":"https:\/\/www.24baires.com\/index.php?rest_route=\/wp\/v2\/posts\/14264\/revisions"}],"predecessor-version":[{"id":14274,"href":"https:\/\/www.24baires.com\/index.php?rest_route=\/wp\/v2\/posts\/14264\/revisions\/14274"}],"wp:attachment":[{"href":"https:\/\/www.24baires.com\/index.php?rest_route=%2Fwp%2Fv2%2Fmedia&parent=14264"}],"wp:term":[{"taxonomy":"category","embeddable":true,"href":"https:\/\/www.24baires.com\/index.php?rest_route=%2Fwp%2Fv2%2Fcategories&post=14264"},{"taxonomy":"post_tag","embeddable":true,"href":"https:\/\/www.24baires.com\/index.php?rest_route=%2Fwp%2Fv2%2Ftags&post=14264"}],"curies":[{"name":"wp","href":"https:\/\/api.w.org\/{rel}","templated":true}]}}