{"id":14258,"date":"2013-02-01T12:45:23","date_gmt":"2013-02-01T15:45:23","guid":{"rendered":"http:\/\/www.24baires.com\/?p=14258"},"modified":"2013-02-01T12:21:14","modified_gmt":"2013-02-01T15:21:14","slug":"baradel-advirtio-que-provincia-debera-hacer-una-mejor-oferta-que-nacion","status":"publish","type":"post","link":"https:\/\/www.24baires.com\/?p=14258","title":{"rendered":"Baradel advirti\u00f3 que Provincia deber\u00e1 hacer una mejor oferta que Naci\u00f3n"},"content":{"rendered":"<p>El secretario general de Suteba, Roberto Baradel, advirti\u00f3 que el Frente Gremial Docente bonaerense \u201crechazar\u00e1 sin discutir\u201d una oferta salarial del Gobierno bonaerense que fuera similar a la que present\u00f3 la administraci\u00f3n de Cristina Fern\u00e1ndez en la paritaria nacional del sector, del 17 por ciento.<!--more--><\/p>\n<p>\u201cCre\u00edamos que la propuesta (en la paritaria nacional) iba a ser superior\u201d, dijo Baradel y agreg\u00f3 que \u201cla oferta fue absolutamente insuficiente y es por ello que fue rechazada de plano por Ctera (organizaci\u00f3n nacional a la que pertenece el Suteba) y por los dem\u00e1s gremios\u201d<\/p>\n<p>Mientras el Gobierno nacional ofreci\u00f3 un 17 por ciento los gremios reclaman un 30,3 para llevar el salario m\u00ednimo del maestro que reci\u00e9n se inicia de los actuales 2800 pesos a 3650.<\/p>\n<p>En tanto, Baradel anticip\u00f3 que \u201csi en la Provincia nos proponen un aumento igual o similar, no hace falta decir que lo descartaremos sin siquiera discutirlo\u201d.<\/p>\n<p>El dirigente ya hab\u00eda indicado que con una oferta de entre el 15 y 18 por ciento en tres cuotas \u2013como hab\u00edan deslizado en el sciolismo- las clases no comenzar\u00e1n como estaba previsto.<\/p>\n<p>&nbsp;<\/p>\n<p>&nbsp;<\/p>\n<p>&nbsp;<\/p>\n<p>&nbsp;<\/p>\n<p>&nbsp;<\/p>\n<p>&nbsp;<\/p>\n<p>&nbsp;<\/p>\n<p>&nbsp;<\/p>\n<p>&nbsp;<\/p>\n<p>&nbsp;<\/p>\n<p>&nbsp;<\/p>\n<p>&nbsp;<\/p>\n<p>&nbsp;<\/p>\n<p>&nbsp;<\/p>\n<p>&nbsp;<\/p>\n<p>&nbsp;<\/p>\n<p>&nbsp;<\/p>\n<p>&nbsp;<\/p>\n<p>&nbsp;<\/p>\n<p>&nbsp;<\/p>\n<p>&nbsp;<\/p>\n<p>&nbsp;<\/p>\n<p>&nbsp;<\/p>\n<p>&nbsp;<\/p>\n","protected":false},"excerpt":{"rendered":"<p>El secretario general de Suteba, Roberto Baradel, advirti\u00f3 que el Frente Gremial Docente bonaerense \u201crechazar\u00e1 sin discutir\u201d una oferta salarial del Gobierno bonaerense que fuera similar a la que present\u00f3 la administraci\u00f3n de Cristina Fern\u00e1ndez en la paritaria nacional del sector, del 17 por ciento.<\/p>\n","protected":false},"author":4,"featured_media":0,"comment_status":"open","ping_status":"open","sticky":false,"template":"","format":"standard","meta":{"_jetpack_newsletter_access":"","_jetpack_dont_email_post_to_subs":false,"_jetpack_newsletter_tier_id":0,"_jetpack_memberships_contains_paywalled_content":false,"_jetpack_memberships_contains_paid_content":false,"footnotes":""},"categories":[1],"tags":[],"class_list":["post-14258","post","type-post","status-publish","format-standard","hentry","category-sociedad"],"jetpack_featured_media_url":"","jetpack_shortlink":"https:\/\/wp.me\/p2JWE0-3HY","jetpack-related-posts":[{"id":100049,"url":"https:\/\/www.24baires.com\/?p=100049","url_meta":{"origin":14258,"position":0},"title":"Gremios docentes advierten que en estas condiciones \u201cno comenzar\u00e1n las clases\u201d","author":"GB","date":"19\/01\/2018","format":false,"excerpt":"As\u00ed lo asegur\u00f3 el secretario General de SUTEBA, quien envi\u00f3 un mensaje al Ejecutivo y ya puso los primeros requerimientos para que el ciclo lectivo inicie a tiempo. En medio del clima de tensi\u00f3n por el decreto de Mauricio Macri que elimina la paritaria nacional docente y quita injerencia a\u2026","rel":"","context":"En \u00abProvincia\u00bb","block_context":{"text":"Provincia","link":"https:\/\/www.24baires.com\/?cat=40"},"img":{"alt_text":"","src":"https:\/\/i0.wp.com\/www.24baires.com\/wp-content\/uploads\/2017\/03\/marcha-federal-docente.jpg?resize=350%2C200","width":350,"height":200,"srcset":"https:\/\/i0.wp.com\/www.24baires.com\/wp-content\/uploads\/2017\/03\/marcha-federal-docente.jpg?resize=350%2C200 1x, https:\/\/i0.wp.com\/www.24baires.com\/wp-content\/uploads\/2017\/03\/marcha-federal-docente.jpg?resize=525%2C300 1.5x"},"classes":[]},{"id":62364,"url":"https:\/\/www.24baires.com\/?p=62364","url_meta":{"origin":14258,"position":1},"title":"Baradel ratific\u00f3 que el lunes \u00abarrancan las clases\u00bb en la Provincia","author":"AF","date":"27\/02\/2015","format":false,"excerpt":"El secretario general de Suteba, Roberto Baradel, anunci\u00f3 que el lunes arrancan las clases en la Provincia. \"El 93% de las asambleas vot\u00f3 a favor de la propuesta\", afirm\u00f3. Adem\u00e1s, pronostic\u00f3 un \"resultado positivo\" en la paritaria nacional para hoy. Por otra parte, Baradel dijo desconocer los motivos del rechazo\u2026","rel":"","context":"En \u00abSociedad\u00bb","block_context":{"text":"Sociedad","link":"https:\/\/www.24baires.com\/?cat=1"},"img":{"alt_text":"baradel","src":"https:\/\/i0.wp.com\/www.24baires.com\/wp-content\/uploads\/2012\/09\/baradel.jpg?resize=350%2C200","width":350,"height":200,"srcset":"https:\/\/i0.wp.com\/www.24baires.com\/wp-content\/uploads\/2012\/09\/baradel.jpg?resize=350%2C200 1x, https:\/\/i0.wp.com\/www.24baires.com\/wp-content\/uploads\/2012\/09\/baradel.jpg?resize=525%2C300 1.5x"},"classes":[]},{"id":92668,"url":"https:\/\/www.24baires.com\/?p=92668","url_meta":{"origin":14258,"position":2},"title":"\u00abLa oferta oficial no sirve ni para pagar las tarifas\u00bb, dijo Baradel","author":"GB","date":"24\/02\/2017","format":false,"excerpt":"El l\u00edder de Suteba reiter\u00f3 que la propuesta del oficialismo \"es insuficiente y est\u00e1 aplicada a la baja\" y se mostr\u00f3 confiado en que el paro \"se va a dar a nivel nacional y no s\u00f3lo en algunos distritos\". Luego de rechazar nuevamente la oferta salarial del Gobierno y de\u2026","rel":"","context":"En \u00abProvincia\u00bb","block_context":{"text":"Provincia","link":"https:\/\/www.24baires.com\/?cat=40"},"img":{"alt_text":"","src":"https:\/\/i0.wp.com\/www.24baires.com\/wp-content\/uploads\/2014\/03\/Baradel.jpg?resize=350%2C200","width":350,"height":200},"classes":[]},{"id":101728,"url":"https:\/\/www.24baires.com\/?p=101728","url_meta":{"origin":14258,"position":3},"title":"Vidal empeor\u00f3 la oferta a docentes y el mi\u00e9rcoles no habr\u00e1 clases","author":"AF","date":"20\/04\/2018","format":false,"excerpt":"Los maestros bonaerenses denunciaron que la \u00faltima propuesta oficial, que contempla un 10 por ciento de aumento en el primer semestre, en tres cuotas y sin cl\u00e1usula gatillo, \"es inferior\" a la anterior, que llegaba a un 11 por ciento en julio. \"La Provincia est\u00e1 en condiciones de hacer otra\u2026","rel":"","context":"En \u00abSociedad\u00bb","block_context":{"text":"Sociedad","link":"https:\/\/www.24baires.com\/?cat=1"},"img":{"alt_text":"","src":"https:\/\/i0.wp.com\/www.24baires.com\/wp-content\/uploads\/2017\/04\/salarios-docentes.jpg?resize=350%2C200","width":350,"height":200,"srcset":"https:\/\/i0.wp.com\/www.24baires.com\/wp-content\/uploads\/2017\/04\/salarios-docentes.jpg?resize=350%2C200 1x, https:\/\/i0.wp.com\/www.24baires.com\/wp-content\/uploads\/2017\/04\/salarios-docentes.jpg?resize=525%2C300 1.5x"},"classes":[]},{"id":100343,"url":"https:\/\/www.24baires.com\/?p=100343","url_meta":{"origin":14258,"position":4},"title":"Baradel: \u00abNo vamos a aceptar de ninguna manera un techo salarial\u00bb","author":"GB","date":"03\/02\/2018","format":false,"excerpt":"El titular de Suteba le reclam\u00f3 a Vidal que convoque a paritarias \"libres y sin techo\" y la acus\u00f3 de \"dilatar los plazos\". El titular del Sindicato Unificado de Trabajadores de la Educaci\u00f3n (Suteba), Roberto Baradel, advirti\u00f3 que los gremios docentes no aceptar\u00e1n el techo salarial de 15 por ciento\u2026","rel":"","context":"En \u00abPol\u00edtica\u00bb","block_context":{"text":"Pol\u00edtica","link":"https:\/\/www.24baires.com\/?cat=51"},"img":{"alt_text":"","src":"https:\/\/i0.wp.com\/www.24baires.com\/wp-content\/uploads\/2014\/03\/Baradel.jpg?resize=350%2C200","width":350,"height":200},"classes":[]},{"id":101159,"url":"https:\/\/www.24baires.com\/?p=101159","url_meta":{"origin":14258,"position":5},"title":"Antes de la paritaria, Suteba marca la cancha y aprueba posibles paros","author":"GB","date":"20\/03\/2018","format":false,"excerpt":"En la previa a la reuni\u00f3n paritaria del pr\u00f3ximo mi\u00e9rcoles, los docentes bonaerenses empezaron a marcarle la cancha al Gobierno provincial. Es que, Suteba, el gremio mayoritario de los maestros, decidi\u00f3 en un plenario de secretarios generales \"la continuidad y profundizaci\u00f3n de un plan de lucha\", que incluye paros y\u2026","rel":"","context":"En \u00abProvincia\u00bb","block_context":{"text":"Provincia","link":"https:\/\/www.24baires.com\/?cat=40"},"img":{"alt_text":"","src":"https:\/\/i0.wp.com\/www.24baires.com\/wp-content\/uploads\/2017\/07\/baradel.jpg?resize=350%2C200","width":350,"height":200,"srcset":"https:\/\/i0.wp.com\/www.24baires.com\/wp-content\/uploads\/2017\/07\/baradel.jpg?resize=350%2C200 1x, https:\/\/i0.wp.com\/www.24baires.com\/wp-content\/uploads\/2017\/07\/baradel.jpg?resize=525%2C300 1.5x"},"classes":[]}],"jetpack_sharing_enabled":true,"jetpack_likes_enabled":true,"_links":{"self":[{"href":"https:\/\/www.24baires.com\/index.php?rest_route=\/wp\/v2\/posts\/14258","targetHints":{"allow":["GET"]}}],"collection":[{"href":"https:\/\/www.24baires.com\/index.php?rest_route=\/wp\/v2\/posts"}],"about":[{"href":"https:\/\/www.24baires.com\/index.php?rest_route=\/wp\/v2\/types\/post"}],"author":[{"embeddable":true,"href":"https:\/\/www.24baires.com\/index.php?rest_route=\/wp\/v2\/users\/4"}],"replies":[{"embeddable":true,"href":"https:\/\/www.24baires.com\/index.php?rest_route=%2Fwp%2Fv2%2Fcomments&post=14258"}],"version-history":[{"count":2,"href":"https:\/\/www.24baires.com\/index.php?rest_route=\/wp\/v2\/posts\/14258\/revisions"}],"predecessor-version":[{"id":14263,"href":"https:\/\/www.24baires.com\/index.php?rest_route=\/wp\/v2\/posts\/14258\/revisions\/14263"}],"wp:attachment":[{"href":"https:\/\/www.24baires.com\/index.php?rest_route=%2Fwp%2Fv2%2Fmedia&parent=14258"}],"wp:term":[{"taxonomy":"category","embeddable":true,"href":"https:\/\/www.24baires.com\/index.php?rest_route=%2Fwp%2Fv2%2Fcategories&post=14258"},{"taxonomy":"post_tag","embeddable":true,"href":"https:\/\/www.24baires.com\/index.php?rest_route=%2Fwp%2Fv2%2Ftags&post=14258"}],"curies":[{"name":"wp","href":"https:\/\/api.w.org\/{rel}","templated":true}]}}