{"id":14234,"date":"2013-02-01T09:37:06","date_gmt":"2013-02-01T12:37:06","guid":{"rendered":"http:\/\/www.24baires.com\/?p=14234"},"modified":"2013-02-01T11:03:27","modified_gmt":"2013-02-01T14:03:27","slug":"reclaman-mayores-controles-a-vehiculos-para-evitar-accidentes-de-transito","status":"publish","type":"post","link":"https:\/\/www.24baires.com\/?p=14234","title":{"rendered":"Reclaman mayores controles a veh\u00edculos para evitar accidentes de tr\u00e1nsito"},"content":{"rendered":"<p><img data-recalc-dims=\"1\" loading=\"lazy\" decoding=\"async\" class=\"alignleft size-full wp-image-14235\" alt=\"silveira luchemos por la vida\" src=\"https:\/\/i0.wp.com\/www.24baires.com\/wp-content\/uploads\/2013\/02\/silveira-luchemos-por-la-vida.jpg?resize=300%2C200\" width=\"300\" height=\"200\" \/>Alberto Silveira de \u201cLuchemos por la Vida\u201d pidi\u00f3 a la poblaci\u00f3n que tenga una conducta segura y a las autoridades que hagan cumplir las normas.<!--more--><br \/>\nEl presidente de Luchemos por la Vida, Alberto Silveira, asegur\u00f3 que en la Argentina \u201ctodav\u00eda no hemos dado pasos importantes\u201d para evitar los graves accidentes de tr\u00e1nsito que ocurren en las rutas de nuestro pa\u00eds. Advirti\u00f3 que la responsabilidad \u201cinvolucra a los 40 millones de habitantes\u201d porque pese a todas las recomendaciones, el exceso de velocidad contin\u00faa presente, mientras que los cinturones de seguridad y los cascos \u201cson casi desconocidos en el interior\u201d. Tambi\u00e9n asever\u00f3 que \u201cla ingesta de alcohol no es controlada como corresponde\u201d.<\/p>\n<p>Subray\u00f3 que \u201cmucha gente no pone en pr\u00e1ctica conductas seguras y por eso hace falta el control y la sanci\u00f3n por parte de las autoridades, que es lo que nos est\u00e1 faltando grandemente en la Argentina\u201d. Seg\u00fan Silveira, \u201clos intendentes de todo el pa\u00eds tienen una responsabilidad muy grande\u201d.<\/p>\n<p>Por \u00faltimo, indic\u00f3 que \u201cel estado de las rutas influye mucho\u201d y revel\u00f3 que \u201cel 6 % de las muertes, m\u00e1s de 400 muertes, se producen anualmente por el estado de las rutas\u201d.<\/p>\n<p>&nbsp;<\/p>\n<p>&nbsp;<\/p>\n<p>&nbsp;<\/p>\n<p>&nbsp;<\/p>\n<p>&nbsp;<\/p>\n<p>&nbsp;<\/p>\n<p>&nbsp;<\/p>\n<p>&nbsp;<\/p>\n<p>&nbsp;<\/p>\n<p>&nbsp;<\/p>\n<p>&nbsp;<\/p>\n<p>&nbsp;<\/p>\n<p>&nbsp;<\/p>\n<p>&nbsp;<\/p>\n<p>&nbsp;<\/p>\n<p>&nbsp;<\/p>\n<p>&nbsp;<\/p>\n<p>&nbsp;<\/p>\n<p>&nbsp;<\/p>\n","protected":false},"excerpt":{"rendered":"<p>Alberto Silveira de \u201cLuchemos por la Vida\u201d pidi\u00f3 a la poblaci\u00f3n que tenga una conducta segura y a las autoridades que hagan cumplir las normas.<\/p>\n","protected":false},"author":4,"featured_media":0,"comment_status":"open","ping_status":"open","sticky":false,"template":"","format":"standard","meta":{"_jetpack_newsletter_access":"","_jetpack_dont_email_post_to_subs":false,"_jetpack_newsletter_tier_id":0,"_jetpack_memberships_contains_paywalled_content":false,"_jetpack_memberships_contains_paid_content":false,"footnotes":""},"categories":[1],"tags":[],"class_list":["post-14234","post","type-post","status-publish","format-standard","hentry","category-sociedad"],"jetpack_featured_media_url":"","jetpack_shortlink":"https:\/\/wp.me\/p2JWE0-3HA","jetpack-related-posts":[{"id":51181,"url":"https:\/\/www.24baires.com\/?p=51181","url_meta":{"origin":14234,"position":0},"title":"\u00abLuchemos por la vida\u00bb pide cambios en la Ley bonaerense","author":"AF","date":"05\/08\/2014","format":false,"excerpt":"La Asociaci\u00f3n Civil asegura que se trata de un mensaje muy negativo que un arreglo econ\u00f3mico entre las partes archive una causa penal. El titular de la Asociaci\u00f3n Civil Luchemos por la Vida, Alberto Silveira, calific\u00f3 de \u201cinsensato\u201d al padre que permiti\u00f3 que su hijo de once a\u00f1os maneje su\u2026","rel":"","context":"En \u00abSociedad\u00bb","block_context":{"text":"Sociedad","link":"https:\/\/www.24baires.com\/?cat=1"},"img":{"alt_text":"accidente ruta","src":"https:\/\/i0.wp.com\/www.24baires.com\/wp-content\/uploads\/2013\/01\/accidente-ruta.jpg?resize=350%2C200","width":350,"height":200,"srcset":"https:\/\/i0.wp.com\/www.24baires.com\/wp-content\/uploads\/2013\/01\/accidente-ruta.jpg?resize=350%2C200 1x, https:\/\/i0.wp.com\/www.24baires.com\/wp-content\/uploads\/2013\/01\/accidente-ruta.jpg?resize=525%2C300 1.5x"},"classes":[]},{"id":23986,"url":"https:\/\/www.24baires.com\/?p=23986","url_meta":{"origin":14234,"position":1},"title":"21 personas por d\u00eda murieron en 2012 en accidentes de tr\u00e1nsito en el pa\u00eds","author":"Grupo Sierra","date":"20\/05\/2013","format":false,"excerpt":"\u201cCreemos que la mayor\u00eda no cree que est\u00e1 cumpliendo una funci\u00f3n de riesgo, cuando conduce, camina o anda en bicicleta. Pero hablamos de peatones o conductores cuando hay que entender que hablamos de personas\u201d, se\u00f1al\u00f3 un integrante de Luchemos por la Vida. Durante el a\u00f1o pasado murieron 7.500 personas en\u2026","rel":"","context":"En \u00abSociedad\u00bb","block_context":{"text":"Sociedad","link":"https:\/\/www.24baires.com\/?cat=1"},"img":{"alt_text":"accidentes viales","src":"https:\/\/i0.wp.com\/www.24baires.com\/wp-content\/uploads\/2013\/05\/accidentes-viales1.jpg?resize=350%2C200","width":350,"height":200,"srcset":"https:\/\/i0.wp.com\/www.24baires.com\/wp-content\/uploads\/2013\/05\/accidentes-viales1.jpg?resize=350%2C200 1x, https:\/\/i0.wp.com\/www.24baires.com\/wp-content\/uploads\/2013\/05\/accidentes-viales1.jpg?resize=525%2C300 1.5x"},"classes":[]},{"id":12377,"url":"https:\/\/www.24baires.com\/?p=12377","url_meta":{"origin":14234,"position":2},"title":"Conductores m\u00e1s prudentes: a m\u00e1s controles, menos accidentes","author":"AF","date":"16\/01\/2013","format":false,"excerpt":"Desde el CESVI dicen que \u201clas acciones de control terminan redundando en una disminuci\u00f3n de los accidentes, que es el peor costo que se puede pagar\u201d. El subgerente de seguridad vial del Cesvi (Centro de Experimentaci\u00f3n y Seguridad Vial), Gustavo Brambati, destac\u00f3 la importancia de los controles en las rutas\u2026","rel":"","context":"En \u00abSociedad\u00bb","block_context":{"text":"Sociedad","link":"https:\/\/www.24baires.com\/?cat=1"},"img":{"alt_text":"control ruta","src":"https:\/\/i0.wp.com\/www.24baires.com\/wp-content\/uploads\/2013\/01\/control-ruta.jpg?resize=350%2C200","width":350,"height":200},"classes":[]},{"id":14203,"url":"https:\/\/www.24baires.com\/?p=14203","url_meta":{"origin":14234,"position":3},"title":"Numerosa marcha contra la inseguridad en San Miguel del Monte","author":"Grupo Sierra","date":"31\/01\/2013","format":false,"excerpt":"Cerca de 2 mil vecinos de la localidad ubicada a 110 kil\u00f3metros de la Capital Federal se movilizaron desde el Palacio Municipal hasta la comisar\u00eda para reclamar por mayor seguridad en las calles, ante la gran cantidad de delitos que se denunciaron en lo que va del a\u00f1o. El intendente,\u2026","rel":"","context":"En \u00abSociedad\u00bb","block_context":{"text":"Sociedad","link":"https:\/\/www.24baires.com\/?cat=1"},"img":{"alt_text":"Monte","src":"https:\/\/i0.wp.com\/www.24baires.com\/wp-content\/uploads\/2013\/01\/Monte.jpg?resize=350%2C200","width":350,"height":200,"srcset":"https:\/\/i0.wp.com\/www.24baires.com\/wp-content\/uploads\/2013\/01\/Monte.jpg?resize=350%2C200 1x, https:\/\/i0.wp.com\/www.24baires.com\/wp-content\/uploads\/2013\/01\/Monte.jpg?resize=525%2C300 1.5x"},"classes":[]},{"id":114511,"url":"https:\/\/www.24baires.com\/?p=114511","url_meta":{"origin":14234,"position":4},"title":"Frederic anunci\u00f3 que se reforzar\u00e1n los controles en la circulaci\u00f3n de veh\u00edculos","author":"AF","date":"25\/03\/2020","format":false,"excerpt":"La ministra de Seguridad inform\u00f3 que fueron detenidas 2.226 personas por no cumplir el aislamiento. Luego del mensaje que envi\u00f3 esta ma\u00f1ana, el presidente Alberto Fern\u00e1ndez mantuvo en encuentro con la titular de la cartera de Seguridad Sabina Frederic para profundizar las medidas de control a los fines de evitar\u2026","rel":"","context":"En \u00abSociedad\u00bb","block_context":{"text":"Sociedad","link":"https:\/\/www.24baires.com\/?cat=1"},"img":{"alt_text":"","src":"https:\/\/i0.wp.com\/www.24baires.com\/wp-content\/uploads\/2020\/03\/fern%C3%A1ndezz.jpg?resize=350%2C200","width":350,"height":200,"srcset":"https:\/\/i0.wp.com\/www.24baires.com\/wp-content\/uploads\/2020\/03\/fern%C3%A1ndezz.jpg?resize=350%2C200 1x, https:\/\/i0.wp.com\/www.24baires.com\/wp-content\/uploads\/2020\/03\/fern%C3%A1ndezz.jpg?resize=525%2C300 1.5x"},"classes":[]},{"id":25434,"url":"https:\/\/www.24baires.com\/?p=25434","url_meta":{"origin":14234,"position":5},"title":"M\u00e1s de 112 mil personas murieron en accidentes viales en los \u00faltimos 15 a\u00f1os","author":"Grupo Sierra","date":"09\/06\/2013","format":false,"excerpt":"La organizaci\u00f3n civil Luchemos por la Vida afirm\u00f3 hoy que 112.276 personas murieron en los \u00faltimos quince a\u00f1os en accidentes de tr\u00e1nsito ocurridos en el pa\u00eds, lo que representa un promedio de 21 v\u00edctimas fatales por d\u00eda. El informe fue difundido con motivo del D\u00eda de la Seguridad Vial, que\u2026","rel":"","context":"En \u00abSociedad\u00bb","block_context":{"text":"Sociedad","link":"https:\/\/www.24baires.com\/?cat=1"},"img":{"alt_text":"","src":"","width":0,"height":0},"classes":[]}],"jetpack_sharing_enabled":true,"jetpack_likes_enabled":true,"_links":{"self":[{"href":"https:\/\/www.24baires.com\/index.php?rest_route=\/wp\/v2\/posts\/14234","targetHints":{"allow":["GET"]}}],"collection":[{"href":"https:\/\/www.24baires.com\/index.php?rest_route=\/wp\/v2\/posts"}],"about":[{"href":"https:\/\/www.24baires.com\/index.php?rest_route=\/wp\/v2\/types\/post"}],"author":[{"embeddable":true,"href":"https:\/\/www.24baires.com\/index.php?rest_route=\/wp\/v2\/users\/4"}],"replies":[{"embeddable":true,"href":"https:\/\/www.24baires.com\/index.php?rest_route=%2Fwp%2Fv2%2Fcomments&post=14234"}],"version-history":[{"count":1,"href":"https:\/\/www.24baires.com\/index.php?rest_route=\/wp\/v2\/posts\/14234\/revisions"}],"predecessor-version":[{"id":14236,"href":"https:\/\/www.24baires.com\/index.php?rest_route=\/wp\/v2\/posts\/14234\/revisions\/14236"}],"wp:attachment":[{"href":"https:\/\/www.24baires.com\/index.php?rest_route=%2Fwp%2Fv2%2Fmedia&parent=14234"}],"wp:term":[{"taxonomy":"category","embeddable":true,"href":"https:\/\/www.24baires.com\/index.php?rest_route=%2Fwp%2Fv2%2Fcategories&post=14234"},{"taxonomy":"post_tag","embeddable":true,"href":"https:\/\/www.24baires.com\/index.php?rest_route=%2Fwp%2Fv2%2Ftags&post=14234"}],"curies":[{"name":"wp","href":"https:\/\/api.w.org\/{rel}","templated":true}]}}