{"id":14224,"date":"2013-01-31T22:02:58","date_gmt":"2013-02-01T01:02:58","guid":{"rendered":"http:\/\/www.24baires.com\/?p=14224"},"modified":"2013-01-31T22:02:58","modified_gmt":"2013-02-01T01:02:58","slug":"caso-marita-veron-ampliaran-las-denuncias-y-pediran-la-destitucion-de-los-jueces","status":"publish","type":"post","link":"https:\/\/www.24baires.com\/?p=14224","title":{"rendered":"Caso Marita Ver\u00f3n: Ampliar\u00e1n las denuncias y pedir\u00e1n la destituci\u00f3n de los jueces"},"content":{"rendered":"<p>Los abogados de Susana Trimarco ratificar\u00e1n y ampliar\u00e1n este viernes el pedido de destituci\u00f3n presentado contra los integrantes del tribunal que absolvi\u00f3 a todos los imputados en el juicio por la desaparici\u00f3n de Marita Ver\u00f3n.<!--more--><\/p>\n<p>Los abogados ampliar\u00e1n la denuncia contra los jueces luego de analizar los fundamentos del fallo y considerar que el tribunal ten\u00eda \u00abla decisi\u00f3n previa de absolver a los imputados\u00bb.<\/p>\n<p>\u00abLa sentencia termina siendo una consecuencia directa de la actuaci\u00f3n del tribunal que tuvo la decisi\u00f3n previa de absolver a los imputados\u00bb, le dijo a T\u00e9lam Carlos Garmendia, uno de los abogados de la Fundaci\u00f3n Mar\u00eda de los Angeles.<\/p>\n<p>Garmendia confirm\u00f3 que ma\u00f1ana, primer d\u00eda h\u00e1bil de febrero, se presentar\u00e1n en la Legislatura provincial para ratificar ante la comisi\u00f3n de Juicio Pol\u00edtico el pedido de destituci\u00f3n contra los integrantes del tribunal: Alberto Piedrabuena, Emilio Herrera Molina y Eduardo Romero Lascano.<\/p>\n<p>\u00abVamos a ratificar nuestro pedido para avanzar con el proceso de destituci\u00f3n de acuerdo a la notificaci\u00f3n que recibimos de la comisi\u00f3n de juicio pol\u00edtico\u00bb, se\u00f1al\u00f3 el abogado.<\/p>\n<p>Garmendia destac\u00f3 que luego de estudiar en profundidad la sentencia, que no hab\u00eda sido dada a conocer cuando iniciaron el proceso en diciembre, decidieron profundizar la denuncia e incluir las irregularidades observadas en los fundamentos del fallo.<\/p>\n<p>\u00abNos dimos cuenta de que la sentencia termina siendo la consecuencia directa de la actuaci\u00f3n del tribunal que, desde nuestro punto de vista, tuvo la decisi\u00f3n previa de absolver a todos los imputados\u00bb, se\u00f1al\u00f3.<\/p>\n<p>\u00abCon esta ampliaci\u00f3n mostramos las arbitrariedades de la sentencia y agregamos esos argumentos al expediente iniciado para que se proceda a la destituci\u00f3n de los jueces\u00bb, agreg\u00f3 Garmendia.<\/p>\n<p>El tr\u00e1mite que conduce al Jury de Enjuiciamiento contra los integrantes del tribunal que el 11 de diciembre pasado absolvi\u00f3 a los 13 imputados en el juicio por el secuestro de Marita Ver\u00f3n se inici\u00f3 en diciembre, antes del receso administrativo de la Legislatura provincial, y debe completarse a partir de ma\u00f1ana.<\/p>\n<p>Esta es la \u00fanica instancia que contempla la posible destituci\u00f3n de jueces, seg\u00fan la Constituci\u00f3n provincial.<\/p>\n<p>Al dar a conocer el fallo, los jueces consideraron que no se hab\u00eda logrado probar la comisi\u00f3n de esos delitos en contra de Marita Ver\u00f3n y la sentencia desat\u00f3 una ola de reclamos desde diferentes sectores sociales y pol\u00edticos.<\/p>\n<p>La Legislatura provincial, luego de recibir el pedido, notific\u00f3 a la parte denunciante para que rectifique, ratifique o ampl\u00ede su denuncia, lo que se har\u00e1 ma\u00f1ana.<\/p>\n<p>Luego de este paso, la comisi\u00f3n de Juicio Pol\u00edtico resolver\u00e1 si archiva el expediente o corre traslado a la otra parte, y en caso que ocurra esto \u00faltimo, los tres jueces cuestionados tendr\u00e1n 15 d\u00edas h\u00e1biles para elaborar un descargo.<\/p>\n<p>Una vez completado este paso, la comisi\u00f3n resuelve si se acusa o no a los magistrados y en caso de ser afirmativo la resoluci\u00f3n, comienza a funcionar el Jury de Enjuiciamiento.<\/p>\n<p>Este \u00f3rgano est\u00e1 compuesto por representantes de los tres Poderes del Estado: cinco legisladores, un integrante del Poder Ejecutivo, otro de la Corte Suprema de Justicia y un representante de los abogados.<\/p>\n<p>La intervenci\u00f3n de este cuerpo est\u00e1 prevista para casos en que sean cuestionados integrantes de los Ministerios Fiscal o magistrados.<\/p>\n<p>En esta instancia se requieren los dos tercios de los votos para destituir del cargo a Piedrabuena, Herrera Molina y Romero Lascano integrantes de la sala II de la C\u00e1mara Penal.<\/p>\n<p>D\u00edas despu\u00e9s de la presentaci\u00f3n, Herrera Molina present\u00f3 su renuncia a la magistratura y anunci\u00f3 el comienzo de los tr\u00e1mites para jubilarse.<\/p>\n<p>&nbsp;<\/p>\n<p>&nbsp;<\/p>\n<p>&nbsp;<\/p>\n<p>&nbsp;<\/p>\n<p>&nbsp;<\/p>\n<p>&nbsp;<\/p>\n<p>&nbsp;<\/p>\n<p>&nbsp;<\/p>\n<p>&nbsp;<\/p>\n<p>&nbsp;<\/p>\n<p>&nbsp;<\/p>\n<p>&nbsp;<\/p>\n<p>&nbsp;<\/p>\n<p>&nbsp;<\/p>\n","protected":false},"excerpt":{"rendered":"<p>Los abogados de Susana Trimarco ratificar\u00e1n y ampliar\u00e1n este viernes el pedido de destituci\u00f3n presentado contra los integrantes del tribunal que absolvi\u00f3 a todos los imputados en el juicio por la desaparici\u00f3n de Marita Ver\u00f3n.<\/p>\n","protected":false},"author":11,"featured_media":0,"comment_status":"open","ping_status":"open","sticky":false,"template":"","format":"standard","meta":{"_jetpack_newsletter_access":"","_jetpack_dont_email_post_to_subs":false,"_jetpack_newsletter_tier_id":0,"_jetpack_memberships_contains_paywalled_content":false,"_jetpack_memberships_contains_paid_content":false,"footnotes":""},"categories":[1],"tags":[],"class_list":["post-14224","post","type-post","status-publish","format-standard","hentry","category-sociedad"],"jetpack_featured_media_url":"","jetpack_shortlink":"https:\/\/wp.me\/p2JWE0-3Hq","jetpack-related-posts":[{"id":14307,"url":"https:\/\/www.24baires.com\/?p=14307","url_meta":{"origin":14224,"position":0},"title":"Susana Trimarco reiter\u00f3 el pedido de Jury a los Jueces del caso Marita Ver\u00f3n","author":"AF","date":"01\/02\/2013","format":false,"excerpt":"Susana Trimarco dijo que pedir\u00e1 la destituci\u00f3n de los jueces de Tucum\u00e1n que absolvieron a los 13 imputados en el juicio por la desaparici\u00f3n de su hija, Marita Ver\u00f3n, y denunci\u00f3 que la amenazaron con \"secuestrar y matar\" a su nieta Micaela. \"Estoy tan acostumbrada a las amenazas que no\u2026","rel":"","context":"En \u00abSociedad\u00bb","block_context":{"text":"Sociedad","link":"https:\/\/www.24baires.com\/?cat=1"},"img":{"alt_text":"","src":"","width":0,"height":0},"classes":[]},{"id":20224,"url":"https:\/\/www.24baires.com\/?p=20224","url_meta":{"origin":14224,"position":1},"title":"Frenan el proceso de destituci\u00f3n de los jueces del caso Marita Ver\u00f3n","author":"AF","date":"04\/04\/2013","format":false,"excerpt":"A nueve a\u00f1os de su desaparici\u00f3n, la Corte Suprema de Justicia tucumana hizo lugar a una medida cautelar y orden\u00f3 a la comisi\u00f3n de Juicio Pol\u00edtico de la Legislatura y al Jurado de Enjuiciamiento que se abstengan de continuar el proceso de destituci\u00f3n contra los magistrados. La Justicia hizo lugar\u2026","rel":"","context":"En \u00abLocales\u00bb","block_context":{"text":"Locales","link":"https:\/\/www.24baires.com\/?cat=38"},"img":{"alt_text":"trimarco","src":"https:\/\/i0.wp.com\/www.24baires.com\/wp-content\/uploads\/2012\/11\/trimarco.jpg?resize=350%2C200","width":350,"height":200},"classes":[]},{"id":10609,"url":"https:\/\/www.24baires.com\/?p=10609","url_meta":{"origin":14224,"position":2},"title":"Luego del pedido de Jury, renunci\u00f3 uno de los jueces del caso Marita Ver\u00f3n","author":"AF","date":"27\/12\/2012","format":false,"excerpt":"Emilio Herrera Molina, uno de los integrantes del tribunal que absolvi\u00f3 a los 13 imputados en el juicio por Marita Ver\u00f3n, aclar\u00f3 que seguir\u00e1 en el cargo hasta completar los tr\u00e1mites de jubilaci\u00f3n que inici\u00f3 oportunamente. El vocal de la Sala II de la C\u00e1mara Penal aclar\u00f3 que seguir\u00e1 en\u2026","rel":"","context":"En \u00abSociedad\u00bb","block_context":{"text":"Sociedad","link":"https:\/\/www.24baires.com\/?cat=1"},"img":{"alt_text":"herrera molina","src":"https:\/\/i0.wp.com\/www.24baires.com\/wp-content\/uploads\/2012\/12\/herrera-molina-300x220.jpg?resize=350%2C200","width":350,"height":200},"classes":[]},{"id":20074,"url":"https:\/\/www.24baires.com\/?p=20074","url_meta":{"origin":14224,"position":3},"title":"Caso Marita Ver\u00f3n: acusan a los Jueces y se inicia el Jury de enjuiciamiento","author":"AF","date":"03\/04\/2013","format":false,"excerpt":"La medida fue votada por la Legislatura provincial. Se trata de dos de los tres magistrados que absolvieron a los 13 imputados por el secuestro de la joven. La comisi\u00f3n de Juicio Pol\u00edtico de la Legislatura provincial decidi\u00f3 acusar a los jueces que absolvieron a los 13 imputados en el\u2026","rel":"","context":"En \u00abSociedad\u00bb","block_context":{"text":"Sociedad","link":"https:\/\/www.24baires.com\/?cat=1"},"img":{"alt_text":"marita ver\u00f3n2","src":"https:\/\/i0.wp.com\/www.24baires.com\/wp-content\/uploads\/2013\/04\/marita-ver%C3%B3n2.jpg?resize=350%2C200","width":350,"height":200,"srcset":"https:\/\/i0.wp.com\/www.24baires.com\/wp-content\/uploads\/2013\/04\/marita-ver%C3%B3n2.jpg?resize=350%2C200 1x, https:\/\/i0.wp.com\/www.24baires.com\/wp-content\/uploads\/2013\/04\/marita-ver%C3%B3n2.jpg?resize=525%2C300 1.5x"},"classes":[]},{"id":105759,"url":"https:\/\/www.24baires.com\/?p=105759","url_meta":{"origin":14224,"position":4},"title":"Mujeres paran en reclamo de justicia por al absoluci\u00f3n de los femicidas de Luc\u00eda","author":"GB","date":"05\/12\/2018","format":false,"excerpt":"Miles de mujeres marchar\u00e1n a las 17 en Capital Federal y en distintos puntos del pa\u00eds para repudiar la decisi\u00f3n de los jueces y exigir su destituci\u00f3n. Organizaciones feministas impulsan el segundo paro de mujeres, lesbianas, travestis y trans en repudio al fallo que absolvi\u00f3 a los tres imputados por\u2026","rel":"","context":"En \u00abSociedad\u00bb","block_context":{"text":"Sociedad","link":"https:\/\/www.24baires.com\/?cat=1"},"img":{"alt_text":"","src":"https:\/\/i0.wp.com\/www.24baires.com\/wp-content\/uploads\/2018\/12\/justicia-por-lucia.jpg?resize=350%2C200","width":350,"height":200,"srcset":"https:\/\/i0.wp.com\/www.24baires.com\/wp-content\/uploads\/2018\/12\/justicia-por-lucia.jpg?resize=350%2C200 1x, https:\/\/i0.wp.com\/www.24baires.com\/wp-content\/uploads\/2018\/12\/justicia-por-lucia.jpg?resize=525%2C300 1.5x"},"classes":[]},{"id":43467,"url":"https:\/\/www.24baires.com\/?p=43467","url_meta":{"origin":14224,"position":5},"title":"Marita Ver\u00f3n: prisi\u00f3n domiciliaria para los imputados hasta que se dicte el fallo","author":"GB","date":"07\/04\/2014","format":false,"excerpt":"El tribunal designado para establecer la condena de los diez acusados por el secuestro y desaparici\u00f3n de Marita Ver\u00f3n orden\u00f3 la prisi\u00f3n domiciliaria de los imputados, mientras que los fiscales y los abogados de la madre de la v\u00edctima, Susana Trimarco, pidieron penas de hasta 25 a\u00f1os con cumplimiento efectivo\u2026","rel":"","context":"En \u00abJUDICIALES\u00bb","block_context":{"text":"JUDICIALES","link":"https:\/\/www.24baires.com\/?cat=68"},"img":{"alt_text":"susana trimarco","src":"https:\/\/i0.wp.com\/www.24baires.com\/wp-content\/uploads\/2013\/01\/susana-trimarco-300x180.jpg?resize=350%2C200","width":350,"height":200},"classes":[]}],"jetpack_sharing_enabled":true,"jetpack_likes_enabled":true,"_links":{"self":[{"href":"https:\/\/www.24baires.com\/index.php?rest_route=\/wp\/v2\/posts\/14224","targetHints":{"allow":["GET"]}}],"collection":[{"href":"https:\/\/www.24baires.com\/index.php?rest_route=\/wp\/v2\/posts"}],"about":[{"href":"https:\/\/www.24baires.com\/index.php?rest_route=\/wp\/v2\/types\/post"}],"author":[{"embeddable":true,"href":"https:\/\/www.24baires.com\/index.php?rest_route=\/wp\/v2\/users\/11"}],"replies":[{"embeddable":true,"href":"https:\/\/www.24baires.com\/index.php?rest_route=%2Fwp%2Fv2%2Fcomments&post=14224"}],"version-history":[{"count":3,"href":"https:\/\/www.24baires.com\/index.php?rest_route=\/wp\/v2\/posts\/14224\/revisions"}],"predecessor-version":[{"id":14227,"href":"https:\/\/www.24baires.com\/index.php?rest_route=\/wp\/v2\/posts\/14224\/revisions\/14227"}],"wp:attachment":[{"href":"https:\/\/www.24baires.com\/index.php?rest_route=%2Fwp%2Fv2%2Fmedia&parent=14224"}],"wp:term":[{"taxonomy":"category","embeddable":true,"href":"https:\/\/www.24baires.com\/index.php?rest_route=%2Fwp%2Fv2%2Fcategories&post=14224"},{"taxonomy":"post_tag","embeddable":true,"href":"https:\/\/www.24baires.com\/index.php?rest_route=%2Fwp%2Fv2%2Ftags&post=14224"}],"curies":[{"name":"wp","href":"https:\/\/api.w.org\/{rel}","templated":true}]}}