{"id":1422,"date":"2012-10-08T13:42:13","date_gmt":"2012-10-08T16:42:13","guid":{"rendered":"http:\/\/www.24baires.com\/?p=1422"},"modified":"2012-10-08T13:42:13","modified_gmt":"2012-10-08T16:42:13","slug":"presupuesto-participativo-en-trenque-lauquen-comienza-hoy-la-ultima-etapa-para-su-aplicacion","status":"publish","type":"post","link":"https:\/\/www.24baires.com\/?p=1422","title":{"rendered":"Presupuesto participativo en Trenque Lauquen: comienza hoy la \u00faltima etapa para su aplicaci\u00f3n"},"content":{"rendered":"<p>Hoy lunes a partir de las 19.30 se dar\u00e1 inicio a la \u00faltima etapa para la aplicaci\u00f3n del Presupuesto Participativo en el distrito de Trenque Lauquen. La cita ser\u00e1 en el Centro de Referencia \u201cIndio Trompa\u201d.<!--more--><\/p>\n<p>Funcionarios municipales e integrantes del Colectivo Trenque Lauquen por m\u00e1s Participaci\u00f3n coordinar\u00e1n la cuarta y \u00faltima asamblea para el sector sur de la ciudad cabecera, en la que se presentar\u00e1n los proyectos y se organizar\u00e1n las campa\u00f1as para promover la votaci\u00f3n del pr\u00f3ximo 28 de octubre. Durante el resto de la semana se dar\u00e1 el mismo paso en el resto de las zonas en donde se aplicar\u00e1 el PP.<\/p>\n<p>El director del \u00c1rea de Inform\u00e1tica de la Municipalidad de Trenque Lauquen y coordinador del Presupuesto Participativo, Lautaro Van Meegroot, explic\u00f3 las caracter\u00edsticas que tendr\u00e1 esta etapa final para la aplicaci\u00f3n de la nueva herramienta que permite a los vecinos destinar una parte del presupuesto municipal a la concreci\u00f3n de propuestas y proyectos que se consideren necesarios para su sector.<\/p>\n<p>\u201cYa se hizo la valuaci\u00f3n t\u00e9cnica y financiera para saber si los proyectos son viables, adem\u00e1s de verse los aspectos legales. Se trabaj\u00f3 en los proyectos generales que ser\u00e1n tratados y presentados en las asambleas de esta semana, y que dieron origen a los mismos\u201d, dijo el funcionario.<\/p>\n","protected":false},"excerpt":{"rendered":"<p>Hoy lunes a partir de las 19.30 se dar\u00e1 inicio a la \u00faltima etapa para la aplicaci\u00f3n del Presupuesto Participativo en el distrito de Trenque Lauquen. La cita ser\u00e1 en el Centro de Referencia \u201cIndio Trompa\u201d.<\/p>\n","protected":false},"author":4,"featured_media":0,"comment_status":"open","ping_status":"open","sticky":false,"template":"","format":"standard","meta":{"_jetpack_newsletter_access":"","_jetpack_dont_email_post_to_subs":false,"_jetpack_newsletter_tier_id":0,"_jetpack_memberships_contains_paywalled_content":false,"_jetpack_memberships_contains_paid_content":false,"footnotes":""},"categories":[1],"tags":[],"class_list":["post-1422","post","type-post","status-publish","format-standard","hentry","category-sociedad"],"jetpack_featured_media_url":"","jetpack_shortlink":"https:\/\/wp.me\/p2JWE0-mW","jetpack-related-posts":[{"id":114265,"url":"https:\/\/www.24baires.com\/?p=114265","url_meta":{"origin":1422,"position":0},"title":"El gobierno decret\u00f3 la emergencia agropecuaria en Trenque Lauquen y General Villegas","author":"GB","date":"02\/03\/2020","format":false,"excerpt":"El gobierno bonaerense public\u00f3 en el Bolet\u00edn Oficial la declaraci\u00f3n de emergencia en la zona norte de la provincia. La emergencia fue prorrogada para el partido de Trenque Lauquen. El gobierno de la Provincia decret\u00f3 el estado de emergencia agropecuaria en la zona de General Villegas y el partido de\u2026","rel":"","context":"En \u00abProvincia\u00bb","block_context":{"text":"Provincia","link":"https:\/\/www.24baires.com\/?cat=40"},"img":{"alt_text":"","src":"https:\/\/i0.wp.com\/www.24baires.com\/wp-content\/uploads\/2013\/01\/trenque-lauquen-inundado.png?resize=350%2C200","width":350,"height":200},"classes":[]},{"id":115721,"url":"https:\/\/www.24baires.com\/?p=115721","url_meta":{"origin":1422,"position":1},"title":"Confirman la llegada del Covid-19 a Pehuaj\u00f3","author":"GB","date":"23\/07\/2020","format":false,"excerpt":"El primero de los tres contagios confirmados ser\u00eda un penitenciario que contrajo la enfermedad en la unidad 20 de Trenque Lauquen A trav\u00e9s de su cuenta de Twitter, el intendente de Pehuaj\u00f3, Pablo Zurro, confirm\u00f3 que se identificaron 3 casos positivos de COVID-19 en ese distrito y adelant\u00f3 que este\u2026","rel":"","context":"En \u00abMunicipios\u00bb","block_context":{"text":"Municipios","link":"https:\/\/www.24baires.com\/?cat=44"},"img":{"alt_text":"","src":"https:\/\/i0.wp.com\/www.24baires.com\/wp-content\/uploads\/2020\/07\/intentente-pehuajo.jpg?resize=350%2C200","width":350,"height":200,"srcset":"https:\/\/i0.wp.com\/www.24baires.com\/wp-content\/uploads\/2020\/07\/intentente-pehuajo.jpg?resize=350%2C200 1x, https:\/\/i0.wp.com\/www.24baires.com\/wp-content\/uploads\/2020\/07\/intentente-pehuajo.jpg?resize=525%2C300 1.5x"},"classes":[]},{"id":101730,"url":"https:\/\/www.24baires.com\/?p=101730","url_meta":{"origin":1422,"position":2},"title":"Sesi\u00f3n por emergencia tarifaria termin\u00f3 con agresiones a ediles en Trenque Lauqen","author":"GB","date":"22\/04\/2018","format":false,"excerpt":"La primera sesi\u00f3n del a\u00f1o en el Concejo Deliberante de Trenque Lauquen termin\u00f3 ayer con una in\u00e9dita trifulca que incluy\u00f3 insultos y agresiones f\u00edsicas contra ediles de Cambiemos, luego de que esa fuerza pol\u00edtica frustrara la aprobaci\u00f3n de un proyecto de resoluci\u00f3n del kirchnerismo para declarar la emergencia tarifaria en\u2026","rel":"","context":"En \u00abMunicipios\u00bb","block_context":{"text":"Municipios","link":"https:\/\/www.24baires.com\/?cat=44"},"img":{"alt_text":"","src":"https:\/\/i0.wp.com\/www.24baires.com\/wp-content\/uploads\/2018\/04\/sesion-trenque-launquen-300x200.jpeg?resize=350%2C200","width":350,"height":200},"classes":[]},{"id":3310,"url":"https:\/\/www.24baires.com\/?p=3310","url_meta":{"origin":1422,"position":3},"title":"Votan este domingo desde los 16 a\u00f1os en Trenque Lauquen el Presupuesto Participativo","author":"Grupo Sierra","date":"26\/10\/2012","format":false,"excerpt":"El Intendente Municipal, Cdor. Ra\u00fal Feito, acompa\u00f1ado de funcionarios de su gabinete ofreci\u00f3 este jueves una conferencia de prensa para invitar a todos los vecinos a participar de las elecciones del Presupuesto Participativo, que se realizar\u00e1n el pr\u00f3ximo domingo de 10 a 18 hs., luego de cumplidos todos los pasos\u2026","rel":"","context":"En \u00abMunicipios\u00bb","block_context":{"text":"Municipios","link":"https:\/\/www.24baires.com\/?cat=44"},"img":{"alt_text":"","src":"","width":0,"height":0},"classes":[]},{"id":119029,"url":"https:\/\/www.24baires.com\/?p=119029","url_meta":{"origin":1422,"position":4},"title":"Kicillof sostuvo que la econom\u00eda \u201ccrece, pero no se distribuye en todos los sectores\u201d","author":"GB","date":"29\/06\/2022","format":false,"excerpt":"El gobernador de la Provincia, Axel Kicillof, estuvo presente en Trenque Lauquen para inaugurar las obras de refacci\u00f3n integral de la Escuela Primaria N\u00b0 1, y all\u00ed apunto contra la distribuci\u00f3n de la riqueza. Este martes, el gobernador de la Provincia, Axel Kicillof, encabez\u00f3 el acto de inauguraci\u00f3n de las\u2026","rel":"","context":"En \u00abProvincia\u00bb","block_context":{"text":"Provincia","link":"https:\/\/www.24baires.com\/?cat=40"},"img":{"alt_text":"","src":"https:\/\/i0.wp.com\/www.24baires.com\/wp-content\/uploads\/2022\/06\/2022_06_28-AK-T-Lauquen-Escuela-Primaria-N1__SGE1948-1024x683-1.jpg?resize=350%2C200","width":350,"height":200,"srcset":"https:\/\/i0.wp.com\/www.24baires.com\/wp-content\/uploads\/2022\/06\/2022_06_28-AK-T-Lauquen-Escuela-Primaria-N1__SGE1948-1024x683-1.jpg?resize=350%2C200 1x, https:\/\/i0.wp.com\/www.24baires.com\/wp-content\/uploads\/2022\/06\/2022_06_28-AK-T-Lauquen-Escuela-Primaria-N1__SGE1948-1024x683-1.jpg?resize=525%2C300 1.5x, https:\/\/i0.wp.com\/www.24baires.com\/wp-content\/uploads\/2022\/06\/2022_06_28-AK-T-Lauquen-Escuela-Primaria-N1__SGE1948-1024x683-1.jpg?resize=700%2C400 2x"},"classes":[]},{"id":115501,"url":"https:\/\/www.24baires.com\/?p=115501","url_meta":{"origin":1422,"position":5},"title":"Trenque Lauquen aprob\u00f3 su propio impuesto a la riqueza","author":"GB","date":"30\/06\/2020","format":false,"excerpt":"El Concejo Deliberante apro\u00f3 una contribuci\u00f3n extraordinaria para las grandes fortunas. Los fondos recaudados ser\u00e1n utilizados para enfrentar la pandemia por coronavirus. \"Montar un centro extrahospitalario y que la gente est\u00e9 en buenas condiciones, sale plata\", argument\u00f3 el jefe comunal de Juntos por el Cambio, Miguel Fern\u00e1ndez. El distrito de\u2026","rel":"","context":"En \u00abMunicipios\u00bb","block_context":{"text":"Municipios","link":"https:\/\/www.24baires.com\/?cat=44"},"img":{"alt_text":"","src":"https:\/\/i0.wp.com\/www.24baires.com\/wp-content\/uploads\/2020\/06\/trenque-lauquen-300x188.jpg?resize=350%2C200","width":350,"height":200},"classes":[]}],"jetpack_sharing_enabled":true,"jetpack_likes_enabled":true,"_links":{"self":[{"href":"https:\/\/www.24baires.com\/index.php?rest_route=\/wp\/v2\/posts\/1422","targetHints":{"allow":["GET"]}}],"collection":[{"href":"https:\/\/www.24baires.com\/index.php?rest_route=\/wp\/v2\/posts"}],"about":[{"href":"https:\/\/www.24baires.com\/index.php?rest_route=\/wp\/v2\/types\/post"}],"author":[{"embeddable":true,"href":"https:\/\/www.24baires.com\/index.php?rest_route=\/wp\/v2\/users\/4"}],"replies":[{"embeddable":true,"href":"https:\/\/www.24baires.com\/index.php?rest_route=%2Fwp%2Fv2%2Fcomments&post=1422"}],"version-history":[{"count":0,"href":"https:\/\/www.24baires.com\/index.php?rest_route=\/wp\/v2\/posts\/1422\/revisions"}],"wp:attachment":[{"href":"https:\/\/www.24baires.com\/index.php?rest_route=%2Fwp%2Fv2%2Fmedia&parent=1422"}],"wp:term":[{"taxonomy":"category","embeddable":true,"href":"https:\/\/www.24baires.com\/index.php?rest_route=%2Fwp%2Fv2%2Fcategories&post=1422"},{"taxonomy":"post_tag","embeddable":true,"href":"https:\/\/www.24baires.com\/index.php?rest_route=%2Fwp%2Fv2%2Ftags&post=1422"}],"curies":[{"name":"wp","href":"https:\/\/api.w.org\/{rel}","templated":true}]}}