{"id":14203,"date":"2013-01-31T09:00:15","date_gmt":"2013-01-31T12:00:15","guid":{"rendered":"http:\/\/www.24baires.com\/?p=14203"},"modified":"2013-01-31T20:54:57","modified_gmt":"2013-01-31T23:54:57","slug":"numerosa-marcha-contra-la-inseguridad-en-san-miguel-del-monte","status":"publish","type":"post","link":"https:\/\/www.24baires.com\/?p=14203","title":{"rendered":"Numerosa marcha contra la inseguridad en San Miguel del Monte"},"content":{"rendered":"<p><img data-recalc-dims=\"1\" loading=\"lazy\" decoding=\"async\" class=\"aligncenter size-full wp-image-14204\" alt=\"Monte\" src=\"https:\/\/i0.wp.com\/www.24baires.com\/wp-content\/uploads\/2013\/01\/Monte.jpg?resize=560%2C373\" width=\"560\" height=\"373\" srcset=\"https:\/\/i0.wp.com\/www.24baires.com\/wp-content\/uploads\/2013\/01\/Monte.jpg?w=560&amp;ssl=1 560w, https:\/\/i0.wp.com\/www.24baires.com\/wp-content\/uploads\/2013\/01\/Monte.jpg?resize=300%2C199&amp;ssl=1 300w\" sizes=\"auto, (max-width: 560px) 100vw, 560px\" \/><br \/>\nCerca de 2 mil vecinos de la localidad ubicada a 110 kil\u00f3metros de la Capital Federal se movilizaron desde el Palacio Municipal hasta la comisar\u00eda para reclamar por mayor seguridad en las calles, ante la gran cantidad de delitos que se denunciaron en lo que va del a\u00f1o. El intendente, <strong>Ra\u00fal Basualdo<\/strong>, relativiz\u00f3 lo ocurrido y aludi\u00f3 a una puja pol\u00edtica; mientras que el subcomisario, Marcelo Silveira, explic\u00f3 que<strong> hay menos polic\u00edas en la zona porque la mayor\u00eda est\u00e1n afectados al Operativo Sol.<\/strong><!--more--><br \/>\nDurante enero, sucedieron 16 robos, un promedio de un robo cada dos d\u00edas en una ciudad que estaba acostumbrada a dejar la puerta abierta. Cansados por la situaci\u00f3n, los vecinos convocaron a la marcha de boca en boca y por las redes sociales. La intenci\u00f3n de los frentistas era escuchar la palabra del comisario, Aldo Pabece, pero la m\u00e1xima autoridad policial nunca sali\u00f3 para dialogar. En su lugar apareci\u00f3 el subcomisario Silveira, quien explic\u00f3 que existe un gran faltante de oficiales.<\/p>\n<p>\u201cTenemos 18 personas divididas en tres turnos para recorrer la calle\u201d, se\u00f1al\u00f3 Silveira, en referencia a que la mayor\u00eda de los efectivos est\u00e1n de recorrida por la costa bonaerense en el marco del Operativo Sol. \u201cNo es solo un problema en la ciudad montense, sino en toda la provincia de Buenos Aires\u201d, remarc\u00f3 el subcomisario. Adem\u00e1s, Silveira calific\u00f3 de \u201cvuelto\u201d a los \u00faltimos casos de robos a mano a armada, debido a que en el \u00faltimo tiempo se realizaron tres importantes allanamientos por narcotr\u00e1fico con detenidos.<\/p>\n<p>San Miguel del Monte tiene una poblaci\u00f3n de 35 mil habitantes poco acostumbrada a este tipo de episodios. Seg\u00fan los manifestantes, esta es una situaci\u00f3n nunca antes vivida en la ciudad.<\/p>\n<p>&nbsp;<\/p>\n<p>&nbsp;<\/p>\n","protected":false},"excerpt":{"rendered":"<p>Cerca de 2 mil vecinos de la localidad ubicada a 110 kil\u00f3metros de la Capital Federal se movilizaron desde el Palacio Municipal hasta la comisar\u00eda para reclamar por mayor seguridad en las calles, ante la gran cantidad de delitos que se denunciaron en lo que va del a\u00f1o. El intendente, Ra\u00fal Basualdo, relativiz\u00f3 lo ocurrido y aludi\u00f3 a una puja [&#8230;]<\/p>\n","protected":false},"author":11,"featured_media":0,"comment_status":"open","ping_status":"open","sticky":false,"template":"","format":"standard","meta":{"_jetpack_newsletter_access":"","_jetpack_dont_email_post_to_subs":false,"_jetpack_newsletter_tier_id":0,"_jetpack_memberships_contains_paywalled_content":false,"_jetpack_memberships_contains_paid_content":false,"footnotes":""},"categories":[1],"tags":[],"class_list":["post-14203","post","type-post","status-publish","format-standard","hentry","category-sociedad"],"jetpack_featured_media_url":"","jetpack_shortlink":"https:\/\/wp.me\/p2JWE0-3H5","jetpack-related-posts":[{"id":52300,"url":"https:\/\/www.24baires.com\/?p=52300","url_meta":{"origin":14203,"position":0},"title":"Vecinos de Ramos Mej\u00eda intentaron linchar a un hombre por un robo","author":"GB","date":"23\/08\/2014","format":false,"excerpt":"Un delincuente casi fue linchado por vecinos y luego detenido por la polic\u00eda cuando con un c\u00f3mplice, que logr\u00f3 escapar, intentaron robar las pertenencias a un hombre y su hijo que paseaban por esa localidad bonaerense, informaron hoy fuentes policiales El hecho ocurri\u00f3 anoche, a las 21.30, en las calles\u2026","rel":"","context":"En \u00abPoliciales\u00bb","block_context":{"text":"Policiales","link":"https:\/\/www.24baires.com\/?cat=49"},"img":{"alt_text":"","src":"","width":0,"height":0},"classes":[]},{"id":57744,"url":"https:\/\/www.24baires.com\/?p=57744","url_meta":{"origin":14203,"position":1},"title":"Vecinos de Ramos Mej\u00eda golpearon brutalmente a un delincuente","author":"GB","date":"26\/11\/2014","format":false,"excerpt":"Los vecinos detuvieron a un ladr\u00f3n, quien qued\u00f3 tirado en el suelo mientras comenzaron a pegarle. Finalmente, la polic\u00eda lo detuvo. Un delincuente sufri\u00f3 una feroz golpiza el martes en pleno centro de la localidad bonaerense de Ramos Mej\u00eda, partido de La Matanza, por parte de vecinos que lo detuvieron\u2026","rel":"","context":"En \u00abSociedad\u00bb","block_context":{"text":"Sociedad","link":"https:\/\/www.24baires.com\/?cat=1"},"img":{"alt_text":"golpiza ramos","src":"https:\/\/i0.wp.com\/www.24baires.com\/wp-content\/uploads\/2014\/11\/golpiza-ramos.jpg?resize=350%2C200","width":350,"height":200,"srcset":"https:\/\/i0.wp.com\/www.24baires.com\/wp-content\/uploads\/2014\/11\/golpiza-ramos.jpg?resize=350%2C200 1x, https:\/\/i0.wp.com\/www.24baires.com\/wp-content\/uploads\/2014\/11\/golpiza-ramos.jpg?resize=525%2C300 1.5x"},"classes":[]},{"id":100461,"url":"https:\/\/www.24baires.com\/?p=100461","url_meta":{"origin":14203,"position":2},"title":"Investigan a un polic\u00eda bonaerense por un caso de gatillo f\u00e1cil","author":"GB","date":"09\/02\/2018","format":false,"excerpt":"Se trata de un efectivo del Grupo Halc\u00f3n que mat\u00f3 por la espalda a un joven desarmado que hab\u00eda intentado robarle el celular. Fue desafectado por Asuntos Internos. Un oficial del Grupo Halc\u00f3n, la divisi\u00f3n de elite de la Polic\u00eda Bonaerense, fue desafectado por Asuntos Internos por un caso de\u2026","rel":"","context":"En \u00abPol\u00edtica\u00bb","block_context":{"text":"Pol\u00edtica","link":"https:\/\/www.24baires.com\/?cat=51"},"img":{"alt_text":"","src":"https:\/\/i0.wp.com\/www.24baires.com\/wp-content\/uploads\/2018\/02\/grupo-halcon.jpg?resize=350%2C200","width":350,"height":200,"srcset":"https:\/\/i0.wp.com\/www.24baires.com\/wp-content\/uploads\/2018\/02\/grupo-halcon.jpg?resize=350%2C200 1x, https:\/\/i0.wp.com\/www.24baires.com\/wp-content\/uploads\/2018\/02\/grupo-halcon.jpg?resize=525%2C300 1.5x"},"classes":[]},{"id":13960,"url":"https:\/\/www.24baires.com\/?p=13960","url_meta":{"origin":14203,"position":3},"title":"Vecinos de Tres de Febrero denuncian corrupci\u00f3n policial","author":"AF","date":"29\/01\/2013","format":false,"excerpt":"Piden el esclarecimiento del asesinato de los tres j\u00f3venes y denuncian connivencia policial con el delito, y un negocio bien aceitado donde todo se compra y vende. Uno de los \u201cingenieros\u201d de este sistema de recaudaci\u00f3n ser\u00eda un subcomisar\u00edo se\u00f1alado por la Comisi\u00f3n Candela como \u201cnarcopolic\u00eda\u201d de San Mart\u00edn. El\u2026","rel":"","context":"En \u00abLocales\u00bb","block_context":{"text":"Locales","link":"https:\/\/www.24baires.com\/?cat=38"},"img":{"alt_text":"","src":"","width":0,"height":0},"classes":[]},{"id":17963,"url":"https:\/\/www.24baires.com\/?p=17963","url_meta":{"origin":14203,"position":4},"title":"Asesinan a una chica a una cuadra de la Comisar\u00eda de Jun\u00edn y los vecinos se rebelan","author":"Grupo Sierra","date":"10\/03\/2013","format":false,"excerpt":"Los vecinos de Jun\u00edn provocaron este domingo destrozos y descargaron su furia contra la comisar\u00eda local, luego del crimen de una adolescente de 17 a\u00f1os en un intento de robo. Esta noche continuaban los disturbios.\u00a0La polic\u00eda reprime la protesta con numerosos disparos de balas de goma a vecinos y periodistas.\u2026","rel":"","context":"En \u00abSociedad\u00bb","block_context":{"text":"Sociedad","link":"https:\/\/www.24baires.com\/?cat=1"},"img":{"alt_text":"junin pueblada","src":"https:\/\/i0.wp.com\/www.24baires.com\/wp-content\/uploads\/2013\/03\/junin-pueblada.jpg?resize=350%2C200","width":350,"height":200,"srcset":"https:\/\/i0.wp.com\/www.24baires.com\/wp-content\/uploads\/2013\/03\/junin-pueblada.jpg?resize=350%2C200 1x, https:\/\/i0.wp.com\/www.24baires.com\/wp-content\/uploads\/2013\/03\/junin-pueblada.jpg?resize=525%2C300 1.5x"},"classes":[]},{"id":40470,"url":"https:\/\/www.24baires.com\/?p=40470","url_meta":{"origin":14203,"position":5},"title":"La marcha en Luj\u00e1n termin\u00f3 con golpes y un patrullero volcado","author":"Grupo Sierra","date":"15\/02\/2014","format":false,"excerpt":"LUJ\u00c1N- Los vecinos, furiosos, se manifestaron anoche por un hecho de inseguridad. Hubo golpes de pu\u00f1o, gritos y enfrentamientos con la Polic\u00eda local. El viernes no fue un d\u00eda normal en el distrito bonaerense de Luj\u00e1n. La comuna, m\u00e1s conocida por la paz que emana la famosa Catedral, se convirti\u00f3\u2026","rel":"","context":"En \u00abLocales\u00bb","block_context":{"text":"Locales","link":"https:\/\/www.24baires.com\/?cat=38"},"img":{"alt_text":"patrullero","src":"https:\/\/i0.wp.com\/www.24baires.com\/wp-content\/uploads\/2014\/02\/patrullero.jpg?resize=350%2C200","width":350,"height":200,"srcset":"https:\/\/i0.wp.com\/www.24baires.com\/wp-content\/uploads\/2014\/02\/patrullero.jpg?resize=350%2C200 1x, https:\/\/i0.wp.com\/www.24baires.com\/wp-content\/uploads\/2014\/02\/patrullero.jpg?resize=525%2C300 1.5x"},"classes":[]}],"jetpack_sharing_enabled":true,"jetpack_likes_enabled":true,"_links":{"self":[{"href":"https:\/\/www.24baires.com\/index.php?rest_route=\/wp\/v2\/posts\/14203","targetHints":{"allow":["GET"]}}],"collection":[{"href":"https:\/\/www.24baires.com\/index.php?rest_route=\/wp\/v2\/posts"}],"about":[{"href":"https:\/\/www.24baires.com\/index.php?rest_route=\/wp\/v2\/types\/post"}],"author":[{"embeddable":true,"href":"https:\/\/www.24baires.com\/index.php?rest_route=\/wp\/v2\/users\/11"}],"replies":[{"embeddable":true,"href":"https:\/\/www.24baires.com\/index.php?rest_route=%2Fwp%2Fv2%2Fcomments&post=14203"}],"version-history":[{"count":3,"href":"https:\/\/www.24baires.com\/index.php?rest_route=\/wp\/v2\/posts\/14203\/revisions"}],"predecessor-version":[{"id":14207,"href":"https:\/\/www.24baires.com\/index.php?rest_route=\/wp\/v2\/posts\/14203\/revisions\/14207"}],"wp:attachment":[{"href":"https:\/\/www.24baires.com\/index.php?rest_route=%2Fwp%2Fv2%2Fmedia&parent=14203"}],"wp:term":[{"taxonomy":"category","embeddable":true,"href":"https:\/\/www.24baires.com\/index.php?rest_route=%2Fwp%2Fv2%2Fcategories&post=14203"},{"taxonomy":"post_tag","embeddable":true,"href":"https:\/\/www.24baires.com\/index.php?rest_route=%2Fwp%2Fv2%2Ftags&post=14203"}],"curies":[{"name":"wp","href":"https:\/\/api.w.org\/{rel}","templated":true}]}}