{"id":14197,"date":"2013-01-31T20:04:22","date_gmt":"2013-01-31T23:04:22","guid":{"rendered":"http:\/\/www.24baires.com\/?p=14197"},"modified":"2013-01-31T20:04:22","modified_gmt":"2013-01-31T23:04:22","slug":"sabbatella-y-giorgi-acordaron-financiamiento-para-pymes-de-medios","status":"publish","type":"post","link":"https:\/\/www.24baires.com\/?p=14197","title":{"rendered":"Sabbatella y Giorgi acordaron financiamiento para Pymes de medios"},"content":{"rendered":"<p>La ministra de Industria, D\u00e9bora Giorgi, recibi\u00f3 ayer al titular de la Administraci\u00f3n Federal de Servicios de Comunicaci\u00f3n Audiovisual (Afsca), Mart\u00edn Sabbatella, con quien acord\u00f3 avanzar en herramientas de financiaci\u00f3n para las peque\u00f1as y medianas empresas de medios.<!--more--><br \/>\nEn un encuentro realizado en su despacho, Giorgi asegur\u00f3 que \u00abhay nuevos actores que necesitan tener sustentabilidad y, por lo tanto, recursos para equiparse y hacer realidad los postulados de la Ley de Servicios de Comunicaci\u00f3n Audiovisual\u00bb.<br \/>\nLa funcionaria puso a disposici\u00f3n del sector las l\u00edneas de cr\u00e9dito blandas vigentes, como los pr\u00e9stamos a tasa preferencial del Bicentenario, o arquitecturas de apoyo como la de empresas madrinas.<\/p>\n<p>Esto permite que 50% de los impuestos que debe pagar una compa\u00f1\u00eda determinada, pueda ser utilizado como cr\u00e9ditos por peque\u00f1os o medianos proveedores necesitados de financiamiento.<\/p>\n<p>\u00abTenemos toda la disposici\u00f3n, a partir del marco que fij\u00f3 la presidenta Cristina Fern\u00e1ndez de Kirchner, y a la normativa vigente, que define a la de medios como una industria que puede ser sujeto de cr\u00e9dito blando\u00bb, dijo Giorgi.<\/p>\n<p>Giorgi tambi\u00e9n puso a disposici\u00f3n el aval t\u00e9cnico-profesional del Instituto Nacional de Tecnolog\u00eda Industrial (INTI), a trav\u00e9s de sus departamentos espec\u00edficos.<br \/>\nLas cooperativas, los pueblos originarios, las universidades, el sector comunitario, como los peque\u00f1os emprendedores, y las pymes de medios en general son algunos de los sectores de la comunidad que pueden desarrollar sus proyectos de comunicaci\u00f3n, a partir de la vigencia de la Ley de Servicios de Comunicaci\u00f3n Audiovisual.<br \/>\nPor su parte, Sabbatella consider\u00f3 que \u00abes fundamental generar diversas alternativas de financiamiento para todos los segmentos del mercado audiovisual, de manera de colaborar con la sostenibilidad y el desarrollo de esta industria cultural, impulsora de nuevas fuentes de trabajo\u00bb.<\/p>\n<p>\u00abLa ley de Servicios de Comunicaci\u00f3n Audiovisual promueve el surgimiento de nuevos medios que, al igual que los ya existentes, necesitan cr\u00e9ditos blandos para equiparse y poder crecer\u00bb, dijo Sabbatella.<\/p>\n<p>Y agreg\u00f3 que \u00abel ministerio de Industria promueve distintas variantes de financiamiento para garantizar que eso ocurra\u00bb, precisando que equipos de ambos organismos comenzar\u00e1n a trabajar para la definici\u00f3n de los programas espec\u00edficos para los distintos segmentos de la industria audiovisual.<br \/>\nEstuvieron presentes en el encuentro los secretarios de Industria, Javier Rando y de la Peque\u00f1a y Mediana Empresa, Horacio Roura y la subsecretaria de Planeamiento Estrat\u00e9gico, Anastasia Daicich.<\/p>\n<p>Por el AFSCA, adem\u00e1s de Sabbatella, participaron el director nacional de Relaciones Institucionales del AFSCA, Sebasti\u00e1n Rollandi, la directora de Proyectos Especiales, Andrea Conde y el subdirector nacional de Gesti\u00f3n, Andr\u00e9s Tavosnanska.<\/p>\n<p>&nbsp;<\/p>\n<p>&nbsp;<\/p>\n<p>&nbsp;<\/p>\n<p>&nbsp;<\/p>\n","protected":false},"excerpt":{"rendered":"<p>La ministra de Industria, D\u00e9bora Giorgi, recibi\u00f3 ayer al titular de la Administraci\u00f3n Federal de Servicios de Comunicaci\u00f3n Audiovisual (Afsca), Mart\u00edn Sabbatella, con quien acord\u00f3 avanzar en herramientas de financiaci\u00f3n para las peque\u00f1as y medianas empresas de medios.<\/p>\n","protected":false},"author":11,"featured_media":0,"comment_status":"open","ping_status":"open","sticky":false,"template":"","format":"standard","meta":{"_jetpack_newsletter_access":"","_jetpack_dont_email_post_to_subs":false,"_jetpack_newsletter_tier_id":0,"_jetpack_memberships_contains_paywalled_content":false,"_jetpack_memberships_contains_paid_content":false,"footnotes":""},"categories":[54],"tags":[],"class_list":["post-14197","post","type-post","status-publish","format-standard","hentry","category-medios"],"jetpack_featured_media_url":"","jetpack_shortlink":"https:\/\/wp.me\/p2JWE0-3GZ","jetpack-related-posts":[{"id":34536,"url":"https:\/\/www.24baires.com\/?p=34536","url_meta":{"origin":14197,"position":0},"title":"Sabbatella y Tomada llevaron \u00abtranquilidad\u00bb a los delegados de Canal 13","author":"Grupo Sierra","date":"02\/11\/2013","format":false,"excerpt":"El titular de la AFSCA y el ministro de Trabajo debatieron con delegados de prensa del Canal 13, TN, y autoridades del SAT, la continuidad de los puestos de trabajo del sector audiovisual. En tanto, aseguraron haber \"transmitido tranquilidad a los trabajadores del Grupo Clar\u00edn\". El titular de la Autoridad\u2026","rel":"","context":"En \u00abMedios\u00bb","block_context":{"text":"Medios","link":"https:\/\/www.24baires.com\/?cat=54"},"img":{"alt_text":"","src":"","width":0,"height":0},"classes":[]},{"id":34400,"url":"https:\/\/www.24baires.com\/?p=34400","url_meta":{"origin":14197,"position":1},"title":"Sabbatella notific\u00f3 al Grupo Clar\u00edn sobre el proceso de adecuaci\u00f3n","author":"AF","date":"31\/10\/2013","format":false,"excerpt":"El titular de la Autoridad Federal de Servicios de Comunicaci\u00f3n Audiovisual (Afsca), Mart\u00edn Sabbatella, notific\u00f3 la continuidad de la adecuaci\u00f3n de oficio al grupo Clar\u00edn tras el fallo de la Corte Suprema de Justicia que declar\u00f3 constitucional en todos los art\u00edculos la ley de servicios de comunicaci\u00f3n audiovisual. \"Con esto\u2026","rel":"","context":"En \u00abMedios\u00bb","block_context":{"text":"Medios","link":"https:\/\/www.24baires.com\/?cat=54"},"img":{"alt_text":"sabbatella","src":"https:\/\/i0.wp.com\/www.24baires.com\/wp-content\/uploads\/2013\/10\/sabbatella.jpg?resize=350%2C200","width":350,"height":200,"srcset":"https:\/\/i0.wp.com\/www.24baires.com\/wp-content\/uploads\/2013\/10\/sabbatella.jpg?resize=350%2C200 1x, https:\/\/i0.wp.com\/www.24baires.com\/wp-content\/uploads\/2013\/10\/sabbatella.jpg?resize=525%2C300 1.5x"},"classes":[]},{"id":30950,"url":"https:\/\/www.24baires.com\/?p=30950","url_meta":{"origin":14197,"position":2},"title":"Sabbatella: \u00abClar\u00edn quiere condicionar a los poderes p\u00fablicos y definir el rumbo del pa\u00eds\u00bb","author":"GB","date":"28\/08\/2013","format":false,"excerpt":"El titular de la Autoridad Federal de Servicios de Comunicaci\u00f3n Audiovisual (Afsca), Mart\u00edn Sabbatella, afirm\u00f3 que \"la democracia necesita que la ley de medios se aplique integralmente\", y expres\u00f3 que \"espero que este sea el paso previo para que la Corte (Suprema de Justicia) se pronuncie\", con respecto a la\u2026","rel":"","context":"En \u00abMedios\u00bb","block_context":{"text":"Medios","link":"https:\/\/www.24baires.com\/?cat=54"},"img":{"alt_text":"Sabbatella","src":"https:\/\/i0.wp.com\/www.24baires.com\/wp-content\/uploads\/2013\/08\/Sabbatella.jpg?resize=350%2C200","width":350,"height":200},"classes":[]},{"id":38149,"url":"https:\/\/www.24baires.com\/?p=38149","url_meta":{"origin":14197,"position":3},"title":"\u00ab2014 es el a\u00f1o de adecuaci\u00f3n a la ley\u00bb afirm\u00f3 Sabbatella","author":"GB","date":"08\/01\/2014","format":false,"excerpt":"El titular de la Afsca remarc\u00f3 que a\u00fan quedan once empresas por adecuarse, y subray\u00f3 que \"la pluralidad de voces es una pol\u00edtica en la que est\u00e1n comprometidos muchos organismos del Estado\". El titular de la Autoridad Federal de Servicios de Comunicaci\u00f3n Audiovisual (Afsca), Mart\u00edn Sabbatella, asegur\u00f3 que durante 2014\u2026","rel":"","context":"En \u00abMedios\u00bb","block_context":{"text":"Medios","link":"https:\/\/www.24baires.com\/?cat=54"},"img":{"alt_text":"","src":"","width":0,"height":0},"classes":[]},{"id":55018,"url":"https:\/\/www.24baires.com\/?p=55018","url_meta":{"origin":14197,"position":4},"title":"\u00abVemos maniobras que buscan burlar la ley\u00bb, advirti\u00f3 Sabbatella sobre el Grupo Clar\u00edn","author":"GB","date":"08\/10\/2014","format":false,"excerpt":"El titular de la Autoridad Federal de Servicios de Comunicaci\u00f3n Audiovisual (Afsca), Mart\u00edn Sabbatella, afirm\u00f3 hoy que \"en el an\u00e1lisis\" de la presentaci\u00f3n de la adecuaci\u00f3n del Grupo Clar\u00edn \"se evidencian dos maniobras que buscan bular el objetivo de la ley, y simulan cumplirla\". \"Buscan seguir teniendo su posici\u00f3n dominante\u2026","rel":"","context":"En \u00abMedios\u00bb","block_context":{"text":"Medios","link":"https:\/\/www.24baires.com\/?cat=54"},"img":{"alt_text":"sabbatella mendoza","src":"https:\/\/i0.wp.com\/www.24baires.com\/wp-content\/uploads\/2012\/11\/sabbatella-mendoza.jpg?resize=350%2C200","width":350,"height":200,"srcset":"https:\/\/i0.wp.com\/www.24baires.com\/wp-content\/uploads\/2012\/11\/sabbatella-mendoza.jpg?resize=350%2C200 1x, https:\/\/i0.wp.com\/www.24baires.com\/wp-content\/uploads\/2012\/11\/sabbatella-mendoza.jpg?resize=525%2C300 1.5x"},"classes":[]},{"id":3363,"url":"https:\/\/www.24baires.com\/?p=3363","url_meta":{"origin":14197,"position":5},"title":"Sabbatella se reuni\u00f3 con la C\u00e1mara de Cableoperadores Independientes","author":"Grupo Sierra","date":"26\/10\/2012","format":false,"excerpt":"El presidente de la Autoridad Federal de Servicios de Comunicaci\u00f3n Audiovisual, Mart\u00edn Sabbatella, mantuvo un encuentro con el presidente de la C\u00e1mara de Cableoperadores Independientes (CCI), Gabriel Bandiera, quien afirm\u00f3 que para los \"cableoperadores independientes es muy importante que se abran nuevas posibilidades de expresi\u00f3n y que se termine con\u2026","rel":"","context":"En \u00abMedios\u00bb","block_context":{"text":"Medios","link":"https:\/\/www.24baires.com\/?cat=54"},"img":{"alt_text":"","src":"","width":0,"height":0},"classes":[]}],"jetpack_sharing_enabled":true,"jetpack_likes_enabled":true,"_links":{"self":[{"href":"https:\/\/www.24baires.com\/index.php?rest_route=\/wp\/v2\/posts\/14197","targetHints":{"allow":["GET"]}}],"collection":[{"href":"https:\/\/www.24baires.com\/index.php?rest_route=\/wp\/v2\/posts"}],"about":[{"href":"https:\/\/www.24baires.com\/index.php?rest_route=\/wp\/v2\/types\/post"}],"author":[{"embeddable":true,"href":"https:\/\/www.24baires.com\/index.php?rest_route=\/wp\/v2\/users\/11"}],"replies":[{"embeddable":true,"href":"https:\/\/www.24baires.com\/index.php?rest_route=%2Fwp%2Fv2%2Fcomments&post=14197"}],"version-history":[{"count":2,"href":"https:\/\/www.24baires.com\/index.php?rest_route=\/wp\/v2\/posts\/14197\/revisions"}],"predecessor-version":[{"id":14202,"href":"https:\/\/www.24baires.com\/index.php?rest_route=\/wp\/v2\/posts\/14197\/revisions\/14202"}],"wp:attachment":[{"href":"https:\/\/www.24baires.com\/index.php?rest_route=%2Fwp%2Fv2%2Fmedia&parent=14197"}],"wp:term":[{"taxonomy":"category","embeddable":true,"href":"https:\/\/www.24baires.com\/index.php?rest_route=%2Fwp%2Fv2%2Fcategories&post=14197"},{"taxonomy":"post_tag","embeddable":true,"href":"https:\/\/www.24baires.com\/index.php?rest_route=%2Fwp%2Fv2%2Ftags&post=14197"}],"curies":[{"name":"wp","href":"https:\/\/api.w.org\/{rel}","templated":true}]}}