{"id":14186,"date":"2013-01-31T19:49:04","date_gmt":"2013-01-31T22:49:04","guid":{"rendered":"http:\/\/www.24baires.com\/?p=14186"},"modified":"2013-01-31T19:49:04","modified_gmt":"2013-01-31T22:49:04","slug":"ricardo-alfonsin-de-gira-por-la-costa-atlantica","status":"publish","type":"post","link":"https:\/\/www.24baires.com\/?p=14186","title":{"rendered":"Ricardo Alfons\u00edn de gira por la Costa Atl\u00e1ntica"},"content":{"rendered":"<p><img data-recalc-dims=\"1\" loading=\"lazy\" decoding=\"async\" class=\"aligncenter size-full wp-image-14187\" alt=\"Alfons\u00edn mdp\" src=\"https:\/\/i0.wp.com\/www.24baires.com\/wp-content\/uploads\/2013\/01\/Alfons%C3%ADn-mdp.jpg?resize=560%2C420\" width=\"560\" height=\"420\" srcset=\"https:\/\/i0.wp.com\/www.24baires.com\/wp-content\/uploads\/2013\/01\/Alfons%C3%ADn-mdp.jpg?w=560&amp;ssl=1 560w, https:\/\/i0.wp.com\/www.24baires.com\/wp-content\/uploads\/2013\/01\/Alfons%C3%ADn-mdp.jpg?resize=300%2C225&amp;ssl=1 300w\" sizes=\"auto, (max-width: 560px) 100vw, 560px\" \/><\/p>\n<p>El Diputado Nacional Ricardo Alfons\u00edn estuvo en Mar del Plata, en el marco de una gira por la costa atl\u00e1ntica, acompa\u00f1ado por los legisladores provinciales Carlos Fern\u00e1ndez y Liliana Denot. \u00a0All\u00ed sostuvo que desde el radicalismo \u201cse est\u00e1 trabajando para construir una alternativa progresista\u201d para las elecciones legislativas del corriente a\u00f1o,y agreg\u00f3 que \u00abes imperioso que no se caiga en el noventismo\u201d.<!--more--><\/p>\n<p>El legislador interpret\u00f3 que \u201csi queremos ser confiables para la sociedad debemos demostrar que somos capaces de construir una alternativa progresista antes de 2015\u201d y aludi\u00f3 a las conversaciones entabladas con partidos que integran el Frente Amplio Progresista (FAP). \u201cSomos optimistas respecto de construir un frente para 2013, pero pensando en 2015\u201d, dijo al referirse a los puntos coincidentes con el Socialismo, el GEN y el Movimiento Libres del Sur, aclarando que estos sectores, a los que calific\u00f3 como el \u201cn\u00facleo duro\u201d del posible acuerdo, deber\u00edan delinear los programas.<\/p>\n<p>Consultado sobre la posibilidad de encabezar la lista de candidatos a diputados nacionales, advirti\u00f3 que \u201cno necesito ning\u00fan cargo para hacer pol\u00edtica, porque a mi es algo que me apasiona y que le da sentido a mi vida\u201d. De todos modos, puntualiz\u00f3 que \u201ccon mucho gusto asumir\u00eda la responsabilidad de la reelecci\u00f3n como diputado si me toca a mi, aunque habr\u00e1 que ver\u2026\u201d<\/p>\n<p>Alfons\u00edn sostuvo que \u201cen principio estamos preocupados por nuestro partido, una instituci\u00f3n que puede aportarle mucho a la rep\u00fablica. Pero el principal aporte que nosotros deber\u00edamos hacer es reconstruir el sistema de partidos, que estall\u00f3 despu\u00e9s del 2001. Hoy en d\u00eda es muy d\u00e9bil en el pa\u00eds, pero en el justicialismo se disimula porque est\u00e1n en el Gobierno. Es muy dif\u00edcil gobernar en democracia cuando no existen partidos estables. No creo que en el corto plazo se pueda volver al sistema bipartidista tradicionales, deber\u00edamos recuperarlo a trav\u00e9s de lo que podr\u00edamos llamar bifrentismo. Nosotros estamos trabajando para intentar crear un espacio que sea capaz de reunir a quienes est\u00e1n trabajando de manera separada y piensan igual\u201d. \u201cA mi me interesa construir un frente con concepciones progresistas que evite que se caiga en el noventismo\u201d, dijo Ricardo Alfons\u00edn, a\u00f1adiendo que, tanto el gobernador Daniel Scioli como el PRO de Mauricio Macri, implementar\u00edan en el pa\u00eds las pol\u00edticas que impuls\u00f3 Carlos Menem cuando gobern\u00f3 en la d\u00e9cada del \u00b490.<\/p>\n<p>El legislador radical, que lleg\u00f3 a la ciudad balnearia invitado por los dirigentes marplatenses Mario Rodr\u00edguez y Gustavo Serebrinsky, cuestion\u00f3 al gobierno nacional por una serie de aspectos, enumerando las \u201cpol\u00edticas err\u00f3neas\u201d en materia de seguridad, en el campo de la educaci\u00f3n, en el sector energ\u00e9tico, en el transporte p\u00fablico y por la falta de acciones contra la inflaci\u00f3n. En este \u00faltimo punto, manifest\u00f3 su preocupaci\u00f3n porque \u201cno puede trasladarse a los trabajadores la responsabilidad del control de la inflaci\u00f3n, porque eso se llama ajuste\u201d, al tiempo que destac\u00f3 la carencia de pol\u00edticas fiscales monetarias adecuadas.<\/p>\n<p>\u201cEn la econom\u00eda argentina se est\u00e1 observando un peligroso enfriamiento, adem\u00e1s de una p\u00e9rdida de competitividad que reduce la demanda externa y afecta la producci\u00f3n\u201d, dijo.<\/p>\n<p>\u201cLa elevada inflaci\u00f3n afecta los salarios y el poder adquisitivo de modo directo, mientras que, indirectamente, perjudica las posibilidades de inversi\u00f3n, lo cual significa que se est\u00e9n destruyendo puestos de trabajo\u201d, complet\u00f3.<\/p>\n<p>El l\u00edder radical enfatiz\u00f3: \u201cHay que cambiar el sistema tributario que es muy injusto, lo ha dicho la misma presidenta como si fuera una tributarista m\u00e1s. Es la presidenta de la Rep\u00fablica y podr\u00eda haber hecho algo para modificar el sistema. Sobre todo teniendo en cuenta que se dieron dos condiciones propicias para debatir este tema. Uno es el crecimiento econ\u00f3mico. Es m\u00e1s f\u00e1cil discutir un tema as\u00ed en etapa de crecimiento. Por otro lado ten\u00edan mayor\u00eda en ambas c\u00e1maras y no s\u00f3lo no propusieron un debate sobre esto sino que adem\u00e1s se resistieron a considerar las iniciativas de la oposici\u00f3n\u201d, analiz\u00f3 y a\u00f1adi\u00f3: \u201cuna de ellas es m\u00eda, que modifica los impuestos directos, modifica el impuesto a las ganancias y mejora la condici\u00f3n de los trabajadores\u201d.<\/p>\n<p>Adem\u00e1s, Alfons\u00edn declar\u00f3: \u201cen Argentina los trabajadores pagan muy por encima de su capacidad contributiva. Y sin embargo hay muchas actividades econ\u00f3micas muy rentables, como la megaminer\u00eda, el juego o la renta financiera que paga por debajo de su capacidad contributiva o directamente no pagan impuestos\u201d. Por \u00faltimo, finaliz\u00f3: \u201cLamentablemente la cuesti\u00f3n del aumento del m\u00ednimo no imponible para nada resuelve esta situaci\u00f3n. Siguen pagando los trabajadores muy por encima de lo que deber\u00edan pagar\u201d.<\/p>\n<p>Luego de una intensa actividad, en horas de la tarde Ricardo Alfons\u00edn brind\u00f3 una Charla en un colmado sal\u00f3n de un hotel c\u00e9ntrico, a la cual asistieron, adem\u00e1s de los ya nombrados Carlos Fern\u00e1ndez, Liliana Denot, Mario Rodr\u00edguez y Gustavo Serebrinsky, los dirigentes locales Carlos Aramburu, Oscar Pagni, Ernesto Arg\u00fceso, Jorge Salvador, Orlando Calabrese, Thedy Balbuena, Norma Dematteis, Alberto Morteo, Pablo V\u00e1zquez, Jer\u00f3nimo Juliano, Alberto Biondelli, Mario Raiteri (de Gral. Alvarado), Jos\u00e9 Bielicki (Diputado Nacional MC) y Ariel Dulevich Uzal (Convencional Nacional), entre otros.<\/p>\n<p>&nbsp;<\/p>\n<p>&nbsp;<\/p>\n<p>&nbsp;<\/p>\n","protected":false},"excerpt":{"rendered":"<p>El Diputado Nacional Ricardo Alfons\u00edn estuvo en Mar del Plata, en el marco de una gira por la costa atl\u00e1ntica, acompa\u00f1ado por los legisladores provinciales Carlos Fern\u00e1ndez y Liliana Denot. \u00a0All\u00ed sostuvo que desde el radicalismo \u201cse est\u00e1 trabajando para construir una alternativa progresista\u201d para las elecciones legislativas del corriente a\u00f1o,y agreg\u00f3 que \u00abes imperioso que no se caiga en [&#8230;]<\/p>\n","protected":false},"author":11,"featured_media":0,"comment_status":"open","ping_status":"open","sticky":false,"template":"","format":"standard","meta":{"_jetpack_newsletter_access":"","_jetpack_dont_email_post_to_subs":false,"_jetpack_newsletter_tier_id":0,"_jetpack_memberships_contains_paywalled_content":false,"_jetpack_memberships_contains_paid_content":false,"footnotes":""},"categories":[1],"tags":[],"class_list":["post-14186","post","type-post","status-publish","format-standard","hentry","category-sociedad"],"jetpack_featured_media_url":"","jetpack_shortlink":"https:\/\/wp.me\/p2JWE0-3GO","jetpack-related-posts":[{"id":101129,"url":"https:\/\/www.24baires.com\/?p=101129","url_meta":{"origin":14186,"position":0},"title":"Alfons\u00edn quiere sacar al radicalismo de Cambiemos y armar un nuevo frente","author":"GB","date":"18\/03\/2018","format":false,"excerpt":"El ex diputado de la Uni\u00f3n C\u00edvica Radical Ricardo Alfons\u00edn pretende que el hist\u00f3rico partido rompa sus alianzas con Cambiemos y arme un nuevo frente progresista con el GEN y el Partido Socialista. El ex diputado y dirigente radical Ricardo Alfons\u00edn afirm\u00f3 hoy a NA que para 2019 la UCR\u2026","rel":"","context":"En \u00abPol\u00edtica\u00bb","block_context":{"text":"Pol\u00edtica","link":"https:\/\/www.24baires.com\/?cat=51"},"img":{"alt_text":"","src":"https:\/\/i0.wp.com\/www.24baires.com\/wp-content\/uploads\/2013\/09\/alfonsin.jpg?resize=350%2C200","width":350,"height":200,"srcset":"https:\/\/i0.wp.com\/www.24baires.com\/wp-content\/uploads\/2013\/09\/alfonsin.jpg?resize=350%2C200 1x, https:\/\/i0.wp.com\/www.24baires.com\/wp-content\/uploads\/2013\/09\/alfonsin.jpg?resize=525%2C300 1.5x"},"classes":[]},{"id":26424,"url":"https:\/\/www.24baires.com\/?p=26424","url_meta":{"origin":14186,"position":1},"title":"Stolbizer, Alfons\u00edn y equipo tuvieron su primera reuni\u00f3n de trabajo","author":"Grupo Sierra","date":"19\/06\/2013","format":false,"excerpt":"Margarita Stolbizer, Ricardo Alfons\u00edn, Jorge Ceballos, Gabriela Troiano, Gerardo Milman y miembros del equipo, en reuni\u00f3n de trabajo en las oficinas del GEN. Fue esta tarde, para organizar las actividades de las pr\u00f3ximas semanas. El lunes se har\u00e1 la presentaci\u00f3n formal, en conferencia de prensa, del Frente Progresista C\u00edvico y\u2026","rel":"","context":"En \u00abPol\u00edtica\u00bb","block_context":{"text":"Pol\u00edtica","link":"https:\/\/www.24baires.com\/?cat=51"},"img":{"alt_text":"alfonsin stolbizer trabajan","src":"https:\/\/i0.wp.com\/www.24baires.com\/wp-content\/uploads\/2013\/06\/alfonsin-stolbizer-trabajan.jpg?resize=350%2C200","width":350,"height":200,"srcset":"https:\/\/i0.wp.com\/www.24baires.com\/wp-content\/uploads\/2013\/06\/alfonsin-stolbizer-trabajan.jpg?resize=350%2C200 1x, https:\/\/i0.wp.com\/www.24baires.com\/wp-content\/uploads\/2013\/06\/alfonsin-stolbizer-trabajan.jpg?resize=525%2C300 1.5x"},"classes":[]},{"id":26802,"url":"https:\/\/www.24baires.com\/?p=26802","url_meta":{"origin":14186,"position":2},"title":"Stolbizer y Alfons\u00edn presentaron la lista de diputados para Buenos Aires por el FPCyS","author":"Grupo Sierra","date":"24\/06\/2013","format":false,"excerpt":"El Frente Progresista C\u00edvico y Social (FPCyS), liderado por los candidatos a diputados Margarita Stolbizer y Ricardo Alfons\u00edn, present\u00f3 hoy la n\u00f3mina de postulantes con la que el espacio pelear\u00e1 las 35 bancas de la c\u00e1mara baja que renueva la provincia de Buenos Aires en los comicios de octubre. \"Estamos\u2026","rel":"","context":"En \u00abPol\u00edtica\u00bb","block_context":{"text":"Pol\u00edtica","link":"https:\/\/www.24baires.com\/?cat=51"},"img":{"alt_text":"stolbizer alfonsin lanzamiento2","src":"https:\/\/i0.wp.com\/www.24baires.com\/wp-content\/uploads\/2013\/06\/stolbizer-alfonsin-lanzamiento2.jpg?resize=350%2C200","width":350,"height":200,"srcset":"https:\/\/i0.wp.com\/www.24baires.com\/wp-content\/uploads\/2013\/06\/stolbizer-alfonsin-lanzamiento2.jpg?resize=350%2C200 1x, https:\/\/i0.wp.com\/www.24baires.com\/wp-content\/uploads\/2013\/06\/stolbizer-alfonsin-lanzamiento2.jpg?resize=525%2C300 1.5x"},"classes":[]},{"id":121590,"url":"https:\/\/www.24baires.com\/?p=121590","url_meta":{"origin":14186,"position":3},"title":"Ricardo Alfons\u00edn no es m\u00e1s radical: present\u00f3 la renuncia a la afiliaci\u00f3n de la UCR","author":"GB","date":"30\/08\/2024","format":false,"excerpt":"El ex diputado nacional, Ricardo Alfons\u00edn, present\u00f3 hoy la renuncia a la afiliaci\u00f3n del partido. El hist\u00f3rico referente de la Uni\u00f3n C\u00edvica Radical (UCR), Ricardo Alfons\u00edn, present\u00f3 la renuncia a la afiliaci\u00f3n del partido por diferentes motivos ideol\u00f3gicos. As\u00ed, el ex diputado y quien supo ser Presidente del comit\u00e9 provincial\u2026","rel":"","context":"En \u00abProvincia\u00bb","block_context":{"text":"Provincia","link":"https:\/\/www.24baires.com\/?cat=40"},"img":{"alt_text":"","src":"https:\/\/i0.wp.com\/www.24baires.com\/wp-content\/uploads\/2024\/08\/ricardo-alfonsin.webp?resize=350%2C200","width":350,"height":200,"srcset":"https:\/\/i0.wp.com\/www.24baires.com\/wp-content\/uploads\/2024\/08\/ricardo-alfonsin.webp?resize=350%2C200 1x, https:\/\/i0.wp.com\/www.24baires.com\/wp-content\/uploads\/2024\/08\/ricardo-alfonsin.webp?resize=525%2C300 1.5x, https:\/\/i0.wp.com\/www.24baires.com\/wp-content\/uploads\/2024\/08\/ricardo-alfonsin.webp?resize=700%2C400 2x"},"classes":[]},{"id":17249,"url":"https:\/\/www.24baires.com\/?p=17249","url_meta":{"origin":14186,"position":4},"title":"El alfonsinismo rompi\u00f3 con Posse y va por un acuerdo con \u00abfuerzas afines\u00bb en Buenos Aires","author":"Grupo Sierra","date":"02\/03\/2013","format":false,"excerpt":"OLAVARR\u00cdA.- El alfonsinismo rompi\u00f3 hoy formalmente su acuerdo con el intendente Gustavo Posse y aprob\u00f3 en la Convenci\u00f3n de la Provincia de Buenos Aires una declaraci\u00f3n para avanzar en el di\u00e1logo con \"fuerzas afines\" para sellar un frente electoral en las pr\u00f3ximas legislativas. Luego de un amplio debate, la Convenci\u00f3n\u2026","rel":"","context":"En \u00abPol\u00edtica\u00bb","block_context":{"text":"Pol\u00edtica","link":"https:\/\/www.24baires.com\/?cat=51"},"img":{"alt_text":"","src":"","width":0,"height":0},"classes":[]},{"id":15259,"url":"https:\/\/www.24baires.com\/?p=15259","url_meta":{"origin":14186,"position":5},"title":"Alfons\u00edn en el &#8216;Espacio Perfil&#8217;: \u00abUna gran coalici\u00f3n opositora ser\u00eda un error\u00bb","author":"Grupo Sierra","date":"10\/02\/2013","format":false,"excerpt":"MAR DEL PLATA.- El Diputado Nacional y ex candidato presidencial por la UCR Ricardo Alfons\u00edn, en su paso por Mar del Plata, particip\u00f3 de una Charla Debate en el Espacio Perfil, ante vecinos y turistas que se acercaron a escucharlo. Lo hizo acompa\u00f1ado por los legisladores Juan Pedro Tunessi, Carlos\u2026","rel":"","context":"En \u00abPol\u00edtica\u00bb","block_context":{"text":"Pol\u00edtica","link":"https:\/\/www.24baires.com\/?cat=51"},"img":{"alt_text":"Alfons\u00edn en Espacio Perfil MdP","src":"https:\/\/i0.wp.com\/www.24baires.com\/wp-content\/uploads\/2013\/02\/Alfons%C3%ADn-en-Espacio-Perfil-MdP.jpg?resize=350%2C200","width":350,"height":200,"srcset":"https:\/\/i0.wp.com\/www.24baires.com\/wp-content\/uploads\/2013\/02\/Alfons%C3%ADn-en-Espacio-Perfil-MdP.jpg?resize=350%2C200 1x, https:\/\/i0.wp.com\/www.24baires.com\/wp-content\/uploads\/2013\/02\/Alfons%C3%ADn-en-Espacio-Perfil-MdP.jpg?resize=525%2C300 1.5x"},"classes":[]}],"jetpack_sharing_enabled":true,"jetpack_likes_enabled":true,"_links":{"self":[{"href":"https:\/\/www.24baires.com\/index.php?rest_route=\/wp\/v2\/posts\/14186","targetHints":{"allow":["GET"]}}],"collection":[{"href":"https:\/\/www.24baires.com\/index.php?rest_route=\/wp\/v2\/posts"}],"about":[{"href":"https:\/\/www.24baires.com\/index.php?rest_route=\/wp\/v2\/types\/post"}],"author":[{"embeddable":true,"href":"https:\/\/www.24baires.com\/index.php?rest_route=\/wp\/v2\/users\/11"}],"replies":[{"embeddable":true,"href":"https:\/\/www.24baires.com\/index.php?rest_route=%2Fwp%2Fv2%2Fcomments&post=14186"}],"version-history":[{"count":3,"href":"https:\/\/www.24baires.com\/index.php?rest_route=\/wp\/v2\/posts\/14186\/revisions"}],"predecessor-version":[{"id":14196,"href":"https:\/\/www.24baires.com\/index.php?rest_route=\/wp\/v2\/posts\/14186\/revisions\/14196"}],"wp:attachment":[{"href":"https:\/\/www.24baires.com\/index.php?rest_route=%2Fwp%2Fv2%2Fmedia&parent=14186"}],"wp:term":[{"taxonomy":"category","embeddable":true,"href":"https:\/\/www.24baires.com\/index.php?rest_route=%2Fwp%2Fv2%2Fcategories&post=14186"},{"taxonomy":"post_tag","embeddable":true,"href":"https:\/\/www.24baires.com\/index.php?rest_route=%2Fwp%2Fv2%2Ftags&post=14186"}],"curies":[{"name":"wp","href":"https:\/\/api.w.org\/{rel}","templated":true}]}}