{"id":1418,"date":"2012-10-08T12:48:47","date_gmt":"2012-10-08T15:48:47","guid":{"rendered":"http:\/\/www.24baires.com\/?p=1418"},"modified":"2012-10-08T12:51:33","modified_gmt":"2012-10-08T15:51:33","slug":"paro-docente-para-el-proximo-jueves-reclaman-reapertura-de-paritarias-y-aumento-salarial","status":"publish","type":"post","link":"https:\/\/www.24baires.com\/?p=1418","title":{"rendered":"Paro docente para el pr\u00f3ximo jueves: reclaman reapertura de paritarias y aumento salarial"},"content":{"rendered":"<p>El secretario General de UDocBA, Miguel D\u00edaz, anunci\u00f3 que \u00abtodos los docentes bonaerenses realizar\u00e1n un paro de actividades este jueves 11 de octubre, sin concurrencia a sus lugares de trabajo, en demanda de reapertura de paritarias y 3900 pesos de salario b\u00e1sico inicial, aumento que es cada vez m\u00e1s urgente debido a la acelerada p\u00e9rdida del poder adquisitivo por una preocupante inflaci\u00f3n\u00bb.<!--more--><\/p>\n<p>El dirigente record\u00f3 que, previamente, el mi\u00e9rcoles 10, UDocBA apoyar\u00e1 la movilizaci\u00f3n a Plaza de Mayo, convocada en conjunto por la CGT y la CTA para reclamar un incremento para todos los trabajadores, pago universal de asignaciones familiares, eliminaci\u00f3n del impuesto a las ganancias en el sector asalariado. Y el 82 por ciento m\u00f3vil en las jubilaciones.<\/p>\n<p>Al fundamentar la medida de fuerza del jueves, D\u00edaz remarc\u00f3 que \u00abhay plata suficiente en la provincia de Buenos Aires para dar un inmediato incremento salarial y esto lo prueba el aumento de recaudaci\u00f3n y una situaci\u00f3n de super\u00e1vit operativo blanqueada en el presupuesto\u00bb agregando que \u00abno creo que haya una prioridad m\u00e1s significativa que la educaci\u00f3n, con lo cual el gobierno debe poner este tema en agenda cuanto antes\u00bb.<\/p>\n<p>\u00abEstamos convencidos de que la medida de fuerza ser\u00e1 contundente y un verdadero llamado de atenci\u00f3n sobre la necesidad de distribuir mejor la riqueza en la Provincia y generar un poco de justicia en la situaci\u00f3n de los trabajadores de la educaci\u00f3n y del estado\u00bb, dispar\u00f3 D\u00edaz.<\/p>\n<p>El dirigente y tambi\u00e9n secretario de Educaci\u00f3n en CGT afirm\u00f3 que \u00abnuestra lucha est\u00e1 en todos los frentes y por eso estaremos el mi\u00e9rcoles 10 en la movilizaci\u00f3n convocada por la CTA y la CGT para reclamar un incremento salarial para todos los trabajadores, adem\u00e1s de la eliminaci\u00f3n del impuesto a las ganancias y la universalizaci\u00f3n de las asignaciones familiares, como derechos adquiridos que nunca debieron ser manipuladas ni usadas como herramientas de ajuste\u00bb.<\/p>\n<p>\u00abEl conflicto social se ve incrementado por la desidia de muchos funcionarios que se abrazan a la palabra del progresismo, pero no lo practican debidamente, por ejemplo cuando tienen que atender los reclamos de los trabajadores\u00bb, dijo D\u00edaz.<\/p>\n","protected":false},"excerpt":{"rendered":"<p>El secretario General de UDocBA, Miguel D\u00edaz, anunci\u00f3 que \u00abtodos los docentes bonaerenses realizar\u00e1n un paro de actividades este jueves 11 de octubre, sin concurrencia a sus lugares de trabajo, en demanda de reapertura de paritarias y 3900 pesos de salario b\u00e1sico inicial, aumento que es cada vez m\u00e1s urgente debido a la acelerada p\u00e9rdida del poder adquisitivo por una [&#8230;]<\/p>\n","protected":false},"author":4,"featured_media":0,"comment_status":"open","ping_status":"open","sticky":false,"template":"","format":"standard","meta":{"_jetpack_newsletter_access":"","_jetpack_dont_email_post_to_subs":false,"_jetpack_newsletter_tier_id":0,"_jetpack_memberships_contains_paywalled_content":false,"_jetpack_memberships_contains_paid_content":false,"footnotes":""},"categories":[1],"tags":[],"class_list":["post-1418","post","type-post","status-publish","format-standard","hentry","category-sociedad"],"jetpack_featured_media_url":"","jetpack_shortlink":"https:\/\/wp.me\/p2JWE0-mS","jetpack-related-posts":[{"id":53652,"url":"https:\/\/www.24baires.com\/?p=53652","url_meta":{"origin":1418,"position":0},"title":"M\u00e9dicos de Cicop y docentes de Udocba comienzan una semana de paros","author":"AF","date":"15\/09\/2014","format":false,"excerpt":"Los m\u00e9dicos enrolados en Cicop y los docentes de Udocba volver\u00e1n a complicar esta semana la atenci\u00f3n en hospitales y escuelas p\u00fablicas de la provincia ya que realizar\u00e1n nuevos paros para reclamar otra suba salarial antes de que finalice el a\u00f1o. La Uni\u00f3n de Docentes bonaerenses (Udocba), gremio minoritario del\u2026","rel":"","context":"En \u00abSociedad\u00bb","block_context":{"text":"Sociedad","link":"https:\/\/www.24baires.com\/?cat=1"},"img":{"alt_text":"udocba","src":"https:\/\/i0.wp.com\/www.24baires.com\/wp-content\/uploads\/2014\/08\/udocba.jpg?resize=350%2C200","width":350,"height":200,"srcset":"https:\/\/i0.wp.com\/www.24baires.com\/wp-content\/uploads\/2014\/08\/udocba.jpg?resize=350%2C200 1x, https:\/\/i0.wp.com\/www.24baires.com\/wp-content\/uploads\/2014\/08\/udocba.jpg?resize=525%2C300 1.5x"},"classes":[]},{"id":57050,"url":"https:\/\/www.24baires.com\/?p=57050","url_meta":{"origin":1418,"position":1},"title":"Ahora, son los docentes de Udocba quienes paran por 48 horas","author":"AF","date":"13\/11\/2014","format":false,"excerpt":"Docentes nucleados en Udocba comenzar\u00e1n este jueves un paro de 48 horas en reclamo de la reapertura de paritarias para este a\u00f1o. En este sentido, el secretario general del gremio, Miguel D\u00edaz sostuvo: \u201cNuestra medida de fuerza tiene que ver con la reapertura de paritarias ahora, no es que queremos\u2026","rel":"","context":"En \u00abSociedad\u00bb","block_context":{"text":"Sociedad","link":"https:\/\/www.24baires.com\/?cat=1"},"img":{"alt_text":"Udocba Diaz Miguel","src":"https:\/\/i0.wp.com\/www.24baires.com\/wp-content\/uploads\/2012\/10\/Udocba-Diaz-Miguel.jpg?resize=350%2C200","width":350,"height":200,"srcset":"https:\/\/i0.wp.com\/www.24baires.com\/wp-content\/uploads\/2012\/10\/Udocba-Diaz-Miguel.jpg?resize=350%2C200 1x, https:\/\/i0.wp.com\/www.24baires.com\/wp-content\/uploads\/2012\/10\/Udocba-Diaz-Miguel.jpg?resize=525%2C300 1.5x"},"classes":[]},{"id":33135,"url":"https:\/\/www.24baires.com\/?p=33135","url_meta":{"origin":1418,"position":2},"title":"Udocba, ATE, Cicop y Judiciales paran esta semana","author":"AF","date":"07\/10\/2013","format":false,"excerpt":"La Uni\u00f3n de Docentes bonaerenses (Udocba) retomar\u00e1 esta semana los paros en escuelas por 48 horas, mientras que el jueves har\u00e1n lo propio los estatales de ATE, m\u00e9dicos de Cicop y judiciales de la AJB en una medida conjunta para reclamar la reapertura de paritarias y una mayor inversi\u00f3n presupuestaria\u2026","rel":"","context":"En \u00abSociedad\u00bb","block_context":{"text":"Sociedad","link":"https:\/\/www.24baires.com\/?cat=1"},"img":{"alt_text":"estatales_udocba_marcha","src":"https:\/\/i0.wp.com\/www.24baires.com\/wp-content\/uploads\/2013\/03\/estatales_udocba_marcha.jpg?resize=350%2C200","width":350,"height":200,"srcset":"https:\/\/i0.wp.com\/www.24baires.com\/wp-content\/uploads\/2013\/03\/estatales_udocba_marcha.jpg?resize=350%2C200 1x, https:\/\/i0.wp.com\/www.24baires.com\/wp-content\/uploads\/2013\/03\/estatales_udocba_marcha.jpg?resize=525%2C300 1.5x"},"classes":[]},{"id":33246,"url":"https:\/\/www.24baires.com\/?p=33246","url_meta":{"origin":1418,"position":3},"title":"Paran hoy docentes de Udocba y ma\u00f1ana estatales, m\u00e9dicos y judiciales","author":"AF","date":"09\/10\/2013","format":false,"excerpt":"La Uni\u00f3n de Docentes bonaerenses (Udocba), un gremio moyanista y minoritario dentro del sector en el territorio, volver\u00e1 a parar este mi\u00e9rcoles y jueves, y en esa \u00faltima jornada de protesta coincidir\u00e1 con una huelga conjunta que llevar\u00e1n a cabo los estatales de ATE, los m\u00e9dicos de Cicop y los\u2026","rel":"","context":"En \u00abSociedad\u00bb","block_context":{"text":"Sociedad","link":"https:\/\/www.24baires.com\/?cat=1"},"img":{"alt_text":"estatales_udocba_marcha","src":"https:\/\/i0.wp.com\/www.24baires.com\/wp-content\/uploads\/2013\/03\/estatales_udocba_marcha.jpg?resize=350%2C200","width":350,"height":200,"srcset":"https:\/\/i0.wp.com\/www.24baires.com\/wp-content\/uploads\/2013\/03\/estatales_udocba_marcha.jpg?resize=350%2C200 1x, https:\/\/i0.wp.com\/www.24baires.com\/wp-content\/uploads\/2013\/03\/estatales_udocba_marcha.jpg?resize=525%2C300 1.5x"},"classes":[]},{"id":1669,"url":"https:\/\/www.24baires.com\/?p=1669","url_meta":{"origin":1418,"position":4},"title":"Docentes de UDOCBA paran reclamando aumento salarial","author":"AF","date":"11\/10\/2012","format":false,"excerpt":"El gremio que conduce Miguel D\u00edaz reclama al Gobierno de Scioli la reapertura de paritarias y 3.900 pesos de salario b\u00e1sico inicial. Ayer apoyaron la movilizaci\u00f3n a Plaza de Mayo, convocada por la CTA de Pablo Micheli, para pedir un incremento para los trabajadores. Miguel D\u00edaz, Secretario general de UDOCBA,\u2026","rel":"","context":"En \u00abSociedad\u00bb","block_context":{"text":"Sociedad","link":"https:\/\/www.24baires.com\/?cat=1"},"img":{"alt_text":"","src":"","width":0,"height":0},"classes":[]},{"id":55706,"url":"https:\/\/www.24baires.com\/?p=55706","url_meta":{"origin":1418,"position":5},"title":"Docentes de UDOCBA paran por 48 horas en reclamo por salarios","author":"GB","date":"20\/10\/2014","format":false,"excerpt":"Los maestros enrolados en la Uni\u00f3n Docentes de la provincia de Buenos Aires (Udocba) realizar\u00e1n desde ma\u00f1ana un paro por 48 horas en reclamo a que el gobierno provincial reabra la paritaria salarial. El titular de ese gremio, Miguel D\u00edaz explic\u00f3 que reclaman la reapertura de la paritaria salarial \u201cpara\u2026","rel":"","context":"En \u00abProvincia\u00bb","block_context":{"text":"Provincia","link":"https:\/\/www.24baires.com\/?cat=40"},"img":{"alt_text":"udocba","src":"https:\/\/i0.wp.com\/www.24baires.com\/wp-content\/uploads\/2014\/08\/udocba.jpg?resize=350%2C200","width":350,"height":200,"srcset":"https:\/\/i0.wp.com\/www.24baires.com\/wp-content\/uploads\/2014\/08\/udocba.jpg?resize=350%2C200 1x, https:\/\/i0.wp.com\/www.24baires.com\/wp-content\/uploads\/2014\/08\/udocba.jpg?resize=525%2C300 1.5x"},"classes":[]}],"jetpack_sharing_enabled":true,"jetpack_likes_enabled":true,"_links":{"self":[{"href":"https:\/\/www.24baires.com\/index.php?rest_route=\/wp\/v2\/posts\/1418","targetHints":{"allow":["GET"]}}],"collection":[{"href":"https:\/\/www.24baires.com\/index.php?rest_route=\/wp\/v2\/posts"}],"about":[{"href":"https:\/\/www.24baires.com\/index.php?rest_route=\/wp\/v2\/types\/post"}],"author":[{"embeddable":true,"href":"https:\/\/www.24baires.com\/index.php?rest_route=\/wp\/v2\/users\/4"}],"replies":[{"embeddable":true,"href":"https:\/\/www.24baires.com\/index.php?rest_route=%2Fwp%2Fv2%2Fcomments&post=1418"}],"version-history":[{"count":0,"href":"https:\/\/www.24baires.com\/index.php?rest_route=\/wp\/v2\/posts\/1418\/revisions"}],"wp:attachment":[{"href":"https:\/\/www.24baires.com\/index.php?rest_route=%2Fwp%2Fv2%2Fmedia&parent=1418"}],"wp:term":[{"taxonomy":"category","embeddable":true,"href":"https:\/\/www.24baires.com\/index.php?rest_route=%2Fwp%2Fv2%2Fcategories&post=1418"},{"taxonomy":"post_tag","embeddable":true,"href":"https:\/\/www.24baires.com\/index.php?rest_route=%2Fwp%2Fv2%2Ftags&post=1418"}],"curies":[{"name":"wp","href":"https:\/\/api.w.org\/{rel}","templated":true}]}}