{"id":14178,"date":"2013-01-31T18:58:58","date_gmt":"2013-01-31T21:58:58","guid":{"rendered":"http:\/\/www.24baires.com\/?p=14178"},"modified":"2013-02-01T12:21:38","modified_gmt":"2013-02-01T15:21:38","slug":"fiesta-popular-en-plaza-de-mayo-por-el-bicentenario-de-la-asamblea-del-ano-xiii","status":"publish","type":"post","link":"https:\/\/www.24baires.com\/?p=14178","title":{"rendered":"Fiesta Popular en Plaza de Mayo por el Bicentenario de la Asamblea del a\u00f1o XIII"},"content":{"rendered":"<p><img data-recalc-dims=\"1\" loading=\"lazy\" decoding=\"async\" class=\"aligncenter size-full wp-image-14179\" alt=\"Festival_asamblea a\u00f1o 13\" src=\"https:\/\/i0.wp.com\/www.24baires.com\/wp-content\/uploads\/2013\/01\/Festival_asamblea-a%C3%B1o-13.jpg?resize=560%2C371\" width=\"560\" height=\"371\" srcset=\"https:\/\/i0.wp.com\/www.24baires.com\/wp-content\/uploads\/2013\/01\/Festival_asamblea-a%C3%B1o-13.jpg?w=560&amp;ssl=1 560w, https:\/\/i0.wp.com\/www.24baires.com\/wp-content\/uploads\/2013\/01\/Festival_asamblea-a%C3%B1o-13.jpg?resize=300%2C198&amp;ssl=1 300w\" sizes=\"auto, (max-width: 560px) 100vw, 560px\" \/><\/p>\n<p>Los 200 a\u00f1os de la Asamblea del A\u00f1o XIII, que dict\u00f3 la Libertad de Vientres y encamin\u00f3 la definitiva abolici\u00f3n de la esclavitud, entre otras medidas emancipadoras, fueron celebrados este jueves con una fiesta popular organizada por el Gobierno nacional.<!--more--><\/p>\n<p>En ese marco, desde muy temprano comenzaron a armarse los stands con proclamas de la Asamblea, como \u00abla creaci\u00f3n del Escudo Nacional y el Himno Argentino\u00bb, en el que un colectivo de muralistas de Tres de Febrero pint\u00f3 un mural con el escudo, rodeado por las figuras de la Libertad y el Pueblo en otro.<\/p>\n<p>En los gazebos tem\u00e1ticos, entre los que tambi\u00e9n se destacan \u00abla declaraci\u00f3n de la libertad vientre para todos los hijos de esclavas nacidos a partir de ese momento, el reconocimiento a los pueblos ind\u00edgenas, como `libres e iguales en derechos`\u00bb, hay expresiones art\u00edsticas que acompa\u00f1an la informaci\u00f3n de la folleter\u00eda distribuida.<\/p>\n<p>En la Plaza tambi\u00e9n se pueden ver banderas de las agrupaciones que componen el espacio Unidos y Organizados, como La C\u00e1mpora, el Movimiento Evita, Nuevo Encuentro, La Tupac, MILES, Kolina, y la JP Descamisados, entre otras, cuyos militantes ya comenzaron a concentrar con c\u00e1nticos y consignas.<\/p>\n<p>Cecilia, de 19 a\u00f1os, militante de Nuevo Encuentro de La Matanza, junto con sus amigas y compa\u00f1eras, Lara y Fernanda, de 19 y 23 a\u00f1os, en di\u00e1logo con T\u00e9lam, se\u00f1al\u00f3 que \u00abesta fecha estaba invisibilizada, y si comparamos el festejo de las fechas patrias antes y ahora, vemos que en los \u00faltimos tiempos, son motivo de festejo y eso es porque N\u00e9stor (Kirchner) y Cristina (Fern\u00e1ndez de Kirchner) nos devolvieron la noci\u00f3n de patria, sobre todo a los j\u00f3venes como nosotras\u00bb.<\/p>\n<p>Por otra parte Jorge de Montegrande, que hab\u00eda llegado hac\u00eda una hora con su familia, se dispon\u00eda a ir al escenario de Paka Paka junto con sus hijos, que ped\u00edan el show de Zamba, y se\u00f1al\u00f3 que \u00abes una forma de disfrutar espect\u00e1culos en familia y conmemorar fechas importantes y decisivas para nuestro pueblo\u00bb.<\/p>\n<p>Silvina, de 45 a\u00f1os, llegada desde Moreno, expres\u00f3 que \u00abeste feriado \u00fanico es la posibilidad de resaltar un hecho importante como la abolici\u00f3n de la esclavitud, que nunca vimos en el colegio, y lo que quiero resaltar es que vinimos a festejar d\u00edas olvidados\u00bb.<\/p>\n<p>Rodeando la Plaza, est\u00e1n los escenarios en los que se aguarda las presentaciones de bandas musicales, y tambi\u00e9n otros stands en los que se destacan \u00abla acu\u00f1aci\u00f3n de la moneda nacional, la eliminaci\u00f3n de los t\u00edtulos de nobleza, y la abolici\u00f3n de la inquisici\u00f3n y la tortura, como el primer acto en nuestra historia que define a los hombres y mujeres en igualdad de trato y la acci\u00f3n institucional de la poner fin al abuso de poder\u00bb.<\/p>\n<p>A las 20.30 actuar\u00e1 la murga uruguaya Agarrate Catalina y a las 21.30 comenzar\u00e1 el recital de Rub\u00e9n Rada, con videos y candome.<\/p>\n<p>A las 22.30 se presentar\u00e1 el grupo Nompalidece y el espect\u00e1culo se cerrar\u00e1 con una Llamada en el escenario de los artistas que luego bajar\u00e1n e ir\u00e1n bailando por la Avenida de Mayo.<\/p>\n<p>Durante toda la jornada se pod\u00edan visitar siete stands armados en semic\u00edrculo alrededor de la Pir\u00e1mide en la Plaza de Mayo, que representaron, cada uno, los principales hitos de la Asamblea del A\u00f1o XIII.<\/p>\n<p>Durante esa asamblea, realizada el 31 de enero de 1813, se dict\u00f3 la Ley de Libertad de Vientres, mediante la cual se declararon libres los hijos de los esclavos nacidos en territorio de las Provincias Unidas desde esa fecha. La esclavitud se aboli\u00f3 definitivamente con la Constituci\u00f3n de 1853 en casi todas las provincias, y en 1861 en la provincia de Buenos Aires.<\/p>\n<p>&nbsp;<\/p>\n<p>&nbsp;<\/p>\n<p>&nbsp;<\/p>\n<p>&nbsp;<\/p>\n<p>&nbsp;<\/p>\n<p>&nbsp;<\/p>\n<p>&nbsp;<\/p>\n<p>&nbsp;<\/p>\n<p>&nbsp;<\/p>\n","protected":false},"excerpt":{"rendered":"<p>Los 200 a\u00f1os de la Asamblea del A\u00f1o XIII, que dict\u00f3 la Libertad de Vientres y encamin\u00f3 la definitiva abolici\u00f3n de la esclavitud, entre otras medidas emancipadoras, fueron celebrados este jueves con una fiesta popular organizada por el Gobierno nacional.<\/p>\n","protected":false},"author":11,"featured_media":0,"comment_status":"open","ping_status":"open","sticky":false,"template":"","format":"standard","meta":{"_jetpack_newsletter_access":"","_jetpack_dont_email_post_to_subs":false,"_jetpack_newsletter_tier_id":0,"_jetpack_memberships_contains_paywalled_content":false,"_jetpack_memberships_contains_paid_content":false,"footnotes":""},"categories":[1],"tags":[],"class_list":["post-14178","post","type-post","status-publish","format-standard","hentry","category-sociedad"],"jetpack_featured_media_url":"","jetpack_shortlink":"https:\/\/wp.me\/p2JWE0-3GG","jetpack-related-posts":[{"id":14034,"url":"https:\/\/www.24baires.com\/?p=14034","url_meta":{"origin":14178,"position":0},"title":"El feriado \u00fanico del 31 de enero recuerda el 200\u00ba aniversario de la Asamblea del a\u00f1o 13","author":"AF","date":"30\/01\/2013","format":false,"excerpt":"El hecho, tambi\u00e9n conocido como la Asamblea General Constituyente del A\u00f1o 1813, fue convocado por el Segundo Triunvirato, que hab\u00eda accedido al poder en octubre de 1812. El jueves se conmemor\u00e1n 200 a\u00f1os. Ma\u00f1ana jueves 31 ser\u00e1 feriado por \u00fanica vez en conmemoraci\u00f3n del bicentenario de la Asamblea General Constituyente\u2026","rel":"","context":"En \u00abSociedad\u00bb","block_context":{"text":"Sociedad","link":"https:\/\/www.24baires.com\/?cat=1"},"img":{"alt_text":"","src":"","width":0,"height":0},"classes":[]},{"id":14091,"url":"https:\/\/www.24baires.com\/?p=14091","url_meta":{"origin":14178,"position":1},"title":"De la Asamblea del A\u00f1o XIII al proyecto argentino que conduce Cristina Fern\u00e1ndez de Kirchner","author":"Grupo Sierra","date":"30\/01\/2013","format":false,"excerpt":"(Por Juli\u00e1n Dom\u00ednguez *) \u00a0Hoy los argentinos conmemoramos el bicentenario de la Asamblea del a\u00f1o XIII, la primera experiencia legislativa de nuestra historia. Las ideas que en ella se debatieron y las normas que all\u00ed surgieron configuran uno de los cimientos de nuestra identidad nacional. La Asamblea consigui\u00f3 establecer una\u2026","rel":"","context":"En \u00abOpini\u00f3n\u00bb","block_context":{"text":"Opini\u00f3n","link":"https:\/\/www.24baires.com\/?cat=64"},"img":{"alt_text":"dominguez julian","src":"https:\/\/i0.wp.com\/www.24baires.com\/wp-content\/uploads\/2012\/09\/dominguez-julian.jpg?resize=350%2C200","width":350,"height":200,"srcset":"https:\/\/i0.wp.com\/www.24baires.com\/wp-content\/uploads\/2012\/09\/dominguez-julian.jpg?resize=350%2C200 1x, https:\/\/i0.wp.com\/www.24baires.com\/wp-content\/uploads\/2012\/09\/dominguez-julian.jpg?resize=525%2C300 1.5x"},"classes":[]},{"id":12122,"url":"https:\/\/www.24baires.com\/?p=12122","url_meta":{"origin":14178,"position":2},"title":"El 31 de enero ser\u00e1 feriado por \u00fanica vez por \u201cLa Asamblea del a\u00f1o 13\u201d","author":"Grupo Sierra","date":"14\/01\/2013","format":false,"excerpt":"El 31 de enero de este a\u00f1o ser\u00e1 feriado por \u00fanica vez en conmemoraci\u00f3n del bicentenario de la Asamblea General Constituyente de 1813, conocida como \"Asamblea del a\u00f1o 13\".\u00a0La ley que\u00a0estableci\u00f3\u00a0el feriado fue sancionada por el Congreso de la Naci\u00f3n en diciembre de 2012 y publicada hoy en el Bolet\u00edn\u2026","rel":"","context":"En \u00abSociedad\u00bb","block_context":{"text":"Sociedad","link":"https:\/\/www.24baires.com\/?cat=1"},"img":{"alt_text":"","src":"","width":0,"height":0},"classes":[]},{"id":26888,"url":"https:\/\/www.24baires.com\/?p=26888","url_meta":{"origin":14178,"position":3},"title":"Cristina: \u00abSer legislador no es integrar un rejunte para ganar una elecci\u00f3n\u00bb","author":"Grupo Sierra","date":"25\/06\/2013","format":false,"excerpt":"La Presidenta particip\u00f3 esta tarde del acto central por el bicentenario de la fundaci\u00f3n de la capital de Entre R\u00edos, firm\u00f3 convenios y entreg\u00f3 certificados de programas nacionales. \u00a0 Cristina Fern\u00e1ndez de Kirchner consider\u00f3 que \u201ccuando s\u00e9 es legislador se acompa\u00f1a un proyecto de Gobierno\", porque \"ser legislador no es\u2026","rel":"","context":"En \u00abPol\u00edtica\u00bb","block_context":{"text":"Pol\u00edtica","link":"https:\/\/www.24baires.com\/?cat=51"},"img":{"alt_text":"cristina_parana6_73668","src":"https:\/\/i0.wp.com\/www.24baires.com\/wp-content\/uploads\/2013\/06\/cristina_parana6_73668.jpg?resize=350%2C200","width":350,"height":200,"srcset":"https:\/\/i0.wp.com\/www.24baires.com\/wp-content\/uploads\/2013\/06\/cristina_parana6_73668.jpg?resize=350%2C200 1x, https:\/\/i0.wp.com\/www.24baires.com\/wp-content\/uploads\/2013\/06\/cristina_parana6_73668.jpg?resize=525%2C300 1.5x"},"classes":[]},{"id":796,"url":"https:\/\/www.24baires.com\/?p=796","url_meta":{"origin":14178,"position":4},"title":"Alejandro Lerner hizo cantar a La Matanza","author":"Grupo Sierra","date":"01\/10\/2012","format":false,"excerpt":"El reconocido cantautor brind\u00f3 un recital gratuito, ante 25.000 personas, en el marco del cierre de la 5ta. Edici\u00f3n de la Feria del Libro, que \u201cmarca una revoluci\u00f3n cultural de lo que se vive en la Argentina y aqu\u00ed tambi\u00e9n en La Matanza\u201d, afirm\u00f3 Fernando Espinoza. En su primera visita\u2026","rel":"","context":"En \u00abLocales\u00bb","block_context":{"text":"Locales","link":"https:\/\/www.24baires.com\/?cat=38"},"img":{"alt_text":"","src":"https:\/\/i0.wp.com\/www.24baires.com\/wp-content\/uploads\/2012\/10\/lerner-espinoza.jpg?resize=350%2C200","width":350,"height":200,"srcset":"https:\/\/i0.wp.com\/www.24baires.com\/wp-content\/uploads\/2012\/10\/lerner-espinoza.jpg?resize=350%2C200 1x, https:\/\/i0.wp.com\/www.24baires.com\/wp-content\/uploads\/2012\/10\/lerner-espinoza.jpg?resize=525%2C300 1.5x"},"classes":[]},{"id":108059,"url":"https:\/\/www.24baires.com\/?p=108059","url_meta":{"origin":14178,"position":5},"title":"Barker se paraliza a ra\u00edz de la \u00abreducci\u00f3n de empleados\u00bb que anticip\u00f3 Loma Negra","author":"AF","date":"09\/05\/2019","format":false,"excerpt":"En una protesta sin antecedentes, la peque\u00f1a localidad de Barker, en el partido bonaerense de Benito Ju\u00e1rez, resolvi\u00f3 ayer en una asamblea vecinal paralizar comercios y escuelas este viernes con el fin de visibilizar el impacto que tendr\u00eda el cierre de la planta que la cementera Loma Negra tiene en\u2026","rel":"","context":"En \u00abSociedad\u00bb","block_context":{"text":"Sociedad","link":"https:\/\/www.24baires.com\/?cat=1"},"img":{"alt_text":"","src":"https:\/\/i0.wp.com\/www.24baires.com\/wp-content\/uploads\/2019\/05\/loma-negra.jpg?resize=350%2C200","width":350,"height":200,"srcset":"https:\/\/i0.wp.com\/www.24baires.com\/wp-content\/uploads\/2019\/05\/loma-negra.jpg?resize=350%2C200 1x, https:\/\/i0.wp.com\/www.24baires.com\/wp-content\/uploads\/2019\/05\/loma-negra.jpg?resize=525%2C300 1.5x"},"classes":[]}],"jetpack_sharing_enabled":true,"jetpack_likes_enabled":true,"_links":{"self":[{"href":"https:\/\/www.24baires.com\/index.php?rest_route=\/wp\/v2\/posts\/14178","targetHints":{"allow":["GET"]}}],"collection":[{"href":"https:\/\/www.24baires.com\/index.php?rest_route=\/wp\/v2\/posts"}],"about":[{"href":"https:\/\/www.24baires.com\/index.php?rest_route=\/wp\/v2\/types\/post"}],"author":[{"embeddable":true,"href":"https:\/\/www.24baires.com\/index.php?rest_route=\/wp\/v2\/users\/11"}],"replies":[{"embeddable":true,"href":"https:\/\/www.24baires.com\/index.php?rest_route=%2Fwp%2Fv2%2Fcomments&post=14178"}],"version-history":[{"count":3,"href":"https:\/\/www.24baires.com\/index.php?rest_route=\/wp\/v2\/posts\/14178\/revisions"}],"predecessor-version":[{"id":14260,"href":"https:\/\/www.24baires.com\/index.php?rest_route=\/wp\/v2\/posts\/14178\/revisions\/14260"}],"wp:attachment":[{"href":"https:\/\/www.24baires.com\/index.php?rest_route=%2Fwp%2Fv2%2Fmedia&parent=14178"}],"wp:term":[{"taxonomy":"category","embeddable":true,"href":"https:\/\/www.24baires.com\/index.php?rest_route=%2Fwp%2Fv2%2Fcategories&post=14178"},{"taxonomy":"post_tag","embeddable":true,"href":"https:\/\/www.24baires.com\/index.php?rest_route=%2Fwp%2Fv2%2Ftags&post=14178"}],"curies":[{"name":"wp","href":"https:\/\/api.w.org\/{rel}","templated":true}]}}